{"id":683989,"date":"2023-03-09T23:34:00","date_gmt":"2023-03-09T22:34:00","guid":{"rendered":"https:\/\/dailynewshungary.com\/it\/condanna-dellattivista-di-destra-ungherese-terrorista-ridotta-da-17-a-6-anni-2\/"},"modified":"2023-03-09T23:34:00","modified_gmt":"2023-03-09T22:34:00","slug":"condanna-dellattivista-di-destra-ungherese-terrorista-ridotta-da-17-a-6-anni-2","status":"publish","type":"post","link":"https:\/\/dailynewshungary.com\/it\/condanna-dellattivista-di-destra-ungherese-terrorista-ridotta-da-17-a-6-anni-2\/","title":{"rendered":"Condanna dell\u2019attivista di destra ungherese, terrorista ridotta da 17 a 6 anni"},"content":{"rendered":"<p><strong>La corte d&#8217;appello di Budapest, in qualit\u00e0 di tribunale di secondo grado, gioved\u00ec ha ridotto la pena detentiva dell&#8217;attivista di destra Gy\u00f6rgy Budah\u00e1zy, condannato per terrorismo e altri crimini, da 17 a sei anni.<\/strong><\/p>\n<p>Ad altri due imputati \u00e8 stata pronunciata una pena ridotta a cinque anni e mezzo, mentre le condanne di altri quattro imputati sono state ridotte a cinque anni e la pena da uno a due anni. Il tribunale ha ordinato che gli imputati iniziassero a scontare la pena senza indugio.<\/p>\n<ul>\n<li>Leggi anche: <a href=\"https:\/\/dailynewshungary.com\/it\/orban-non-si-sa-cosa-accadra-alle-relazioni-russo-ungheresi-leuropa-viene-ridisegnata-2\/\">Orb\u00e1n: Non si sa cosa accadr\u00e0 alle relazioni russo-ungheresi, l\u2019Europa viene ridisegnata<\/a><\/li>\n<\/ul>\n<p>Secondo le accuse, Budah\u00e1zy ha creato un&#8217;organizzazione terroristica chiamata Ungherese Arrows per compiere attacchi contro i legislatori dell&#8217;allora alleanza socialista-democratica libera al potere tra il 2007 e il 2009. Budah\u00e1zy e i suoi complici sono stati anche accusati di aver lanciato bombe molotov nelle case di Politici socialisti e democratici liberi e sedi dei loro partiti, nonch\u00e9 bombe molotov nei bar e nei punti vendita gay, come una biglietteria nel 13\u00b0 distretto di Budapest.<\/p>\n<p>Nell&#8217;estate del 2016 il tribunale municipale di Budapest ha condannato Budahazy a 13 anni di carcere Dei 17 imputati, 15 sono stati condannati tra i 5 e i 13 anni di carcere ciascuno per attivit\u00e0 terroristica Lo scorso marzo, nel nuovo processo del caso archiviato nel 2018, il tribunale municipale di Budapest <a href=\"https:\/\/dailynewshungary.com\/it\/violazione-beakyar-betrai-ungherese-condannato-a-17-anni-per-attivita-terroristiche\/\">condannato Budah\u00e1zy a 17 anni di carcere<\/a>. Altri cinque complici sono stati condannati a pene detentive superiori a dieci anni e altri a circa cinque anni.<\/p>\n<p>A dicembre Katalin Nov\u00e1k, presidente dell&#8217;Ungheria, <a href=\"https:\/\/dailynewshungary.com\/it\/il-presidente-novak-grazia-sette-imputati-nel-caso-dellattivista-di-destra-budahazy-2\/\">concesso il perdono<\/a> a sette dei 17 imputati nel caso.<\/p>\n","protected":false},"excerpt":{"rendered":"<p>La corte d&#8217;appello di Budapest, in qualit\u00e0 di tribunale di secondo grado, gioved\u00ec ha ridotto la pena detentiva dell&#8217;attivista di destra Gy\u00f6rgy Budah\u00e1zy, condannato per terrorismo e altri crimini, da 17 a sei anni. Ad altri due imputati \u00e8 stata pronunciata una pena ridotta a cinque anni e mezzo, mentre le condanne di altri quattro [&hellip;]<\/p>\n","protected":false},"author":33,"featured_media":683990,"comment_status":"open","ping_status":"open","sticky":false,"template":"","format":"standard","meta":{"_display_image":"","footnotes":""},"categories":[1207],"tags":[1206,1193,1069],"class_list":["post-683989","post","type-post","status-publish","format-standard","has-post-thumbnail","hentry","category-societa-in-ungheria","tag-corte","tag-terrorismo","tag-ungheria"],"blocksy_meta":[],"author_username":"ugyelet","telegram_post":"","public_post_metadata":{"breaking_news":"","important":"","csempe":"","center_tile":"","disable_thumbnail":"","target_lang":"","_featured_image_style":"","telegram_post":"","_xlat_group_id":""},"public_rank_math_data":{"title":"%titolo% %sep% %nomesito%","description":"Il tribunale di Budapest ha ridotto la pena detentiva dell'attivista di destra Budah\u00e1zy, condannato per terrorismo e altri crimini, da 17 a 6 anni.","focus_keyword":"","canonical_url":"","robots":"","primary_category":"1207","breadcrumb_title":"","facebook_title":"","facebook_description":"","facebook_image":"","facebook_image_id":"","twitter_title":"","twitter_description":"","twitter_image":"","twitter_image_id":"","twitter_card_type":"","twitter_use_facebook":"","advanced_robots":"","pillar_content":"","seo_score":"","contentai_score":"","rich_snippet":""},"_links":{"self":[{"href":"https:\/\/dailynewshungary.com\/it\/wp-json\/wp\/v2\/posts\/683989","targetHints":{"allow":["GET"]}}],"collection":[{"href":"https:\/\/dailynewshungary.com\/it\/wp-json\/wp\/v2\/posts"}],"about":[{"href":"https:\/\/dailynewshungary.com\/it\/wp-json\/wp\/v2\/types\/post"}],"author":[{"embeddable":true,"href":"https:\/\/dailynewshungary.com\/it\/wp-json\/wp\/v2\/users\/33"}],"replies":[{"embeddable":true,"href":"https:\/\/dailynewshungary.com\/it\/wp-json\/wp\/v2\/comments?post=683989"}],"version-history":[{"count":0,"href":"https:\/\/dailynewshungary.com\/it\/wp-json\/wp\/v2\/posts\/683989\/revisions"}],"wp:featuredmedia":[{"embeddable":true,"href":"https:\/\/dailynewshungary.com\/it\/wp-json\/wp\/v2\/media\/683990"}],"wp:attachment":[{"href":"https:\/\/dailynewshungary.com\/it\/wp-json\/wp\/v2\/media?parent=683989"}],"wp:term":[{"taxonomy":"category","embeddable":true,"href":"https:\/\/dailynewshungary.com\/it\/wp-json\/wp\/v2\/categories?post=683989"},{"taxonomy":"post_tag","embeddable":true,"href":"https:\/\/dailynewshungary.com\/it\/wp-json\/wp\/v2\/tags?post=683989"}],"curies":[{"name":"wp","href":"https:\/\/api.w.org\/{rel}","templated":true}]}}