{"id":684306,"date":"2023-03-01T07:34:15","date_gmt":"2023-03-01T06:34:15","guid":{"rendered":"https:\/\/dailynewshungary.com\/it\/le-poste-ungheresi-incendiano-piu-di-1-000-persone-2\/"},"modified":"2023-03-01T07:34:15","modified_gmt":"2023-03-01T06:34:15","slug":"le-poste-ungheresi-incendiano-piu-di-1-000-persone-2","status":"publish","type":"post","link":"https:\/\/dailynewshungary.com\/it\/le-poste-ungheresi-incendiano-piu-di-1-000-persone-2\/","title":{"rendered":"Le Poste Ungheresi incendiano pi\u00f9 di 1.000 persone"},"content":{"rendered":"<p><strong>Magyar Posta, di propriet\u00e0 statale, licenzier\u00e0 1.200 dei suoi dipendenti, ha detto marted\u00ec la societ\u00e0 a MTI.<\/strong><\/p>\n<p>La societ\u00e0 ha affermato che il suo management \u00e8 stato costretto a prendere la decisione di preservare l&#8217;attivit\u00e0 stabile della societ\u00e0 nell&#8217;attuale situazione economica colpita dalle sanzioni\u201d.<\/p>\n<p>La decisione non influir\u00e0 sul livello di servizio di Magyar Posta, ha aggiunto.<\/p>\n<p>Magyar Posta (ufficio postale ungherese) ha dichiarato all&#8217;inizio di questo mese di aver deciso di chiudere definitivamente pi\u00f9 di 300 uffici postali.<\/p>\n<p><a class=\"dnh-embed-link\" href=\"https:\/\/dailynewshungary.com\/it\/servizi-wizzair-stop-moldova-2\/\"><\/a><\/p>\n<p><a class=\"dnh-embed-link\" href=\"https:\/\/dailynewshungary.com\/it\/servizi-wizzair-stop-moldova-2\/\"><\/p>\n<div class=\"dnh-embed\">\n<div class=\"dnh-embed-thumb\"><img loading=\"lazy\" decoding=\"async\" width=\"296\" height=\"222\" src=\"https:\/\/contentf5.dailynewshungary.com\/wp-content\/uploads\/2023\/02\/moldova-296x222.jpg\" class=\"attachment-embed_thumbnail size-embed_thumbnail wp-post-image\" alt=\"integrazione della Moldavia Moldova nell'UE\" srcset=\"https:\/\/contentf5.dailynewshungary.com\/wp-content\/uploads\/2023\/02\/moldova-296x222.jpg 296w, https:\/\/contentf5.dailynewshungary.com\/wp-content\/uploads\/2023\/02\/moldova-768x576.jpg 768w, https:\/\/contentf5.dailynewshungary.com\/wp-content\/uploads\/2023\/02\/moldova-248x186.jpg 248w, https:\/\/contentf5.dailynewshungary.com\/wp-content\/uploads\/2023\/02\/moldova-1030x773.jpg 1030w, https:\/\/contentf5.dailynewshungary.com\/wp-content\/uploads\/2023\/02\/moldova-195x146.jpg 195w, https:\/\/contentf5.dailynewshungary.com\/wp-content\/uploads\/2023\/02\/moldova-50x38.jpg 50w, https:\/\/contentf5.dailynewshungary.com\/wp-content\/uploads\/2023\/02\/moldova-100x75.jpg 100w, https:\/\/contentf5.dailynewshungary.com\/wp-content\/uploads\/2023\/02\/moldova-960x720.jpg 960w, https:\/\/contentf5.dailynewshungary.com\/wp-content\/uploads\/2023\/02\/moldova.jpg 1280w\" sizes=\"auto, (max-width: 296px) 100vw, 296px\"><\/div>\n<h5 class=\"dnh-embed-title\"><span>Leggi anche<\/span>Servizi WizzAir stop Moldova<\/h5>\n<\/div>\n<p><\/a><\/p>\n<p><a class=\"dnh-embed-link\" href=\"https:\/\/dailynewshungary.com\/it\/servizi-wizzair-stop-moldova-2\/\"><\/a><\/p>\n","protected":false},"excerpt":{"rendered":"<p>Magyar Posta, di propriet\u00e0 statale, licenzier\u00e0 1.200 dei suoi dipendenti, ha detto marted\u00ec la societ\u00e0 a MTI. La societ\u00e0 ha affermato che il suo management \u00e8 stato costretto a prendere la decisione di preservare l&#8217;attivit\u00e0 stabile della societ\u00e0 nell&#8217;attuale situazione economica colpita dalle sanzioni\u201d. La decisione non influir\u00e0 sul livello di servizio di Magyar Posta, [&hellip;]<\/p>\n","protected":false},"author":33,"featured_media":684307,"comment_status":"open","ping_status":"open","sticky":false,"template":"","format":"standard","meta":{"_display_image":"yes","footnotes":""},"categories":[1190],"tags":[1069],"class_list":["post-684306","post","type-post","status-publish","format-standard","has-post-thumbnail","hentry","category-notizie-flash","tag-ungheria"],"blocksy_meta":[],"author_username":"ugyelet","telegram_post":"","public_post_metadata":{"breaking_news":"","important":"","csempe":"","center_tile":"","disable_thumbnail":"","target_lang":"","_featured_image_style":"hidden","telegram_post":"","_xlat_group_id":""},"public_rank_math_data":{"title":"%titolo% %sep% %nomesito%","description":"","focus_keyword":"","canonical_url":"","robots":"","primary_category":"1190","breadcrumb_title":"","facebook_title":"","facebook_description":"","facebook_image":"","facebook_image_id":"","twitter_title":"","twitter_description":"","twitter_image":"","twitter_image_id":"","twitter_card_type":"","twitter_use_facebook":"","advanced_robots":"","pillar_content":"","seo_score":"57","contentai_score":"","rich_snippet":""},"_links":{"self":[{"href":"https:\/\/dailynewshungary.com\/it\/wp-json\/wp\/v2\/posts\/684306","targetHints":{"allow":["GET"]}}],"collection":[{"href":"https:\/\/dailynewshungary.com\/it\/wp-json\/wp\/v2\/posts"}],"about":[{"href":"https:\/\/dailynewshungary.com\/it\/wp-json\/wp\/v2\/types\/post"}],"author":[{"embeddable":true,"href":"https:\/\/dailynewshungary.com\/it\/wp-json\/wp\/v2\/users\/33"}],"replies":[{"embeddable":true,"href":"https:\/\/dailynewshungary.com\/it\/wp-json\/wp\/v2\/comments?post=684306"}],"version-history":[{"count":0,"href":"https:\/\/dailynewshungary.com\/it\/wp-json\/wp\/v2\/posts\/684306\/revisions"}],"wp:featuredmedia":[{"embeddable":true,"href":"https:\/\/dailynewshungary.com\/it\/wp-json\/wp\/v2\/media\/684307"}],"wp:attachment":[{"href":"https:\/\/dailynewshungary.com\/it\/wp-json\/wp\/v2\/media?parent=684306"}],"wp:term":[{"taxonomy":"category","embeddable":true,"href":"https:\/\/dailynewshungary.com\/it\/wp-json\/wp\/v2\/categories?post=684306"},{"taxonomy":"post_tag","embeddable":true,"href":"https:\/\/dailynewshungary.com\/it\/wp-json\/wp\/v2\/tags?post=684306"}],"curies":[{"name":"wp","href":"https:\/\/api.w.org\/{rel}","templated":true}]}}