{"id":684515,"date":"2023-02-23T20:55:02","date_gmt":"2023-02-23T19:55:02","guid":{"rendered":"https:\/\/dailynewshungary.com\/it\/organizzazione-globale-che-si-trasferisce-nella-capitale-ungherese-2\/"},"modified":"2023-02-23T20:55:02","modified_gmt":"2023-02-23T19:55:02","slug":"organizzazione-globale-che-si-trasferisce-nella-capitale-ungherese-2","status":"publish","type":"post","link":"https:\/\/dailynewshungary.com\/it\/organizzazione-globale-che-si-trasferisce-nella-capitale-ungherese-2\/","title":{"rendered":"Organizzazione globale che si trasferisce nella capitale ungherese"},"content":{"rendered":"<p><strong>Il Programma alimentare mondiale delle Nazioni Unite che trasferir\u00e0 il suo centro finanziario a Budapest contribuir\u00e0 anche agli sforzi volti a mantenere catene di approvvigionamento alimentare sicure ed eliminare la carestia nel mondo, ha affermato gioved\u00ec il ministro dell&#8217;Agricoltura in una dichiarazione.<\/strong><\/p>\n<p>Istv\u00e1n Nagy ha definito il WFP la pi\u00f9 grande organizzazione multilaterale di aiuto alimentare al mondo, con 5.600 camion, 100 aerei e 30 navi che consegnano costantemente cibo alle persone inflitte da guerre o disastri naturali, nonch\u00e9 a quelle colpite dal cambiamento climatico.<\/p>\n<p>Gli obiettivi del WFP sono \u201cgli stessi del governo ungherese\u201d, ha detto il ministro, aggiungendo che il programma mira a fornire aiuto ai rifugiati vicini a casa loro o in un paese vicino per facilitare loro un ritorno anticipato. Gli aiuti forniti sono determinanti per impedire ai destinatari di lasciare la propria patria, ha aggiunto.<\/p>\n<p>La nuova struttura dar\u00e0 lavoro a 81 persone, l&#8217;85% delle quali sono esperti ungheresi, a partire dall&#8217;autunno di quest&#8217;anno.<\/p>\n<p><a class=\"dnh-embed-link\" href=\"https:\/\/dailynewshungary.com\/it\/apre-scuola-turca-a-budapest-2\/\"><\/p>\n<div class=\"dnh-embed\">\n<div class=\"dnh-embed-thumb\"><img loading=\"lazy\" decoding=\"async\" width=\"296\" height=\"222\" src=\"https:\/\/contentf5.dailynewshungary.com\/wp-content\/uploads\/2023\/02\/Maarif-International-School-in-Hungary-1-296x222.jpg\" class=\"attachment-embed_thumbnail size-embed_thumbnail wp-post-image\" alt=\"Scuola Internazionale Maarif in Ungheria (1)\" srcset=\"https:\/\/contentf5.dailynewshungary.com\/wp-content\/uploads\/2023\/02\/Maarif-International-School-in-Hungary-1-296x222.jpg 296w, https:\/\/contentf5.dailynewshungary.com\/wp-content\/uploads\/2023\/02\/Maarif-International-School-in-Hungary-1-768x576.jpg 768w, https:\/\/contentf5.dailynewshungary.com\/wp-content\/uploads\/2023\/02\/Maarif-International-School-in-Hungary-1-248x186.jpg 248w, https:\/\/contentf5.dailynewshungary.com\/wp-content\/uploads\/2023\/02\/Maarif-International-School-in-Hungary-1-1030x773.jpg 1030w, https:\/\/contentf5.dailynewshungary.com\/wp-content\/uploads\/2023\/02\/Maarif-International-School-in-Hungary-1-195x146.jpg 195w, https:\/\/contentf5.dailynewshungary.com\/wp-content\/uploads\/2023\/02\/Maarif-International-School-in-Hungary-1-50x38.jpg 50w, https:\/\/contentf5.dailynewshungary.com\/wp-content\/uploads\/2023\/02\/Maarif-International-School-in-Hungary-1-100x75.jpg 100w, https:\/\/contentf5.dailynewshungary.com\/wp-content\/uploads\/2023\/02\/Maarif-International-School-in-Hungary-1-960x720.jpg 960w, https:\/\/contentf5.dailynewshungary.com\/wp-content\/uploads\/2023\/02\/Maarif-International-School-in-Hungary-1.jpg 1280w\" sizes=\"auto, (max-width: 296px) 100vw, 296px\"><\/div>\n<h5 class=\"dnh-embed-title\"><span>Leggi anche<\/span>Apre scuola turca a Budapest<\/h5>\n<\/div>\n<p><\/a><\/p>\n","protected":false},"excerpt":{"rendered":"<p>Il Programma alimentare mondiale delle Nazioni Unite che trasferir\u00e0 il suo centro finanziario a Budapest contribuir\u00e0 anche agli sforzi volti a mantenere catene di approvvigionamento alimentare sicure ed eliminare la carestia nel mondo, ha affermato gioved\u00ec il ministro dell&#8217;Agricoltura in una dichiarazione. Istv\u00e1n Nagy ha definito il WFP la pi\u00f9 grande organizzazione multilaterale di aiuto [&hellip;]<\/p>\n","protected":false},"author":33,"featured_media":684516,"comment_status":"open","ping_status":"open","sticky":false,"template":"","format":"standard","meta":{"_display_image":"yes","footnotes":""},"categories":[1207],"tags":[1158,1069],"class_list":["post-684515","post","type-post","status-publish","format-standard","has-post-thumbnail","hentry","category-societa-in-ungheria","tag-budapest","tag-ungheria"],"blocksy_meta":[],"author_username":"ugyelet","telegram_post":"","public_post_metadata":{"breaking_news":"","important":"","csempe":"","center_tile":"","disable_thumbnail":"","target_lang":"","_featured_image_style":"hidden","telegram_post":"","_xlat_group_id":""},"public_rank_math_data":{"title":"%titolo% %sep% %nomesito%","description":"Anche il Programma alimentare mondiale delle Nazioni Unite che trasferir\u00e0 il suo centro finanziario a Budapest contribuir\u00e0 agli sforzi volti a mantenere catene di approvvigionamento alimentare sicure","focus_keyword":"Ungherese","canonical_url":"","robots":"","primary_category":"1207","breadcrumb_title":"","facebook_title":"","facebook_description":"","facebook_image":"","facebook_image_id":"","twitter_title":"","twitter_description":"","twitter_image":"","twitter_image_id":"","twitter_card_type":"","twitter_use_facebook":"","advanced_robots":"","pillar_content":"","seo_score":"54","contentai_score":"","rich_snippet":""},"_links":{"self":[{"href":"https:\/\/dailynewshungary.com\/it\/wp-json\/wp\/v2\/posts\/684515","targetHints":{"allow":["GET"]}}],"collection":[{"href":"https:\/\/dailynewshungary.com\/it\/wp-json\/wp\/v2\/posts"}],"about":[{"href":"https:\/\/dailynewshungary.com\/it\/wp-json\/wp\/v2\/types\/post"}],"author":[{"embeddable":true,"href":"https:\/\/dailynewshungary.com\/it\/wp-json\/wp\/v2\/users\/33"}],"replies":[{"embeddable":true,"href":"https:\/\/dailynewshungary.com\/it\/wp-json\/wp\/v2\/comments?post=684515"}],"version-history":[{"count":0,"href":"https:\/\/dailynewshungary.com\/it\/wp-json\/wp\/v2\/posts\/684515\/revisions"}],"wp:featuredmedia":[{"embeddable":true,"href":"https:\/\/dailynewshungary.com\/it\/wp-json\/wp\/v2\/media\/684516"}],"wp:attachment":[{"href":"https:\/\/dailynewshungary.com\/it\/wp-json\/wp\/v2\/media?parent=684515"}],"wp:term":[{"taxonomy":"category","embeddable":true,"href":"https:\/\/dailynewshungary.com\/it\/wp-json\/wp\/v2\/categories?post=684515"},{"taxonomy":"post_tag","embeddable":true,"href":"https:\/\/dailynewshungary.com\/it\/wp-json\/wp\/v2\/tags?post=684515"}],"curies":[{"name":"wp","href":"https:\/\/api.w.org\/{rel}","templated":true}]}}