{"id":684618,"date":"2023-02-20T21:34:00","date_gmt":"2023-02-20T20:34:00","guid":{"rendered":"https:\/\/dailynewshungary.com\/it\/fidesz-ritiene-superflua-la-sessione-parlamentare-e-non-partecipa-2\/"},"modified":"2023-02-20T21:34:00","modified_gmt":"2023-02-20T20:34:00","slug":"fidesz-ritiene-superflua-la-sessione-parlamentare-e-non-partecipa-2","status":"publish","type":"post","link":"https:\/\/dailynewshungary.com\/it\/fidesz-ritiene-superflua-la-sessione-parlamentare-e-non-partecipa-2\/","title":{"rendered":"Fidesz ritiene superflua la sessione parlamentare e non partecipa"},"content":{"rendered":"<p><strong>Luned\u00ec i legislatori del partito al potere non hanno partecipato a una sessione parlamentare straordinaria avviata dai partiti di opposizione per discutere la questione della costruzione di impianti di batterie in Ungheria, ha affermato il gruppo al potere Fidesz.<\/strong><\/p>\n<p>Un dibattito sugli impianti di batterie sar\u00e0 all&#8217;ordine del giorno della prossima riunione ordinaria del parlamento che rende la sessione straordinaria di luned\u00ec \u201cinnecessaria\u201d, si legge nella dichiarazione I partiti al governo mantengono la loro richiesta che tutti gli investimenti debbano essere effettuati in linea con le pi\u00f9 severe norme di protezione e sicurezza ambientale, ha aggiunto.<\/p>\n<p>Tra i relatori c&#8217;era <a href=\"https:\/\/www.facebook.com\/kanasznagymate\/?locale=hu_HU\" target=\"_blank\" rel=\"noopener\">M\u00e1t\u00e9 Kan\u00e1sz-Nagy<\/a>. Ha detto che il governo ha creato un paradiso fiscale in Ungheria, fornendo sussidi record agli investitori stranieri che si stabiliscono qui, mentre smantella il sistema di protezione ambientale, <a href=\"https:\/\/telex.hu\/belfold\/2023\/02\/20\/parlament-rendkivuli-ules-ellenzek-akkumulatorgyar-fidesz-napirend-elotti-felszolalasok\" target=\"_blank\" rel=\"noopener\">Telex<\/a> scrive. Il rappresentante della LMP ritiene un errore voler attrarre fabbriche che si appropriano di energia nel mezzo della crisi energetica e portare fabbriche di batterie ad alta intensit\u00e0 idrica durante la crisi idrica.<\/p>\n<ul>\n<li>Leggi anche: <a href=\"https:\/\/dailynewshungary.com\/it\/orban-agli-ambasciatori-il-2023-sara-lanno-piu-pericoloso-2\/\">Orb\u00e1n agli ambasciatori: il 2023 sar\u00e0 l&#8217;anno pi\u00f9 pericoloso<\/a><\/li>\n<\/ul>\n<p>Secondo il <a href=\"https:\/\/www.facebook.com\/photo.php?fbid=765964478218779&amp;set=a.449528946529002&amp;type=3\" target=\"_blank\" rel=\"noopener\">T\u00edmea Szab\u00f3<\/a> di P\u00e1rbesz\u00e9d, anche il governo codardo sa esattamente quello che la maggior parte delle persone sa: le fabbriche di batterie stanno distruggendo l&#8217;Ungheria, la sua terra, la sua acqua potabile, e avvelenando l&#8217;aria e il suolo, Szab\u00f3 ha anche detto che la domanda di elettricit\u00e0 dell&#8217;Ungheria aumenter\u00e0 del 30 per cento con le fabbriche di batterie previste, mentre non c&#8217;\u00e8 gi\u00e0 abbastanza energia, e il gas naturale deve essere importato dalla Russia Ha detto che con le fabbriche di batterie, il governo render\u00e0 il paese ancora pi\u00f9 alla merc\u00e9 dei russi. \u201cSmetti di distruggere il futuro dell&#8217;Ungheria.\u201d<\/p>\n","protected":false},"excerpt":{"rendered":"<p>Luned\u00ec i legislatori del partito al potere non hanno partecipato a una sessione parlamentare straordinaria avviata dai partiti di opposizione per discutere la questione della costruzione di impianti di batterie in Ungheria, ha affermato il gruppo al potere Fidesz. Un dibattito sugli impianti di batterie sar\u00e0 all&#8217;ordine del giorno della prossima riunione ordinaria del parlamento [&hellip;]<\/p>\n","protected":false},"author":33,"featured_media":684619,"comment_status":"open","ping_status":"open","sticky":false,"template":"","format":"standard","meta":{"_display_image":"","footnotes":""},"categories":[1185],"tags":[1078,1079,1069],"class_list":["post-684618","post","type-post","status-publish","format-standard","has-post-thumbnail","hentry","category-politica-in-ungheria","tag-fidesz","tag-governo-ungherese","tag-ungheria"],"blocksy_meta":[],"author_username":"ugyelet","telegram_post":"","public_post_metadata":{"breaking_news":"","important":"","csempe":"","center_tile":"","disable_thumbnail":"","target_lang":"","_featured_image_style":"","telegram_post":"","_xlat_group_id":""},"public_rank_math_data":{"title":"%titolo% %sep% %nomesito%","description":"Luned\u00ec i legislatori del partito al potere non hanno partecipato a una sessione parlamentare straordinaria avviata dai partiti di opposizione per discutere del...","focus_keyword":"Fidesz","canonical_url":"","robots":"","primary_category":"1185","breadcrumb_title":"","facebook_title":"","facebook_description":"","facebook_image":"","facebook_image_id":"","twitter_title":"","twitter_description":"","twitter_image":"","twitter_image_id":"","twitter_card_type":"","twitter_use_facebook":"","advanced_robots":"","pillar_content":"","seo_score":"65","contentai_score":"","rich_snippet":""},"_links":{"self":[{"href":"https:\/\/dailynewshungary.com\/it\/wp-json\/wp\/v2\/posts\/684618","targetHints":{"allow":["GET"]}}],"collection":[{"href":"https:\/\/dailynewshungary.com\/it\/wp-json\/wp\/v2\/posts"}],"about":[{"href":"https:\/\/dailynewshungary.com\/it\/wp-json\/wp\/v2\/types\/post"}],"author":[{"embeddable":true,"href":"https:\/\/dailynewshungary.com\/it\/wp-json\/wp\/v2\/users\/33"}],"replies":[{"embeddable":true,"href":"https:\/\/dailynewshungary.com\/it\/wp-json\/wp\/v2\/comments?post=684618"}],"version-history":[{"count":0,"href":"https:\/\/dailynewshungary.com\/it\/wp-json\/wp\/v2\/posts\/684618\/revisions"}],"wp:featuredmedia":[{"embeddable":true,"href":"https:\/\/dailynewshungary.com\/it\/wp-json\/wp\/v2\/media\/684619"}],"wp:attachment":[{"href":"https:\/\/dailynewshungary.com\/it\/wp-json\/wp\/v2\/media?parent=684618"}],"wp:term":[{"taxonomy":"category","embeddable":true,"href":"https:\/\/dailynewshungary.com\/it\/wp-json\/wp\/v2\/categories?post=684618"},{"taxonomy":"post_tag","embeddable":true,"href":"https:\/\/dailynewshungary.com\/it\/wp-json\/wp\/v2\/tags?post=684618"}],"curies":[{"name":"wp","href":"https:\/\/api.w.org\/{rel}","templated":true}]}}