{"id":685164,"date":"2023-02-05T15:34:00","date_gmt":"2023-02-05T14:34:00","guid":{"rendered":"https:\/\/dailynewshungary.com\/it\/foto-coperta-di-neve-mozzafiato-in-transilvania-2\/"},"modified":"2023-02-05T15:34:00","modified_gmt":"2023-02-05T14:34:00","slug":"foto-coperta-di-neve-mozzafiato-in-transilvania-2","status":"publish","type":"post","link":"https:\/\/dailynewshungary.com\/it\/foto-coperta-di-neve-mozzafiato-in-transilvania-2\/","title":{"rendered":"FOTO: Coperta di neve mozzafiato in Transilvania"},"content":{"rendered":"<p><strong>La Transilvania \u00e8 senza dubbio una delle parti pi\u00f9 belle d&#8217;Europa Ora, l&#8217;inverno in Ungheria fatica a farsi mostrare Tuttavia, non \u00e8 cos\u00ec in Transilvania In questo articolo, vi stiamo portando alcune foto mozzafiato scattate nella Transilvania innevata oggi.<\/strong><\/p>\n<ul>\n<li>Leggi anche: <a href=\"https:\/\/dailynewshungary.com\/it\/foto-fabbrica-bmw-in-costruzione-a-debrecen-ungheria-2\/\">FOTO: Fabbrica BMW in costruzione a Debrecen, Ungheria<\/a><\/li>\n<\/ul>\n<h2>Galleria<\/h2>\n<p>Queste foto sono state scattate oggi ad Aiton, contea di Cluj, Transilvania, Romania.<\/p>\n<div id=\"gallery-1\" class=\"gallery galleryid-545001 gallery-columns-2 gallery-size-large\">\n<figure class=\"gallery-item\">\n<div class=\"gallery-icon landscape\">\n\t\t\t\t<a href=\"https:\/\/contentf5.dailynewshungary.com\/wp-content\/uploads\/2023\/02\/rsz_aiton_transylvania_snow9.jpg\" data-pswp-width=\"1280\" data-pswp-height=\"853\" data-cropped=\"true\"><img loading=\"lazy\" decoding=\"async\" width=\"1280\" height=\"853\" src=\"https:\/\/contentf5.dailynewshungary.com\/wp-content\/uploads\/2023\/02\/rsz_aiton_transylvania_snow9.jpg\" class=\"attachment-large size-large\" alt=\"Aiton Transilvania Romania neve\" aria-describedby=\"gallery-1-545003\" srcset=\"https:\/\/contentf5.dailynewshungary.com\/wp-content\/uploads\/2023\/02\/rsz_aiton_transylvania_snow9.jpg 1280w, https:\/\/contentf5.dailynewshungary.com\/wp-content\/uploads\/2023\/02\/rsz_aiton_transylvania_snow9-768x512.jpg 768w, https:\/\/contentf5.dailynewshungary.com\/wp-content\/uploads\/2023\/02\/rsz_aiton_transylvania_snow9-333x222.jpg 333w, https:\/\/contentf5.dailynewshungary.com\/wp-content\/uploads\/2023\/02\/rsz_aiton_transylvania_snow9-248x165.jpg 248w, https:\/\/contentf5.dailynewshungary.com\/wp-content\/uploads\/2023\/02\/rsz_aiton_transylvania_snow9-1030x686.jpg 1030w, https:\/\/contentf5.dailynewshungary.com\/wp-content\/uploads\/2023\/02\/rsz_aiton_transylvania_snow9-219x146.jpg 219w, https:\/\/contentf5.dailynewshungary.com\/wp-content\/uploads\/2023\/02\/rsz_aiton_transylvania_snow9-50x33.jpg 50w, https:\/\/contentf5.dailynewshungary.com\/wp-content\/uploads\/2023\/02\/rsz_aiton_transylvania_snow9-113x75.jpg 113w\" sizes=\"auto, (max-width: 1280px) 100vw, 1280px\"><\/a>\n\t\t\t<\/div><figcaption class=\"wp-caption-text gallery-caption\" id=\"gallery-1-545003\">\n\t\t\t\tAiton, contea di Cluj, Transilvania, Romania, 5 febbraio 2023 Un colpo di drone dell&#8217;Aiton innevata nella contea di Cluj il 5 febbraio 2023 Fonte: MTI\/G\u00e1bor Kiss<br \/>\n\t\t\t\t<\/figcaption><\/figure>\n<figure class=\"gallery-item\">\n<div class=\"gallery-icon landscape\">\n\t\t\t\t<a href=\"https:\/\/contentf5.dailynewshungary.com\/wp-content\/uploads\/2023\/02\/rsz_aiton_transylvania_snow8.jpg\" data-pswp-width=\"1280\" data-pswp-height=\"853\" data-cropped=\"true\"><img loading=\"lazy\" decoding=\"async\" width=\"1280\" height=\"853\" src=\"https:\/\/contentf5.dailynewshungary.com\/wp-content\/uploads\/2023\/02\/rsz_aiton_transylvania_snow8.jpg\" class=\"attachment-large size-large\" alt=\"Aiton Transilvania Romania neve\" aria-describedby=\"gallery-1-545004\" srcset=\"https:\/\/contentf5.dailynewshungary.com\/wp-content\/uploads\/2023\/02\/rsz_aiton_transylvania_snow8.jpg 1280w, https:\/\/contentf5.dailynewshungary.com\/wp-content\/uploads\/2023\/02\/rsz_aiton_transylvania_snow8-768x512.jpg 768w, https:\/\/contentf5.dailynewshungary.com\/wp-content\/uploads\/2023\/02\/rsz_aiton_transylvania_snow8-333x222.jpg 333w, https:\/\/contentf5.dailynewshungary.com\/wp-content\/uploads\/2023\/02\/rsz_aiton_transylvania_snow8-248x165.jpg 248w, https:\/\/contentf5.dailynewshungary.com\/wp-content\/uploads\/2023\/02\/rsz_aiton_transylvania_snow8-1030x686.jpg 1030w, https:\/\/contentf5.dailynewshungary.com\/wp-content\/uploads\/2023\/02\/rsz_aiton_transylvania_snow8-219x146.jpg 219w, https:\/\/contentf5.dailynewshungary.com\/wp-content\/uploads\/2023\/02\/rsz_aiton_transylvania_snow8-50x33.jpg 50w, https:\/\/contentf5.dailynewshungary.com\/wp-content\/uploads\/2023\/02\/rsz_aiton_transylvania_snow8-113x75.jpg 113w\" sizes=\"auto, (max-width: 1280px) 100vw, 1280px\"><\/a>\n\t\t\t<\/div><figcaption class=\"wp-caption-text gallery-caption\" id=\"gallery-1-545004\">\n\t\t\t\tAiton, contea di Cluj, Transilvania, Romania, 5 febbraio 2023 Un colpo di drone dell&#8217;Aiton innevata nella contea di Cluj il 5 febbraio 2023 Fonte: MTI\/G\u00e1bor Kiss<br \/>\n\t\t\t\t<\/figcaption><\/figure>\n<figure class=\"gallery-item\">\n<div class=\"gallery-icon landscape\">\n\t\t\t\t<a href=\"https:\/\/contentf5.dailynewshungary.com\/wp-content\/uploads\/2023\/02\/rsz_aiton_transylvania_snow7.jpg\" data-pswp-width=\"1280\" data-pswp-height=\"853\" data-cropped=\"true\"><img loading=\"lazy\" decoding=\"async\" width=\"1280\" height=\"853\" src=\"https:\/\/contentf5.dailynewshungary.com\/wp-content\/uploads\/2023\/02\/rsz_aiton_transylvania_snow7.jpg\" class=\"attachment-large size-large\" alt=\"Aiton Transilvania Romania neve\" aria-describedby=\"gallery-1-545005\" srcset=\"https:\/\/contentf5.dailynewshungary.com\/wp-content\/uploads\/2023\/02\/rsz_aiton_transylvania_snow7.jpg 1280w, https:\/\/contentf5.dailynewshungary.com\/wp-content\/uploads\/2023\/02\/rsz_aiton_transylvania_snow7-768x512.jpg 768w, https:\/\/contentf5.dailynewshungary.com\/wp-content\/uploads\/2023\/02\/rsz_aiton_transylvania_snow7-333x222.jpg 333w, https:\/\/contentf5.dailynewshungary.com\/wp-content\/uploads\/2023\/02\/rsz_aiton_transylvania_snow7-248x165.jpg 248w, https:\/\/contentf5.dailynewshungary.com\/wp-content\/uploads\/2023\/02\/rsz_aiton_transylvania_snow7-1030x686.jpg 1030w, https:\/\/contentf5.dailynewshungary.com\/wp-content\/uploads\/2023\/02\/rsz_aiton_transylvania_snow7-219x146.jpg 219w, https:\/\/contentf5.dailynewshungary.com\/wp-content\/uploads\/2023\/02\/rsz_aiton_transylvania_snow7-50x33.jpg 50w, https:\/\/contentf5.dailynewshungary.com\/wp-content\/uploads\/2023\/02\/rsz_aiton_transylvania_snow7-113x75.jpg 113w\" sizes=\"auto, (max-width: 1280px) 100vw, 1280px\"><\/a>\n\t\t\t<\/div><figcaption class=\"wp-caption-text gallery-caption\" id=\"gallery-1-545005\">\n\t\t\t\tAiton, contea di Cluj, Transilvania, Romania, 5 febbraio 2023 Un colpo di drone dell&#8217;Aiton innevata nella contea di Cluj il 5 febbraio 2023 Fonte: MTI\/G\u00e1bor Kiss<br \/>\n\t\t\t\t<\/figcaption><\/figure>\n<figure class=\"gallery-item\">\n<div class=\"gallery-icon landscape\">\n\t\t\t\t<a href=\"https:\/\/contentf5.dailynewshungary.com\/wp-content\/uploads\/2023\/02\/rsz_aiton_transylvania_snow6.jpg\" data-pswp-width=\"1280\" data-pswp-height=\"853\" data-cropped=\"true\"><img loading=\"lazy\" decoding=\"async\" width=\"1280\" height=\"853\" src=\"https:\/\/contentf5.dailynewshungary.com\/wp-content\/uploads\/2023\/02\/rsz_aiton_transylvania_snow6.jpg\" class=\"attachment-large size-large\" alt=\"Aiton Transilvania Romania neve\" aria-describedby=\"gallery-1-545006\" srcset=\"https:\/\/contentf5.dailynewshungary.com\/wp-content\/uploads\/2023\/02\/rsz_aiton_transylvania_snow6.jpg 1280w, https:\/\/contentf5.dailynewshungary.com\/wp-content\/uploads\/2023\/02\/rsz_aiton_transylvania_snow6-768x512.jpg 768w, https:\/\/contentf5.dailynewshungary.com\/wp-content\/uploads\/2023\/02\/rsz_aiton_transylvania_snow6-333x222.jpg 333w, https:\/\/contentf5.dailynewshungary.com\/wp-content\/uploads\/2023\/02\/rsz_aiton_transylvania_snow6-248x165.jpg 248w, https:\/\/contentf5.dailynewshungary.com\/wp-content\/uploads\/2023\/02\/rsz_aiton_transylvania_snow6-1030x686.jpg 1030w, https:\/\/contentf5.dailynewshungary.com\/wp-content\/uploads\/2023\/02\/rsz_aiton_transylvania_snow6-219x146.jpg 219w, https:\/\/contentf5.dailynewshungary.com\/wp-content\/uploads\/2023\/02\/rsz_aiton_transylvania_snow6-50x33.jpg 50w, https:\/\/contentf5.dailynewshungary.com\/wp-content\/uploads\/2023\/02\/rsz_aiton_transylvania_snow6-113x75.jpg 113w\" sizes=\"auto, (max-width: 1280px) 100vw, 1280px\"><\/a>\n\t\t\t<\/div><figcaption class=\"wp-caption-text gallery-caption\" id=\"gallery-1-545006\">\n\t\t\t\tAiton, contea di Cluj, Transilvania, Romania, 5 febbraio 2023 Un colpo di drone dell&#8217;Aiton innevata nella contea di Cluj il 5 febbraio 2023 Fonte: MTI\/G\u00e1bor Kiss<br \/>\n\t\t\t\t<\/figcaption><\/figure>\n<figure class=\"gallery-item\">\n<div class=\"gallery-icon landscape\">\n\t\t\t\t<a href=\"https:\/\/contentf5.dailynewshungary.com\/wp-content\/uploads\/2023\/02\/rsz_aiton_transylvania_snow5.jpg\" data-pswp-width=\"1280\" data-pswp-height=\"853\" data-cropped=\"true\"><img loading=\"lazy\" decoding=\"async\" width=\"1280\" height=\"853\" src=\"https:\/\/contentf5.dailynewshungary.com\/wp-content\/uploads\/2023\/02\/rsz_aiton_transylvania_snow5.jpg\" class=\"attachment-large size-large\" alt=\"Aiton Transilvania Romania neve\" aria-describedby=\"gallery-1-545007\" srcset=\"https:\/\/contentf5.dailynewshungary.com\/wp-content\/uploads\/2023\/02\/rsz_aiton_transylvania_snow5.jpg 1280w, https:\/\/contentf5.dailynewshungary.com\/wp-content\/uploads\/2023\/02\/rsz_aiton_transylvania_snow5-768x512.jpg 768w, https:\/\/contentf5.dailynewshungary.com\/wp-content\/uploads\/2023\/02\/rsz_aiton_transylvania_snow5-333x222.jpg 333w, https:\/\/contentf5.dailynewshungary.com\/wp-content\/uploads\/2023\/02\/rsz_aiton_transylvania_snow5-248x165.jpg 248w, https:\/\/contentf5.dailynewshungary.com\/wp-content\/uploads\/2023\/02\/rsz_aiton_transylvania_snow5-1030x686.jpg 1030w, https:\/\/contentf5.dailynewshungary.com\/wp-content\/uploads\/2023\/02\/rsz_aiton_transylvania_snow5-219x146.jpg 219w, https:\/\/contentf5.dailynewshungary.com\/wp-content\/uploads\/2023\/02\/rsz_aiton_transylvania_snow5-50x33.jpg 50w, https:\/\/contentf5.dailynewshungary.com\/wp-content\/uploads\/2023\/02\/rsz_aiton_transylvania_snow5-113x75.jpg 113w\" sizes=\"auto, (max-width: 1280px) 100vw, 1280px\"><\/a>\n\t\t\t<\/div><figcaption class=\"wp-caption-text gallery-caption\" id=\"gallery-1-545007\">\n\t\t\t\tAiton, contea di Cluj, Transilvania, Romania, 5 febbraio 2023 Un colpo di drone dell&#8217;Aiton innevata nella contea di Cluj il 5 febbraio 2023 Fonte: MTI\/G\u00e1bor Kiss<br \/>\n\t\t\t\t<\/figcaption><\/figure>\n<figure class=\"gallery-item\">\n<div class=\"gallery-icon landscape\">\n\t\t\t\t<a href=\"https:\/\/contentf5.dailynewshungary.com\/wp-content\/uploads\/2023\/02\/rsz_aiton_transylvania_snow4.jpg\" data-pswp-width=\"1280\" data-pswp-height=\"853\" data-cropped=\"true\"><img loading=\"lazy\" decoding=\"async\" width=\"1280\" height=\"853\" src=\"https:\/\/contentf5.dailynewshungary.com\/wp-content\/uploads\/2023\/02\/rsz_aiton_transylvania_snow4.jpg\" class=\"attachment-large size-large\" alt=\"Aiton Transilvania Romania neve\" aria-describedby=\"gallery-1-545008\" srcset=\"https:\/\/contentf5.dailynewshungary.com\/wp-content\/uploads\/2023\/02\/rsz_aiton_transylvania_snow4.jpg 1280w, https:\/\/contentf5.dailynewshungary.com\/wp-content\/uploads\/2023\/02\/rsz_aiton_transylvania_snow4-768x512.jpg 768w, https:\/\/contentf5.dailynewshungary.com\/wp-content\/uploads\/2023\/02\/rsz_aiton_transylvania_snow4-333x222.jpg 333w, https:\/\/contentf5.dailynewshungary.com\/wp-content\/uploads\/2023\/02\/rsz_aiton_transylvania_snow4-248x165.jpg 248w, https:\/\/contentf5.dailynewshungary.com\/wp-content\/uploads\/2023\/02\/rsz_aiton_transylvania_snow4-1030x686.jpg 1030w, https:\/\/contentf5.dailynewshungary.com\/wp-content\/uploads\/2023\/02\/rsz_aiton_transylvania_snow4-219x146.jpg 219w, https:\/\/contentf5.dailynewshungary.com\/wp-content\/uploads\/2023\/02\/rsz_aiton_transylvania_snow4-50x33.jpg 50w, https:\/\/contentf5.dailynewshungary.com\/wp-content\/uploads\/2023\/02\/rsz_aiton_transylvania_snow4-113x75.jpg 113w\" sizes=\"auto, (max-width: 1280px) 100vw, 1280px\"><\/a>\n\t\t\t<\/div><figcaption class=\"wp-caption-text gallery-caption\" id=\"gallery-1-545008\">\n\t\t\t\tAiton, contea di Cluj, Transilvania, Romania, 5 febbraio 2023 Un colpo di drone dell&#8217;Aiton innevata nella contea di Cluj il 5 febbraio 2023 Fonte: MTI\/G\u00e1bor Kiss<br \/>\n\t\t\t\t<\/figcaption><\/figure>\n<figure class=\"gallery-item\">\n<div class=\"gallery-icon landscape\">\n\t\t\t\t<a href=\"https:\/\/contentf5.dailynewshungary.com\/wp-content\/uploads\/2023\/02\/rsz_aiton_transylvania_snow3.jpg\" data-pswp-width=\"1280\" data-pswp-height=\"853\" data-cropped=\"true\"><img loading=\"lazy\" decoding=\"async\" width=\"1280\" height=\"853\" src=\"https:\/\/contentf5.dailynewshungary.com\/wp-content\/uploads\/2023\/02\/rsz_aiton_transylvania_snow3.jpg\" class=\"attachment-large size-large\" alt=\"Aiton Transilvania Romania neve\" aria-describedby=\"gallery-1-545009\" srcset=\"https:\/\/contentf5.dailynewshungary.com\/wp-content\/uploads\/2023\/02\/rsz_aiton_transylvania_snow3.jpg 1280w, https:\/\/contentf5.dailynewshungary.com\/wp-content\/uploads\/2023\/02\/rsz_aiton_transylvania_snow3-768x512.jpg 768w, https:\/\/contentf5.dailynewshungary.com\/wp-content\/uploads\/2023\/02\/rsz_aiton_transylvania_snow3-333x222.jpg 333w, https:\/\/contentf5.dailynewshungary.com\/wp-content\/uploads\/2023\/02\/rsz_aiton_transylvania_snow3-248x165.jpg 248w, https:\/\/contentf5.dailynewshungary.com\/wp-content\/uploads\/2023\/02\/rsz_aiton_transylvania_snow3-1030x686.jpg 1030w, https:\/\/contentf5.dailynewshungary.com\/wp-content\/uploads\/2023\/02\/rsz_aiton_transylvania_snow3-219x146.jpg 219w, https:\/\/contentf5.dailynewshungary.com\/wp-content\/uploads\/2023\/02\/rsz_aiton_transylvania_snow3-50x33.jpg 50w, https:\/\/contentf5.dailynewshungary.com\/wp-content\/uploads\/2023\/02\/rsz_aiton_transylvania_snow3-113x75.jpg 113w\" sizes=\"auto, (max-width: 1280px) 100vw, 1280px\"><\/a>\n\t\t\t<\/div><figcaption class=\"wp-caption-text gallery-caption\" id=\"gallery-1-545009\">\n\t\t\t\tAiton, contea di Cluj, Transilvania, Romania, 5 febbraio 2023 Un colpo di drone dell&#8217;Aiton innevata nella contea di Cluj il 5 febbraio 2023 Fonte: MTI\/G\u00e1bor Kiss<br \/>\n\t\t\t\t<\/figcaption><\/figure>\n<figure class=\"gallery-item\">\n<div class=\"gallery-icon landscape\">\n\t\t\t\t<a href=\"https:\/\/contentf5.dailynewshungary.com\/wp-content\/uploads\/2023\/02\/rsz_aiton_transylvania_snow2.jpg\" data-pswp-width=\"1280\" data-pswp-height=\"853\" data-cropped=\"true\"><img loading=\"lazy\" decoding=\"async\" width=\"1280\" height=\"853\" src=\"https:\/\/contentf5.dailynewshungary.com\/wp-content\/uploads\/2023\/02\/rsz_aiton_transylvania_snow2.jpg\" class=\"attachment-large size-large\" alt=\"Aiton Transilvania Romania neve\" aria-describedby=\"gallery-1-545010\" srcset=\"https:\/\/contentf5.dailynewshungary.com\/wp-content\/uploads\/2023\/02\/rsz_aiton_transylvania_snow2.jpg 1280w, https:\/\/contentf5.dailynewshungary.com\/wp-content\/uploads\/2023\/02\/rsz_aiton_transylvania_snow2-768x512.jpg 768w, https:\/\/contentf5.dailynewshungary.com\/wp-content\/uploads\/2023\/02\/rsz_aiton_transylvania_snow2-333x222.jpg 333w, https:\/\/contentf5.dailynewshungary.com\/wp-content\/uploads\/2023\/02\/rsz_aiton_transylvania_snow2-248x165.jpg 248w, https:\/\/contentf5.dailynewshungary.com\/wp-content\/uploads\/2023\/02\/rsz_aiton_transylvania_snow2-1030x686.jpg 1030w, https:\/\/contentf5.dailynewshungary.com\/wp-content\/uploads\/2023\/02\/rsz_aiton_transylvania_snow2-219x146.jpg 219w, https:\/\/contentf5.dailynewshungary.com\/wp-content\/uploads\/2023\/02\/rsz_aiton_transylvania_snow2-50x33.jpg 50w, https:\/\/contentf5.dailynewshungary.com\/wp-content\/uploads\/2023\/02\/rsz_aiton_transylvania_snow2-113x75.jpg 113w\" sizes=\"auto, (max-width: 1280px) 100vw, 1280px\"><\/a>\n\t\t\t<\/div><figcaption class=\"wp-caption-text gallery-caption\" id=\"gallery-1-545010\">\n\t\t\t\tAiton, contea di Cluj, Transilvania, Romania, 5 febbraio 2023 Un colpo di drone dell&#8217;Aiton innevata nella contea di Cluj il 5 febbraio 2023 Fonte: MTI\/G\u00e1bor Kiss<br \/>\n\t\t\t\t<\/figcaption><\/figure>\n<figure class=\"gallery-item\">\n<div class=\"gallery-icon landscape\">\n\t\t\t\t<a href=\"https:\/\/contentf5.dailynewshungary.com\/wp-content\/uploads\/2023\/02\/rsz_aiton_transylvania_snow13.jpg\" data-pswp-width=\"1280\" data-pswp-height=\"853\" data-cropped=\"true\"><img loading=\"lazy\" decoding=\"async\" width=\"1280\" height=\"853\" src=\"https:\/\/contentf5.dailynewshungary.com\/wp-content\/uploads\/2023\/02\/rsz_aiton_transylvania_snow13.jpg\" class=\"attachment-large size-large\" alt=\"Aiton Transilvania Romania neve\" aria-describedby=\"gallery-1-545011\" srcset=\"https:\/\/contentf5.dailynewshungary.com\/wp-content\/uploads\/2023\/02\/rsz_aiton_transylvania_snow13.jpg 1280w, https:\/\/contentf5.dailynewshungary.com\/wp-content\/uploads\/2023\/02\/rsz_aiton_transylvania_snow13-768x512.jpg 768w, https:\/\/contentf5.dailynewshungary.com\/wp-content\/uploads\/2023\/02\/rsz_aiton_transylvania_snow13-333x222.jpg 333w, https:\/\/contentf5.dailynewshungary.com\/wp-content\/uploads\/2023\/02\/rsz_aiton_transylvania_snow13-248x165.jpg 248w, https:\/\/contentf5.dailynewshungary.com\/wp-content\/uploads\/2023\/02\/rsz_aiton_transylvania_snow13-1030x686.jpg 1030w, https:\/\/contentf5.dailynewshungary.com\/wp-content\/uploads\/2023\/02\/rsz_aiton_transylvania_snow13-219x146.jpg 219w, https:\/\/contentf5.dailynewshungary.com\/wp-content\/uploads\/2023\/02\/rsz_aiton_transylvania_snow13-50x33.jpg 50w, https:\/\/contentf5.dailynewshungary.com\/wp-content\/uploads\/2023\/02\/rsz_aiton_transylvania_snow13-113x75.jpg 113w\" sizes=\"auto, (max-width: 1280px) 100vw, 1280px\"><\/a>\n\t\t\t<\/div><figcaption class=\"wp-caption-text gallery-caption\" id=\"gallery-1-545011\">\n\t\t\t\tAiton, contea di Cluj, Transilvania, Romania, 5 febbraio 2023 Lo scatto del drone mostra il 5 febbraio 2023 la piazza della comunit\u00e0 coperta di neve, conosciuta come anfiteatro, ad Aiton, contea di Cluj, MTI\/G\u00e1bor Kiss<br \/>\n\t\t\t\t<\/figcaption><\/figure>\n<figure class=\"gallery-item\">\n<div class=\"gallery-icon landscape\">\n\t\t\t\t<a href=\"https:\/\/contentf5.dailynewshungary.com\/wp-content\/uploads\/2023\/02\/rsz_aiton_transylvania_snow12.jpg\" data-pswp-width=\"1280\" data-pswp-height=\"853\" data-cropped=\"true\"><img loading=\"lazy\" decoding=\"async\" width=\"1280\" height=\"853\" src=\"https:\/\/contentf5.dailynewshungary.com\/wp-content\/uploads\/2023\/02\/rsz_aiton_transylvania_snow12.jpg\" class=\"attachment-large size-large\" alt=\"Aiton Transilvania Romania neve\" aria-describedby=\"gallery-1-545012\" srcset=\"https:\/\/contentf5.dailynewshungary.com\/wp-content\/uploads\/2023\/02\/rsz_aiton_transylvania_snow12.jpg 1280w, https:\/\/contentf5.dailynewshungary.com\/wp-content\/uploads\/2023\/02\/rsz_aiton_transylvania_snow12-768x512.jpg 768w, https:\/\/contentf5.dailynewshungary.com\/wp-content\/uploads\/2023\/02\/rsz_aiton_transylvania_snow12-333x222.jpg 333w, https:\/\/contentf5.dailynewshungary.com\/wp-content\/uploads\/2023\/02\/rsz_aiton_transylvania_snow12-248x165.jpg 248w, https:\/\/contentf5.dailynewshungary.com\/wp-content\/uploads\/2023\/02\/rsz_aiton_transylvania_snow12-1030x686.jpg 1030w, https:\/\/contentf5.dailynewshungary.com\/wp-content\/uploads\/2023\/02\/rsz_aiton_transylvania_snow12-219x146.jpg 219w, https:\/\/contentf5.dailynewshungary.com\/wp-content\/uploads\/2023\/02\/rsz_aiton_transylvania_snow12-50x33.jpg 50w, https:\/\/contentf5.dailynewshungary.com\/wp-content\/uploads\/2023\/02\/rsz_aiton_transylvania_snow12-113x75.jpg 113w\" sizes=\"auto, (max-width: 1280px) 100vw, 1280px\"><\/a>\n\t\t\t<\/div><figcaption class=\"wp-caption-text gallery-caption\" id=\"gallery-1-545012\">\n\t\t\t\tAiton, contea di Cluj, Transilvania, Romania, 5 febbraio 2023 Un colpo di drone dell&#8217;Aiton innevata nella contea di Cluj il 5 febbraio 2023 Fonte: MTI\/G\u00e1bor Kiss<br \/>\n\t\t\t\t<\/figcaption><\/figure>\n<figure class=\"gallery-item\">\n<div class=\"gallery-icon landscape\">\n\t\t\t\t<a href=\"https:\/\/contentf5.dailynewshungary.com\/wp-content\/uploads\/2023\/02\/rsz_aiton_transylvania_snow11.jpg\" data-pswp-width=\"1280\" data-pswp-height=\"853\" data-cropped=\"true\"><img loading=\"lazy\" decoding=\"async\" width=\"1280\" height=\"853\" src=\"https:\/\/contentf5.dailynewshungary.com\/wp-content\/uploads\/2023\/02\/rsz_aiton_transylvania_snow11.jpg\" class=\"attachment-large size-large\" alt=\"Aiton Transilvania Romania neve\" aria-describedby=\"gallery-1-545013\" srcset=\"https:\/\/contentf5.dailynewshungary.com\/wp-content\/uploads\/2023\/02\/rsz_aiton_transylvania_snow11.jpg 1280w, https:\/\/contentf5.dailynewshungary.com\/wp-content\/uploads\/2023\/02\/rsz_aiton_transylvania_snow11-768x512.jpg 768w, https:\/\/contentf5.dailynewshungary.com\/wp-content\/uploads\/2023\/02\/rsz_aiton_transylvania_snow11-333x222.jpg 333w, https:\/\/contentf5.dailynewshungary.com\/wp-content\/uploads\/2023\/02\/rsz_aiton_transylvania_snow11-248x165.jpg 248w, https:\/\/contentf5.dailynewshungary.com\/wp-content\/uploads\/2023\/02\/rsz_aiton_transylvania_snow11-1030x686.jpg 1030w, https:\/\/contentf5.dailynewshungary.com\/wp-content\/uploads\/2023\/02\/rsz_aiton_transylvania_snow11-219x146.jpg 219w, https:\/\/contentf5.dailynewshungary.com\/wp-content\/uploads\/2023\/02\/rsz_aiton_transylvania_snow11-50x33.jpg 50w, https:\/\/contentf5.dailynewshungary.com\/wp-content\/uploads\/2023\/02\/rsz_aiton_transylvania_snow11-113x75.jpg 113w\" sizes=\"auto, (max-width: 1280px) 100vw, 1280px\"><\/a>\n\t\t\t<\/div><figcaption class=\"wp-caption-text gallery-caption\" id=\"gallery-1-545013\">\n\t\t\t\tAiton, contea di Cluj, Transilvania, Romania, 5 febbraio 2023 Un colpo di drone dell&#8217;Aiton innevata nella contea di Cluj il 5 febbraio 2023 Fonte: MTI\/G\u00e1bor Kiss<br \/>\n\t\t\t\t<\/figcaption><\/figure>\n<figure class=\"gallery-item\">\n<div class=\"gallery-icon landscape\">\n\t\t\t\t<a href=\"https:\/\/contentf5.dailynewshungary.com\/wp-content\/uploads\/2023\/02\/rsz_aiton_transylvania_snow10.jpg\" data-pswp-width=\"1280\" data-pswp-height=\"853\" data-cropped=\"true\"><img loading=\"lazy\" decoding=\"async\" width=\"1280\" height=\"853\" src=\"https:\/\/contentf5.dailynewshungary.com\/wp-content\/uploads\/2023\/02\/rsz_aiton_transylvania_snow10.jpg\" class=\"attachment-large size-large\" alt=\"Aiton Transilvania Romania neve\" aria-describedby=\"gallery-1-545014\" srcset=\"https:\/\/contentf5.dailynewshungary.com\/wp-content\/uploads\/2023\/02\/rsz_aiton_transylvania_snow10.jpg 1280w, https:\/\/contentf5.dailynewshungary.com\/wp-content\/uploads\/2023\/02\/rsz_aiton_transylvania_snow10-768x512.jpg 768w, https:\/\/contentf5.dailynewshungary.com\/wp-content\/uploads\/2023\/02\/rsz_aiton_transylvania_snow10-333x222.jpg 333w, https:\/\/contentf5.dailynewshungary.com\/wp-content\/uploads\/2023\/02\/rsz_aiton_transylvania_snow10-248x165.jpg 248w, https:\/\/contentf5.dailynewshungary.com\/wp-content\/uploads\/2023\/02\/rsz_aiton_transylvania_snow10-1030x686.jpg 1030w, https:\/\/contentf5.dailynewshungary.com\/wp-content\/uploads\/2023\/02\/rsz_aiton_transylvania_snow10-219x146.jpg 219w, https:\/\/contentf5.dailynewshungary.com\/wp-content\/uploads\/2023\/02\/rsz_aiton_transylvania_snow10-50x33.jpg 50w, https:\/\/contentf5.dailynewshungary.com\/wp-content\/uploads\/2023\/02\/rsz_aiton_transylvania_snow10-113x75.jpg 113w\" sizes=\"auto, (max-width: 1280px) 100vw, 1280px\"><\/a>\n\t\t\t<\/div><figcaption class=\"wp-caption-text gallery-caption\" id=\"gallery-1-545014\">\n\t\t\t\tAiton, contea di Cluj, Transilvania, Romania, 5 febbraio 2023 Un colpo di drone dell&#8217;Aiton innevata nella contea di Cluj il 5 febbraio 2023 Fonte: MTI\/G\u00e1bor Kiss<br \/>\n\t\t\t\t<\/figcaption><\/figure>\n<\/p><\/div>\n<p>&nbsp;<\/p>\n","protected":false},"excerpt":{"rendered":"<p>La Transilvania \u00e8 senza dubbio una delle parti pi\u00f9 belle d&#8217;Europa Ora, l&#8217;inverno in Ungheria fatica a farsi mostrare Tuttavia, non \u00e8 cos\u00ec in Transilvania In questo articolo, vi stiamo portando alcune foto mozzafiato scattate nella Transilvania innevata oggi. Leggi anche: FOTO: Fabbrica BMW in costruzione a Debrecen, Ungheria Galleria Queste foto sono state scattate [&hellip;]<\/p>\n","protected":false},"author":62,"featured_media":685165,"comment_status":"open","ping_status":"open","sticky":false,"template":"","format":"standard","meta":{"_display_image":"","footnotes":""},"categories":[1207],"tags":[1127,1529,1171,1173],"class_list":["post-685164","post","type-post","status-publish","format-standard","has-post-thumbnail","hentry","category-societa-in-ungheria","tag-galleria-fotografica","tag-inverno","tag-romania","tag-transilvania"],"blocksy_meta":[],"author_username":"hmercedesz","telegram_post":"","public_post_metadata":{"breaking_news":"","important":"","csempe":"","center_tile":"","disable_thumbnail":"","target_lang":"","_featured_image_style":"","telegram_post":"","_xlat_group_id":""},"public_rank_math_data":{"title":"%titolo% %sep% %nomesito%","description":"In questo articolo, vi stiamo portando alcune foto mozzafiato scattate nella coperta di neve Aiton, Transilvania oggi.","focus_keyword":"Transilvania","canonical_url":"","robots":"","primary_category":"1207","breadcrumb_title":"","facebook_title":"","facebook_description":"","facebook_image":"","facebook_image_id":"","twitter_title":"","twitter_description":"","twitter_image":"","twitter_image_id":"","twitter_card_type":"","twitter_use_facebook":"","advanced_robots":"","pillar_content":"","seo_score":"","contentai_score":"","rich_snippet":""},"_links":{"self":[{"href":"https:\/\/dailynewshungary.com\/it\/wp-json\/wp\/v2\/posts\/685164","targetHints":{"allow":["GET"]}}],"collection":[{"href":"https:\/\/dailynewshungary.com\/it\/wp-json\/wp\/v2\/posts"}],"about":[{"href":"https:\/\/dailynewshungary.com\/it\/wp-json\/wp\/v2\/types\/post"}],"author":[{"embeddable":true,"href":"https:\/\/dailynewshungary.com\/it\/wp-json\/wp\/v2\/users\/62"}],"replies":[{"embeddable":true,"href":"https:\/\/dailynewshungary.com\/it\/wp-json\/wp\/v2\/comments?post=685164"}],"version-history":[{"count":0,"href":"https:\/\/dailynewshungary.com\/it\/wp-json\/wp\/v2\/posts\/685164\/revisions"}],"wp:featuredmedia":[{"embeddable":true,"href":"https:\/\/dailynewshungary.com\/it\/wp-json\/wp\/v2\/media\/685165"}],"wp:attachment":[{"href":"https:\/\/dailynewshungary.com\/it\/wp-json\/wp\/v2\/media?parent=685164"}],"wp:term":[{"taxonomy":"category","embeddable":true,"href":"https:\/\/dailynewshungary.com\/it\/wp-json\/wp\/v2\/categories?post=685164"},{"taxonomy":"post_tag","embeddable":true,"href":"https:\/\/dailynewshungary.com\/it\/wp-json\/wp\/v2\/tags?post=685164"}],"curies":[{"name":"wp","href":"https:\/\/api.w.org\/{rel}","templated":true}]}}