{"id":685768,"date":"2023-01-19T20:55:12","date_gmt":"2023-01-19T19:55:12","guid":{"rendered":"https:\/\/dailynewshungary.com\/it\/si-riunisce-per-la-prima-volta-la-tavola-rotonda-ungherese-sulla-deregolamentazione-2\/"},"modified":"2023-01-19T20:55:12","modified_gmt":"2023-01-19T19:55:12","slug":"si-riunisce-per-la-prima-volta-la-tavola-rotonda-ungherese-sulla-deregolamentazione-2","status":"publish","type":"post","link":"https:\/\/dailynewshungary.com\/it\/si-riunisce-per-la-prima-volta-la-tavola-rotonda-ungherese-sulla-deregolamentazione-2\/","title":{"rendered":"Si riunisce per la prima volta la tavola rotonda ungherese sulla deregolamentazione"},"content":{"rendered":"<p><strong>Gioved\u00ec si \u00e8 riunita per la prima volta la nuova tavola rotonda sulla deregolamentazione dell&#8217;Ungheria.<\/strong><\/p>\n<p>Bence Tuzson, commissario governativo per la deregolamentazione, ha dichiarato all&#8217;incontro che l&#8217;organismo \u00e8 stato incaricato di avanzare proposte per ridurre la burocrazia e rendere le regole pi\u00f9 semplici con l&#8217;obiettivo di aumentare la competitivit\u00e0 del paese e rendere la vita pi\u00f9 facile ai suoi residenti.<\/p>\n<ul>\n<li>Primo Ministro Orb\u00e1n: <a href=\"https:\/\/dailynewshungary.com\/it\/pm-orban-la-squadra-carceraria-della-ce-potrebbe-andare-al-campionato-europeo-di-calcio-2\/\" target=\"_blank\" rel=\"noopener\">la squadra carceraria della CE potrebbe partecipare al Campionato europeo di calcio<\/a><\/li>\n<\/ul>\n<p>Il governo nel 2010 si \u00e8 trovato di fronte a \u201ccomplicate e difficilmente praticabili regolamenti che rendono la vita difficile per i cittadini rispettosi della legge\u201d, ha detto, aggiungendo che \u00e8 necessario semplificare le istituzioni e le loro regole Ha anche aggiunto che diverse migliaia di regolamenti non necessari per la pubblica amministrazione erano gi\u00e0 stati demoliti.<\/p>\n<p>Il capo della Corte dei conti statale L\u00e1szl\u00f3 Windisch, copresidente della tavola rotonda, ha affermato che un contesto giuridico eccessivamente regolamentato rende spesso quasi impossibile rispettare le normative\u201d.<\/p>\n<p>Del nuovo organismo fanno parte anche i responsabili dell&#8217;Autorit\u00e0 per le attivit\u00e0 regolamentate, dell&#8217;Ufficio per l&#8217;energia e i servizi pubblici, della Camera di commercio e dell&#8217;industria, della Camera dei procuratori, dell&#8217;Associazione bancaria, della Camera agricola, dell&#8217;Ufficio nazionale delle imposte e delle dogane, nonch\u00e9 come Agenzia digitale per l\u2019Ungheria.<\/p>\n<p><a class=\"dnh-embed-link\" href=\"https:\/\/dailynewshungary.com\/it\/il-commissario-ungherese-dellue-mina-le-riforme-dello-stato-di-diritto-nei-paesi-candidati-alladesione-allue-2\/\"><\/a><\/p>\n<p><a class=\"dnh-embed-link\" href=\"https:\/\/dailynewshungary.com\/it\/il-commissario-ungherese-dellue-mina-le-riforme-dello-stato-di-diritto-nei-paesi-candidati-alladesione-allue-2\/\"><\/p>\n<div class=\"dnh-embed\">\n<div class=\"dnh-embed-thumb\"><img loading=\"lazy\" decoding=\"async\" width=\"333\" height=\"222\" src=\"https:\/\/contentf5.dailynewshungary.com\/wp-content\/uploads\/2023\/01\/Hungarian-commissioner-Varhelyi-333x222.jpg\" class=\"attachment-embed_thumbnail size-embed_thumbnail wp-post-image\" alt=\"Il commissario ungherese V\u00e1rhelyi Europa centrale Allargamento dell\u2019UE\" srcset=\"https:\/\/contentf5.dailynewshungary.com\/wp-content\/uploads\/2023\/01\/Hungarian-commissioner-Varhelyi-333x222.jpg 333w, https:\/\/contentf5.dailynewshungary.com\/wp-content\/uploads\/2023\/01\/Hungarian-commissioner-Varhelyi-768x512.jpg 768w, https:\/\/contentf5.dailynewshungary.com\/wp-content\/uploads\/2023\/01\/Hungarian-commissioner-Varhelyi-1536x1024.jpg 1536w, https:\/\/contentf5.dailynewshungary.com\/wp-content\/uploads\/2023\/01\/Hungarian-commissioner-Varhelyi-248x165.jpg 248w, https:\/\/contentf5.dailynewshungary.com\/wp-content\/uploads\/2023\/01\/Hungarian-commissioner-Varhelyi-1030x686.jpg 1030w, https:\/\/contentf5.dailynewshungary.com\/wp-content\/uploads\/2023\/01\/Hungarian-commissioner-Varhelyi-219x146.jpg 219w, https:\/\/contentf5.dailynewshungary.com\/wp-content\/uploads\/2023\/01\/Hungarian-commissioner-Varhelyi-50x33.jpg 50w, https:\/\/contentf5.dailynewshungary.com\/wp-content\/uploads\/2023\/01\/Hungarian-commissioner-Varhelyi-113x75.jpg 113w, https:\/\/contentf5.dailynewshungary.com\/wp-content\/uploads\/2023\/01\/Hungarian-commissioner-Varhelyi.jpg 2048w\" sizes=\"auto, (max-width: 333px) 100vw, 333px\"><\/div>\n<h5 class=\"dnh-embed-title\"><span>Leggi anche<\/span>Il commissario ungherese dell\u2019UE mina le riforme dello stato di diritto nei paesi candidati all\u2019adesione all\u2019UE?<\/h5>\n<\/div>\n<p><\/a><\/p>\n<p><a class=\"dnh-embed-link\" href=\"https:\/\/dailynewshungary.com\/it\/il-commissario-ungherese-dellue-mina-le-riforme-dello-stato-di-diritto-nei-paesi-candidati-alladesione-allue-2\/\"><\/a><\/p>\n","protected":false},"excerpt":{"rendered":"<p>Gioved\u00ec si \u00e8 riunita per la prima volta la nuova tavola rotonda sulla deregolamentazione dell&#8217;Ungheria. Bence Tuzson, commissario governativo per la deregolamentazione, ha dichiarato all&#8217;incontro che l&#8217;organismo \u00e8 stato incaricato di avanzare proposte per ridurre la burocrazia e rendere le regole pi\u00f9 semplici con l&#8217;obiettivo di aumentare la competitivit\u00e0 del paese e rendere la vita [&hellip;]<\/p>\n","protected":false},"author":33,"featured_media":685769,"comment_status":"open","ping_status":"open","sticky":false,"template":"","format":"standard","meta":{"_display_image":"yes","footnotes":""},"categories":[1185],"tags":[1079,1069],"class_list":["post-685768","post","type-post","status-publish","format-standard","has-post-thumbnail","hentry","category-politica-in-ungheria","tag-governo-ungherese","tag-ungheria"],"blocksy_meta":[],"author_username":"ugyelet","telegram_post":"","public_post_metadata":{"breaking_news":"","important":"","csempe":"","center_tile":"","disable_thumbnail":"","target_lang":"","_featured_image_style":"hidden","telegram_post":"","_xlat_group_id":""},"public_rank_math_data":{"title":"%titolo% %sep% %nomesito%","description":"Gioved\u00ec si \u00e8 riunita per la prima volta la nuova tavola rotonda sulla deregolamentazione dell'Ungheria.","focus_keyword":"tavola rotonda","canonical_url":"","robots":"","primary_category":"1185","breadcrumb_title":"","facebook_title":"","facebook_description":"","facebook_image":"","facebook_image_id":"","twitter_title":"","twitter_description":"","twitter_image":"","twitter_image_id":"","twitter_card_type":"","twitter_use_facebook":"","advanced_robots":"","pillar_content":"","seo_score":"65","contentai_score":"","rich_snippet":""},"_links":{"self":[{"href":"https:\/\/dailynewshungary.com\/it\/wp-json\/wp\/v2\/posts\/685768","targetHints":{"allow":["GET"]}}],"collection":[{"href":"https:\/\/dailynewshungary.com\/it\/wp-json\/wp\/v2\/posts"}],"about":[{"href":"https:\/\/dailynewshungary.com\/it\/wp-json\/wp\/v2\/types\/post"}],"author":[{"embeddable":true,"href":"https:\/\/dailynewshungary.com\/it\/wp-json\/wp\/v2\/users\/33"}],"replies":[{"embeddable":true,"href":"https:\/\/dailynewshungary.com\/it\/wp-json\/wp\/v2\/comments?post=685768"}],"version-history":[{"count":0,"href":"https:\/\/dailynewshungary.com\/it\/wp-json\/wp\/v2\/posts\/685768\/revisions"}],"wp:featuredmedia":[{"embeddable":true,"href":"https:\/\/dailynewshungary.com\/it\/wp-json\/wp\/v2\/media\/685769"}],"wp:attachment":[{"href":"https:\/\/dailynewshungary.com\/it\/wp-json\/wp\/v2\/media?parent=685768"}],"wp:term":[{"taxonomy":"category","embeddable":true,"href":"https:\/\/dailynewshungary.com\/it\/wp-json\/wp\/v2\/categories?post=685768"},{"taxonomy":"post_tag","embeddable":true,"href":"https:\/\/dailynewshungary.com\/it\/wp-json\/wp\/v2\/tags?post=685768"}],"curies":[{"name":"wp","href":"https:\/\/api.w.org\/{rel}","templated":true}]}}