{"id":686062,"date":"2023-01-11T19:34:00","date_gmt":"2023-01-11T18:34:00","guid":{"rendered":"https:\/\/dailynewshungary.com\/it\/foto-veszprinim-e-stata-consegnata-ad-atene-il-titolo-di-capitale-europea-della-cultura-2023\/"},"modified":"2023-01-11T19:34:00","modified_gmt":"2023-01-11T18:34:00","slug":"foto-veszprinim-e-stata-consegnata-ad-atene-il-titolo-di-capitale-europea-della-cultura-2023","status":"publish","type":"post","link":"https:\/\/dailynewshungary.com\/it\/foto-veszprinim-e-stata-consegnata-ad-atene-il-titolo-di-capitale-europea-della-cultura-2023\/","title":{"rendered":"FOTO: Veszpr\u00ecn\u00ecm \u00e8 stata consegnata ad Atene il titolo di Capitale europea della cultura 2023"},"content":{"rendered":"<p dir=\"ltr\"><strong>Il 9 gennaio, un evento significativo si \u00e8 svolto durante la cerimonia inaugurale della Capitale Europea della Cultura Handover di \u201cCity of Queens\u201d, Veszpr\u00e9m, a cui \u00e8 stato conferito il prestigioso titolo di Capitale Europea della Cultura 2023, insieme a Timi<b>\u00c1<\/b>oara (Romania) ed Elefsina (Grecia).&nbsp;<\/strong><\/p>\n<p dir=\"ltr\">Il programma ECoC \u00e8 stato fondato oltre 30 anni fa dalla celebre cantante greca ed ex ministro della Cultura Melina Mercouri Lo scopo dell&#8217;iniziativa della direzione generale dell&#8217;Istruzione, della giovent\u00f9, dello sport e della cultura dell&#8217;UE \u00e8 mostrare la ricchezza culturale e la diversit\u00e0 delle citt\u00e0 europee Inoltre, cerca di stimolare la crescita e lo sviluppo sostenendo progetti regionali e attirando il turismo La pittoresca citt\u00e0 storica di Veszpr\u00e9m si \u00e8 impegnata diligentemente per anni per assicurarsi questo ambito titolo e ora sta finalmente realizzando il suo sogno.<\/p>\n<p dir=\"ltr\">Gli organizzatori dell&#8217;ECOC 2023 non avrebbero potuto selezionare una sede pi\u00f9 appropriata per ospitare l&#8217;evento di alto profilo rispetto al Museo dell&#8217;Acropoli nella culla della cultura, Atene. L&#8217;evento \u00e8 stato presieduto da Margaritis Schinas, vicepresidente della Commissione europea che ha presentato brevemente i nuovi titolari dell&#8217;ECOC e ha elogiato nel suo discorso di apertura la ricca e di lunga data cultura di Veszpr\u00e9m e della regione circostante. Seguendo le parole di benvenuto del signor Schinas, ECoC uscente citt\u00e0 del 2022, Kaunas (Lussemburgo) e Nov Sad (Serbia) hanno riflettuto sui progressi significativi raggiunti nell&#8217;anno passato, grazie alle opportunit\u00e0 offerte dal programma ECoC.<\/p>\n<p dir=\"ltr\">Leggi di pi\u00f9: <a href=\"https:\/\/dailynewshungary.com\/it\/governo-cultura-capitale-deuropa-titolo-opportunita-unica-per-veszprem-2\/\">Governo: Cultura capitale d&#8217;Europa titolo &#8216;opportunit\u00e0 unica&#8217; per Veszpr\u00e9m<\/a><\/p>\n<p>La signora Friderika Mike, direttrice dello sviluppo del programma di Veszpr\u00e9m-Balaton PLC, \u00e8 salita sul palco per discutere il significato del prestigioso titolo per Veszpr\u00e9m Ha sottolineato gli sforzi di collaborazione della regione di Bakony-Balaton e di 115 comuni che lavorano per la leadership culturale La signora Mike ha riconosciuto le sfide affrontate dagli insediamenti rurali a causa della pandemia, delle iniziative limitate e del controllo generale della campagna ungherese da parte del turismo internazionale Ha sottolineato che il futuro di una citt\u00e0 si basa sulla resilienza della regione circostante e che il futuro della campagna \u00e8 modellato dalla crescita economica e culturale dei centri regionali.<\/p>\n<p dir=\"ltr\">La signora Mike ha poi proceduto a introdurre il motto del Veszpr\u00e9m-Balaton 2023: <em>Brilla!<\/em><\/p>\n<blockquote>\n<p dir=\"ltr\">\u201cFin dall&#8217;inizio, ci siamo posti l&#8217;ambizioso obiettivo di diventare la prima regione rurale creativa in Ungheria e di trovare la definizione di creativit\u00e0 nel contesto rurale che potrebbe essere implementata non solo nelle campagne ungheresi ma forse anche in quelle europee.\u201d<\/p>\n<\/blockquote>\n<p dir=\"ltr\">Il titolo ECOC 2023, ha spiegato, funge da borsa di studio culturale, offrendo la possibilit\u00e0 di rappresentarsi in Europa e ottenere riconoscimenti Fornisce ai destinatari esperienze per tutta la vita, plasmando cambiamenti positivi non solo nell&#8217;immediato ma anche nei prossimi decenni Ha insistito sul fatto che il titolo ECOC non \u00e8 solo un obiettivo da raggiungere ma soprattutto uno strumento per plasmare il futuro dei suoi titolari, le tre nuove citt\u00e0 di quest&#8217;anno.<\/p>\n<p dir=\"ltr\">Il Programma Veszpr\u00e9m-Balaton 2023, sotto lo slogan <em>Brillare!,<\/em> Promuove un dialogo tra cittadini, artisti, assistenti sociali, produttori di vino e agricoltori, formando una famiglia locale coesa Quest&#8217;anno, ospiteranno una vasta gamma di eventi culturali entusiasmanti nel campo dell&#8217;arte, della musica e del cinema Avendo ricevuto il titolo di Citt\u00e0 della Musica UNESCO nel 2019, Veszpr\u00e9m \u00e8 stato un centro per iniziative artistiche, attirando un pubblico diversificato Nel 2023, il progetto InterUrban, che inizier\u00e0 parallelamente alla Grand Opening del 20 gennaio, presenter\u00e0 melodie, sapori e talenti provenienti da 29 citt\u00e0 e 25 paesi, cambiando ogni due settimane I visitatori possono assistere a concerti, laboratori di scrittori, proiezioni di film e mostre fotografiche mentre si godono l&#8217;incantevole atmosfera rustica della campagna ungherese La prima citt\u00e0 ad essere presentata nella serie \u00e8 Kaunas, Lituania dal 16 al 29 gennaio; seguita da Ghent, Belgio &#8211; 30 gennaio 12 febbraio, Londra, Canada dal 13 al 26 febbraio e cos\u00ec via. Puoi saperne di pi\u00f9 sul programma del programma della campagna ungherese<em> Brilla! <\/em>evento di apertura (21-22 gennaio) <a href=\"https:\/\/veszprembalaton2023.hu\/en\/page\/opening-event\" target=\"_blank\" rel=\"noopener\">QUI<\/a> e guarda le offerte annuali del programma <a href=\"https:\/\/veszprembalaton2023.hu\/en\/page\/events\" target=\"_blank\" rel=\"noopener\">QUI<\/a>. Oppure scarica il file <a href=\"https:\/\/play.google.com\/store\/apps\/details?id=hu.ekf.app&amp;pli=1\" target=\"_blank\" rel=\"noopener\">APP GRATUITA,<\/a> ci\u00f2 render\u00e0 pi\u00f9 semplice tenere traccia delle quasi 3.000 offerte di programmi.<\/p>\n<p><iframe loading=\"lazy\" title=\"YouTube video player\" src=\"\/\/www.youtube.com\/embed\/ga6BvXmqfBs\" width=\"1220\" height=\"686\" frameborder=\"0\" allowfullscreen=\"allowfullscreen\"><\/iframe><\/p>\n<p dir=\"ltr\">A seguito del discorso della signora Mike, il signor Erik Haupt, ambasciatore ungherese in Grecia, ha discusso delle opportunit\u00e0 uniche che Veszpr\u00e9m incontrer\u00e0 come ECOC 2023 e ha sottolineato l&#8217;importanza di consolidare la posizione dei vincitori come leader culturali Il pubblico ha accolto squadre provenienti dalle altre due citt\u00e0, Timitenegrooara ed Elefsina Il momento supremo dell&#8217;evento ha visto i rappresentanti di Veszpr\u00e9m e delle altre due citt\u00e0 ricevere i loro trofei e partire con parole di auguri per i loro importanti viaggi.<\/p>\n<p dir=\"ltr\"><em><img alt=\"Cleardot\" decoding=\"async\" class=\"ajT\" src=\"https:\/\/ssl.gstatic.com\/ui\/v1\/icons\/mail\/images\/cleardot.gif\"><\/em>Siamo entusiasti di vedere cosa riserva quest&#8217;anno per la regione Veszpr\u00e9m-Balaton e di riferire sui prossimi eventi di questa nuova Capitale Europea della Cultura Congratulazioni, Veszpr\u00e9m, per questo notevole risultato!<\/p>\n<div class=\"yj6qo ajU\">\n<div tabindex=\"0\" role=\"button\" aria-label=\"Hide expanded content\" aria-expanded=\"true\" data-tooltip=\"Hide expanded content\"><em>Ulteriori informazioni sul programma Veszpr\u00e9m-Balaton ECOC 2023 seguendoli sui social media:&nbsp;<\/em><\/div>\n<\/div>\n<div tabindex=\"0\" role=\"button\" aria-label=\"Hide expanded content\" aria-expanded=\"true\" data-tooltip=\"Hide expanded content\"><\/div>\n<div tabindex=\"0\" role=\"button\" aria-label=\"Hide expanded content\" aria-expanded=\"true\" data-tooltip=\"Hide expanded content\"><a href=\"https:\/\/www.facebook.com\/VeszpremBalaton2023\/\" target=\"_blank\" rel=\"noopener\"><em>VEB 2023 Facebook<\/em><\/a><\/div>\n<div tabindex=\"0\" role=\"button\" aria-label=\"Hide expanded content\" aria-expanded=\"true\" data-tooltip=\"Hide expanded content\"><a href=\"https:\/\/www.instagram.com\/veszprembalaton2023\/\" target=\"_blank\" rel=\"noopener\"><em>VEB 2023 Instagram&nbsp;<\/em><\/a><\/div>\n<div tabindex=\"0\" role=\"button\" aria-label=\"Hide expanded content\" aria-expanded=\"true\" data-tooltip=\"Hide expanded content\"><a href=\"https:\/\/www.youtube.com\/channel\/UCEXXLKVQnFKDbOlptyY5S6A\/featured\" target=\"_blank\" rel=\"noopener\"><em>VEB 2023 YouTube<\/em><\/a><\/div>\n<div tabindex=\"0\" role=\"button\" aria-label=\"Hide expanded content\" aria-expanded=\"true\" data-tooltip=\"Hide expanded content\"><em>L&#8217;ufficiale <a href=\"https:\/\/veszprembalaton2023.hu\/en\/page\/events\" target=\"_blank\" rel=\"noopener\">Sito web VEB 2023<\/a>, disponibile in inglese e tedesco<\/em><\/div>\n<div class=\"yj6qo ajU\">\n<div tabindex=\"0\" role=\"button\" aria-label=\"Hide expanded content\" aria-expanded=\"true\" data-tooltip=\"Hide expanded content\"><\/div>\n<\/div>\n<div id=\"gallery-7\" class=\"gallery galleryid-541092 gallery-columns-3 gallery-size-thumbnail\">\n<figure class=\"gallery-item\">\n<div class=\"gallery-icon landscape\">\n\t\t\t\t<a href=\"https:\/\/dailynewshungary.com\/it\/foto-veszprinim-e-stato-consegnato-ad-atene-il-titolo-di-capitale-europea-della-cultura-2023\/\"><img loading=\"lazy\" decoding=\"async\" width=\"282\" height=\"159\" src=\"https:\/\/contentf5.dailynewshungary.com\/wp-content\/uploads\/2023\/01\/Veszpre\u0307m-awarded-Europes-Capital-of-Culture-2023-1.jpg\" class=\"attachment-thumbnail size-thumbnail\" alt=\"Veszprsm premiata Capitale Europea della Cultura 2023 - Fonte: John Stathis Photographer\" srcset=\"https:\/\/contentf5.dailynewshungary.com\/wp-content\/uploads\/2023\/01\/Veszpre\u0307m-awarded-Europes-Capital-of-Culture-2023-1.jpg 1640w, https:\/\/contentf5.dailynewshungary.com\/wp-content\/uploads\/2023\/01\/Veszpre\u0307m-awarded-Europes-Capital-of-Culture-2023-1-768x433.jpg 768w, https:\/\/contentf5.dailynewshungary.com\/wp-content\/uploads\/2023\/01\/Veszpre\u0307m-awarded-Europes-Capital-of-Culture-2023-1-1536x865.jpg 1536w, https:\/\/contentf5.dailynewshungary.com\/wp-content\/uploads\/2023\/01\/Veszpre\u0307m-awarded-Europes-Capital-of-Culture-2023-1-370x208.jpg 370w, https:\/\/contentf5.dailynewshungary.com\/wp-content\/uploads\/2023\/01\/Veszpre\u0307m-awarded-Europes-Capital-of-Culture-2023-1-248x140.jpg 248w, https:\/\/contentf5.dailynewshungary.com\/wp-content\/uploads\/2023\/01\/Veszpre\u0307m-awarded-Europes-Capital-of-Culture-2023-1-1030x580.jpg 1030w, https:\/\/contentf5.dailynewshungary.com\/wp-content\/uploads\/2023\/01\/Veszpre\u0307m-awarded-Europes-Capital-of-Culture-2023-1-260x146.jpg 260w, https:\/\/contentf5.dailynewshungary.com\/wp-content\/uploads\/2023\/01\/Veszpre\u0307m-awarded-Europes-Capital-of-Culture-2023-1-50x28.jpg 50w, https:\/\/contentf5.dailynewshungary.com\/wp-content\/uploads\/2023\/01\/Veszpre\u0307m-awarded-Europes-Capital-of-Culture-2023-1-133x75.jpg 133w\" sizes=\"auto, (max-width: 282px) 100vw, 282px\"><\/a>\n\t\t\t<\/div>\n<\/figure>\n<figure class=\"gallery-item\">\n<div class=\"gallery-icon landscape\">\n\t\t\t\t<a href=\"https:\/\/dailynewshungary.com\/it\/foto-veszprinim-e-stato-consegnato-ad-atene-il-titolo-di-capitale-europea-della-cultura-2023\/\"><img loading=\"lazy\" decoding=\"async\" width=\"282\" height=\"159\" src=\"https:\/\/contentf5.dailynewshungary.com\/wp-content\/uploads\/2023\/01\/Veszpre\u0307m-awarded-Europes-Capital-of-Culture-2023-2.jpg\" class=\"attachment-thumbnail size-thumbnail\" alt=\"Veszprsm premiata Capitale Europea della Cultura 2023 - Fonte: John Stathis Photographer\" srcset=\"https:\/\/contentf5.dailynewshungary.com\/wp-content\/uploads\/2023\/01\/Veszpre\u0307m-awarded-Europes-Capital-of-Culture-2023-2.jpg 1640w, https:\/\/contentf5.dailynewshungary.com\/wp-content\/uploads\/2023\/01\/Veszpre\u0307m-awarded-Europes-Capital-of-Culture-2023-2-768x433.jpg 768w, https:\/\/contentf5.dailynewshungary.com\/wp-content\/uploads\/2023\/01\/Veszpre\u0307m-awarded-Europes-Capital-of-Culture-2023-2-1536x865.jpg 1536w, https:\/\/contentf5.dailynewshungary.com\/wp-content\/uploads\/2023\/01\/Veszpre\u0307m-awarded-Europes-Capital-of-Culture-2023-2-370x208.jpg 370w, https:\/\/contentf5.dailynewshungary.com\/wp-content\/uploads\/2023\/01\/Veszpre\u0307m-awarded-Europes-Capital-of-Culture-2023-2-248x140.jpg 248w, https:\/\/contentf5.dailynewshungary.com\/wp-content\/uploads\/2023\/01\/Veszpre\u0307m-awarded-Europes-Capital-of-Culture-2023-2-1030x580.jpg 1030w, https:\/\/contentf5.dailynewshungary.com\/wp-content\/uploads\/2023\/01\/Veszpre\u0307m-awarded-Europes-Capital-of-Culture-2023-2-260x146.jpg 260w, https:\/\/contentf5.dailynewshungary.com\/wp-content\/uploads\/2023\/01\/Veszpre\u0307m-awarded-Europes-Capital-of-Culture-2023-2-50x28.jpg 50w, https:\/\/contentf5.dailynewshungary.com\/wp-content\/uploads\/2023\/01\/Veszpre\u0307m-awarded-Europes-Capital-of-Culture-2023-2-133x75.jpg 133w\" sizes=\"auto, (max-width: 282px) 100vw, 282px\"><\/a>\n\t\t\t<\/div>\n<\/figure>\n<figure class=\"gallery-item\">\n<div class=\"gallery-icon landscape\">\n\t\t\t\t<a href=\"https:\/\/dailynewshungary.com\/it\/foto-veszprinim-e-stato-consegnato-ad-atene-il-titolo-di-capitale-europea-della-cultura-2023\/\"><img loading=\"lazy\" decoding=\"async\" width=\"282\" height=\"159\" src=\"https:\/\/contentf5.dailynewshungary.com\/wp-content\/uploads\/2023\/01\/Veszpre\u0307m-awarded-Europes-Capital-of-Culture-2023-3.jpg\" class=\"attachment-thumbnail size-thumbnail\" alt=\"Veszprsm premiata Capitale Europea della Cultura 2023 - Fonte: John Stathis Photographer\" srcset=\"https:\/\/contentf5.dailynewshungary.com\/wp-content\/uploads\/2023\/01\/Veszpre\u0307m-awarded-Europes-Capital-of-Culture-2023-3.jpg 1640w, https:\/\/contentf5.dailynewshungary.com\/wp-content\/uploads\/2023\/01\/Veszpre\u0307m-awarded-Europes-Capital-of-Culture-2023-3-768x433.jpg 768w, https:\/\/contentf5.dailynewshungary.com\/wp-content\/uploads\/2023\/01\/Veszpre\u0307m-awarded-Europes-Capital-of-Culture-2023-3-1536x865.jpg 1536w, https:\/\/contentf5.dailynewshungary.com\/wp-content\/uploads\/2023\/01\/Veszpre\u0307m-awarded-Europes-Capital-of-Culture-2023-3-370x208.jpg 370w, https:\/\/contentf5.dailynewshungary.com\/wp-content\/uploads\/2023\/01\/Veszpre\u0307m-awarded-Europes-Capital-of-Culture-2023-3-248x140.jpg 248w, https:\/\/contentf5.dailynewshungary.com\/wp-content\/uploads\/2023\/01\/Veszpre\u0307m-awarded-Europes-Capital-of-Culture-2023-3-1030x580.jpg 1030w, https:\/\/contentf5.dailynewshungary.com\/wp-content\/uploads\/2023\/01\/Veszpre\u0307m-awarded-Europes-Capital-of-Culture-2023-3-260x146.jpg 260w, https:\/\/contentf5.dailynewshungary.com\/wp-content\/uploads\/2023\/01\/Veszpre\u0307m-awarded-Europes-Capital-of-Culture-2023-3-50x28.jpg 50w, https:\/\/contentf5.dailynewshungary.com\/wp-content\/uploads\/2023\/01\/Veszpre\u0307m-awarded-Europes-Capital-of-Culture-2023-3-133x75.jpg 133w\" sizes=\"auto, (max-width: 282px) 100vw, 282px\"><\/a>\n\t\t\t<\/div>\n<\/figure>\n<figure class=\"gallery-item\">\n<div class=\"gallery-icon landscape\">\n\t\t\t\t<a href=\"https:\/\/dailynewshungary.com\/it\/foto-veszprinim-e-stato-consegnato-ad-atene-il-titolo-di-capitale-europea-della-cultura-2023\/\"><img loading=\"lazy\" decoding=\"async\" width=\"282\" height=\"159\" src=\"https:\/\/contentf5.dailynewshungary.com\/wp-content\/uploads\/2023\/01\/Veszpre\u0307m-awarded-Europes-Capital-of-Culture-2023-4.jpg\" class=\"attachment-thumbnail size-thumbnail\" alt=\"Veszprsm premiata Capitale Europea della Cultura 2023 - Fonte: John Stathis Photographer\" srcset=\"https:\/\/contentf5.dailynewshungary.com\/wp-content\/uploads\/2023\/01\/Veszpre\u0307m-awarded-Europes-Capital-of-Culture-2023-4.jpg 1640w, https:\/\/contentf5.dailynewshungary.com\/wp-content\/uploads\/2023\/01\/Veszpre\u0307m-awarded-Europes-Capital-of-Culture-2023-4-768x433.jpg 768w, https:\/\/contentf5.dailynewshungary.com\/wp-content\/uploads\/2023\/01\/Veszpre\u0307m-awarded-Europes-Capital-of-Culture-2023-4-1536x865.jpg 1536w, https:\/\/contentf5.dailynewshungary.com\/wp-content\/uploads\/2023\/01\/Veszpre\u0307m-awarded-Europes-Capital-of-Culture-2023-4-370x208.jpg 370w, https:\/\/contentf5.dailynewshungary.com\/wp-content\/uploads\/2023\/01\/Veszpre\u0307m-awarded-Europes-Capital-of-Culture-2023-4-248x140.jpg 248w, https:\/\/contentf5.dailynewshungary.com\/wp-content\/uploads\/2023\/01\/Veszpre\u0307m-awarded-Europes-Capital-of-Culture-2023-4-1030x580.jpg 1030w, https:\/\/contentf5.dailynewshungary.com\/wp-content\/uploads\/2023\/01\/Veszpre\u0307m-awarded-Europes-Capital-of-Culture-2023-4-260x146.jpg 260w, https:\/\/contentf5.dailynewshungary.com\/wp-content\/uploads\/2023\/01\/Veszpre\u0307m-awarded-Europes-Capital-of-Culture-2023-4-50x28.jpg 50w, https:\/\/contentf5.dailynewshungary.com\/wp-content\/uploads\/2023\/01\/Veszpre\u0307m-awarded-Europes-Capital-of-Culture-2023-4-133x75.jpg 133w\" sizes=\"auto, (max-width: 282px) 100vw, 282px\"><\/a>\n\t\t\t<\/div>\n<\/figure>\n<figure class=\"gallery-item\">\n<div class=\"gallery-icon landscape\">\n\t\t\t\t<a href=\"https:\/\/dailynewshungary.com\/it\/foto-veszprinim-e-stato-consegnato-ad-atene-il-titolo-di-capitale-europea-della-cultura-2023\/\"><img loading=\"lazy\" decoding=\"async\" width=\"282\" height=\"159\" src=\"https:\/\/contentf5.dailynewshungary.com\/wp-content\/uploads\/2023\/01\/Veszpre\u0307m-awarded-Europes-Capital-of-Culture-2023-5.jpg\" class=\"attachment-thumbnail size-thumbnail\" alt=\"Veszprsm premiata Capitale Europea della Cultura 2023 - Fonte: John Stathis Photographer\" srcset=\"https:\/\/contentf5.dailynewshungary.com\/wp-content\/uploads\/2023\/01\/Veszpre\u0307m-awarded-Europes-Capital-of-Culture-2023-5.jpg 1640w, https:\/\/contentf5.dailynewshungary.com\/wp-content\/uploads\/2023\/01\/Veszpre\u0307m-awarded-Europes-Capital-of-Culture-2023-5-768x433.jpg 768w, https:\/\/contentf5.dailynewshungary.com\/wp-content\/uploads\/2023\/01\/Veszpre\u0307m-awarded-Europes-Capital-of-Culture-2023-5-1536x865.jpg 1536w, https:\/\/contentf5.dailynewshungary.com\/wp-content\/uploads\/2023\/01\/Veszpre\u0307m-awarded-Europes-Capital-of-Culture-2023-5-370x208.jpg 370w, https:\/\/contentf5.dailynewshungary.com\/wp-content\/uploads\/2023\/01\/Veszpre\u0307m-awarded-Europes-Capital-of-Culture-2023-5-248x140.jpg 248w, https:\/\/contentf5.dailynewshungary.com\/wp-content\/uploads\/2023\/01\/Veszpre\u0307m-awarded-Europes-Capital-of-Culture-2023-5-1030x580.jpg 1030w, https:\/\/contentf5.dailynewshungary.com\/wp-content\/uploads\/2023\/01\/Veszpre\u0307m-awarded-Europes-Capital-of-Culture-2023-5-260x146.jpg 260w, https:\/\/contentf5.dailynewshungary.com\/wp-content\/uploads\/2023\/01\/Veszpre\u0307m-awarded-Europes-Capital-of-Culture-2023-5-50x28.jpg 50w, https:\/\/contentf5.dailynewshungary.com\/wp-content\/uploads\/2023\/01\/Veszpre\u0307m-awarded-Europes-Capital-of-Culture-2023-5-133x75.jpg 133w\" sizes=\"auto, (max-width: 282px) 100vw, 282px\"><\/a>\n\t\t\t<\/div>\n<\/figure>\n<figure class=\"gallery-item\">\n<div class=\"gallery-icon landscape\">\n\t\t\t\t<a href=\"https:\/\/dailynewshungary.com\/it\/foto-veszprinim-e-stato-consegnato-ad-atene-il-titolo-di-capitale-europea-della-cultura-2023\/\"><img loading=\"lazy\" decoding=\"async\" width=\"282\" height=\"159\" src=\"https:\/\/contentf5.dailynewshungary.com\/wp-content\/uploads\/2023\/01\/Veszpre\u0307m-awarded-Europes-Capital-of-Culture-2023-6.jpg\" class=\"attachment-thumbnail size-thumbnail\" alt=\"Veszprsm premiata Capitale Europea della Cultura 2023 - Fonte: John Stathis Photographer\" srcset=\"https:\/\/contentf5.dailynewshungary.com\/wp-content\/uploads\/2023\/01\/Veszpre\u0307m-awarded-Europes-Capital-of-Culture-2023-6.jpg 1640w, https:\/\/contentf5.dailynewshungary.com\/wp-content\/uploads\/2023\/01\/Veszpre\u0307m-awarded-Europes-Capital-of-Culture-2023-6-768x433.jpg 768w, https:\/\/contentf5.dailynewshungary.com\/wp-content\/uploads\/2023\/01\/Veszpre\u0307m-awarded-Europes-Capital-of-Culture-2023-6-1536x865.jpg 1536w, https:\/\/contentf5.dailynewshungary.com\/wp-content\/uploads\/2023\/01\/Veszpre\u0307m-awarded-Europes-Capital-of-Culture-2023-6-370x208.jpg 370w, https:\/\/contentf5.dailynewshungary.com\/wp-content\/uploads\/2023\/01\/Veszpre\u0307m-awarded-Europes-Capital-of-Culture-2023-6-248x140.jpg 248w, https:\/\/contentf5.dailynewshungary.com\/wp-content\/uploads\/2023\/01\/Veszpre\u0307m-awarded-Europes-Capital-of-Culture-2023-6-1030x580.jpg 1030w, https:\/\/contentf5.dailynewshungary.com\/wp-content\/uploads\/2023\/01\/Veszpre\u0307m-awarded-Europes-Capital-of-Culture-2023-6-260x146.jpg 260w, https:\/\/contentf5.dailynewshungary.com\/wp-content\/uploads\/2023\/01\/Veszpre\u0307m-awarded-Europes-Capital-of-Culture-2023-6-50x28.jpg 50w, https:\/\/contentf5.dailynewshungary.com\/wp-content\/uploads\/2023\/01\/Veszpre\u0307m-awarded-Europes-Capital-of-Culture-2023-6-133x75.jpg 133w\" sizes=\"auto, (max-width: 282px) 100vw, 282px\"><\/a>\n\t\t\t<\/div>\n<\/figure>\n<figure class=\"gallery-item\">\n<div class=\"gallery-icon landscape\">\n\t\t\t\t<a href=\"https:\/\/dailynewshungary.com\/it\/foto-veszprinim-e-stato-consegnato-ad-atene-il-titolo-di-capitale-europea-della-cultura-2023\/\"><img loading=\"lazy\" decoding=\"async\" width=\"282\" height=\"159\" src=\"https:\/\/contentf5.dailynewshungary.com\/wp-content\/uploads\/2023\/01\/Veszpre\u0307m-awarded-Europes-Capital-of-Culture-2023-7.jpg\" class=\"attachment-thumbnail size-thumbnail\" alt=\"Veszprsm premiata Capitale Europea della Cultura 2023 - Fonte: John Stathis Photographer\" srcset=\"https:\/\/contentf5.dailynewshungary.com\/wp-content\/uploads\/2023\/01\/Veszpre\u0307m-awarded-Europes-Capital-of-Culture-2023-7.jpg 1640w, https:\/\/contentf5.dailynewshungary.com\/wp-content\/uploads\/2023\/01\/Veszpre\u0307m-awarded-Europes-Capital-of-Culture-2023-7-768x433.jpg 768w, https:\/\/contentf5.dailynewshungary.com\/wp-content\/uploads\/2023\/01\/Veszpre\u0307m-awarded-Europes-Capital-of-Culture-2023-7-1536x865.jpg 1536w, https:\/\/contentf5.dailynewshungary.com\/wp-content\/uploads\/2023\/01\/Veszpre\u0307m-awarded-Europes-Capital-of-Culture-2023-7-370x208.jpg 370w, https:\/\/contentf5.dailynewshungary.com\/wp-content\/uploads\/2023\/01\/Veszpre\u0307m-awarded-Europes-Capital-of-Culture-2023-7-248x140.jpg 248w, https:\/\/contentf5.dailynewshungary.com\/wp-content\/uploads\/2023\/01\/Veszpre\u0307m-awarded-Europes-Capital-of-Culture-2023-7-1030x580.jpg 1030w, https:\/\/contentf5.dailynewshungary.com\/wp-content\/uploads\/2023\/01\/Veszpre\u0307m-awarded-Europes-Capital-of-Culture-2023-7-260x146.jpg 260w, https:\/\/contentf5.dailynewshungary.com\/wp-content\/uploads\/2023\/01\/Veszpre\u0307m-awarded-Europes-Capital-of-Culture-2023-7-50x28.jpg 50w, https:\/\/contentf5.dailynewshungary.com\/wp-content\/uploads\/2023\/01\/Veszpre\u0307m-awarded-Europes-Capital-of-Culture-2023-7-133x75.jpg 133w\" sizes=\"auto, (max-width: 282px) 100vw, 282px\"><\/a>\n\t\t\t<\/div>\n<\/figure>\n<figure class=\"gallery-item\">\n<div class=\"gallery-icon landscape\">\n\t\t\t\t<a href=\"https:\/\/dailynewshungary.com\/it\/foto-veszprinim-e-stato-consegnato-ad-atene-il-titolo-di-capitale-europea-della-cultura-2023\/\"><img loading=\"lazy\" decoding=\"async\" width=\"282\" height=\"159\" src=\"https:\/\/contentf5.dailynewshungary.com\/wp-content\/uploads\/2023\/01\/Veszpre\u0307m-awarded-Europes-Capital-of-Culture-2023-8.jpg\" class=\"attachment-thumbnail size-thumbnail\" alt=\"Veszprsm premiata Capitale Europea della Cultura 2023 - Fonte: John Stathis Photographer\" srcset=\"https:\/\/contentf5.dailynewshungary.com\/wp-content\/uploads\/2023\/01\/Veszpre\u0307m-awarded-Europes-Capital-of-Culture-2023-8.jpg 1640w, https:\/\/contentf5.dailynewshungary.com\/wp-content\/uploads\/2023\/01\/Veszpre\u0307m-awarded-Europes-Capital-of-Culture-2023-8-768x433.jpg 768w, https:\/\/contentf5.dailynewshungary.com\/wp-content\/uploads\/2023\/01\/Veszpre\u0307m-awarded-Europes-Capital-of-Culture-2023-8-1536x865.jpg 1536w, https:\/\/contentf5.dailynewshungary.com\/wp-content\/uploads\/2023\/01\/Veszpre\u0307m-awarded-Europes-Capital-of-Culture-2023-8-370x208.jpg 370w, https:\/\/contentf5.dailynewshungary.com\/wp-content\/uploads\/2023\/01\/Veszpre\u0307m-awarded-Europes-Capital-of-Culture-2023-8-248x140.jpg 248w, https:\/\/contentf5.dailynewshungary.com\/wp-content\/uploads\/2023\/01\/Veszpre\u0307m-awarded-Europes-Capital-of-Culture-2023-8-1030x580.jpg 1030w, https:\/\/contentf5.dailynewshungary.com\/wp-content\/uploads\/2023\/01\/Veszpre\u0307m-awarded-Europes-Capital-of-Culture-2023-8-260x146.jpg 260w, https:\/\/contentf5.dailynewshungary.com\/wp-content\/uploads\/2023\/01\/Veszpre\u0307m-awarded-Europes-Capital-of-Culture-2023-8-50x28.jpg 50w, https:\/\/contentf5.dailynewshungary.com\/wp-content\/uploads\/2023\/01\/Veszpre\u0307m-awarded-Europes-Capital-of-Culture-2023-8-133x75.jpg 133w\" sizes=\"auto, (max-width: 282px) 100vw, 282px\"><\/a>\n\t\t\t<\/div>\n<\/figure>\n<figure class=\"gallery-item\">\n<div class=\"gallery-icon landscape\">\n\t\t\t\t<a href=\"https:\/\/dailynewshungary.com\/it\/foto-veszprinim-e-stato-consegnato-ad-atene-il-titolo-di-capitale-europea-della-cultura-2023\/\"><img loading=\"lazy\" decoding=\"async\" width=\"282\" height=\"159\" src=\"https:\/\/contentf5.dailynewshungary.com\/wp-content\/uploads\/2023\/01\/Veszpre\u0307m-awarded-Europes-Capital-of-Culture-2023-9.jpg\" class=\"attachment-thumbnail size-thumbnail\" alt=\"Veszprsm premiata Capitale Europea della Cultura 2023 - Fonte: John Stathis Photographer\" srcset=\"https:\/\/contentf5.dailynewshungary.com\/wp-content\/uploads\/2023\/01\/Veszpre\u0307m-awarded-Europes-Capital-of-Culture-2023-9.jpg 1640w, https:\/\/contentf5.dailynewshungary.com\/wp-content\/uploads\/2023\/01\/Veszpre\u0307m-awarded-Europes-Capital-of-Culture-2023-9-768x433.jpg 768w, https:\/\/contentf5.dailynewshungary.com\/wp-content\/uploads\/2023\/01\/Veszpre\u0307m-awarded-Europes-Capital-of-Culture-2023-9-1536x865.jpg 1536w, https:\/\/contentf5.dailynewshungary.com\/wp-content\/uploads\/2023\/01\/Veszpre\u0307m-awarded-Europes-Capital-of-Culture-2023-9-370x208.jpg 370w, https:\/\/contentf5.dailynewshungary.com\/wp-content\/uploads\/2023\/01\/Veszpre\u0307m-awarded-Europes-Capital-of-Culture-2023-9-248x140.jpg 248w, https:\/\/contentf5.dailynewshungary.com\/wp-content\/uploads\/2023\/01\/Veszpre\u0307m-awarded-Europes-Capital-of-Culture-2023-9-1030x580.jpg 1030w, https:\/\/contentf5.dailynewshungary.com\/wp-content\/uploads\/2023\/01\/Veszpre\u0307m-awarded-Europes-Capital-of-Culture-2023-9-260x146.jpg 260w, https:\/\/contentf5.dailynewshungary.com\/wp-content\/uploads\/2023\/01\/Veszpre\u0307m-awarded-Europes-Capital-of-Culture-2023-9-50x28.jpg 50w, https:\/\/contentf5.dailynewshungary.com\/wp-content\/uploads\/2023\/01\/Veszpre\u0307m-awarded-Europes-Capital-of-Culture-2023-9-133x75.jpg 133w\" sizes=\"auto, (max-width: 282px) 100vw, 282px\"><\/a>\n\t\t\t<\/div>\n<\/figure>\n<figure class=\"gallery-item\">\n<div class=\"gallery-icon landscape\">\n\t\t\t\t<a href=\"https:\/\/dailynewshungary.com\/it\/foto-veszprinim-e-stato-consegnato-ad-atene-il-titolo-di-capitale-europea-della-cultura-2023\/\"><img loading=\"lazy\" decoding=\"async\" width=\"282\" height=\"159\" src=\"https:\/\/contentf5.dailynewshungary.com\/wp-content\/uploads\/2023\/01\/Veszpre\u0307m-awarded-Europes-Capital-of-Culture-2023-10.jpg\" class=\"attachment-thumbnail size-thumbnail\" alt=\"Veszprsm premiata Capitale Europea della Cultura 2023 - Fonte: John Stathis Photographer\" srcset=\"https:\/\/contentf5.dailynewshungary.com\/wp-content\/uploads\/2023\/01\/Veszpre\u0307m-awarded-Europes-Capital-of-Culture-2023-10.jpg 1640w, https:\/\/contentf5.dailynewshungary.com\/wp-content\/uploads\/2023\/01\/Veszpre\u0307m-awarded-Europes-Capital-of-Culture-2023-10-768x433.jpg 768w, https:\/\/contentf5.dailynewshungary.com\/wp-content\/uploads\/2023\/01\/Veszpre\u0307m-awarded-Europes-Capital-of-Culture-2023-10-1536x865.jpg 1536w, https:\/\/contentf5.dailynewshungary.com\/wp-content\/uploads\/2023\/01\/Veszpre\u0307m-awarded-Europes-Capital-of-Culture-2023-10-370x208.jpg 370w, https:\/\/contentf5.dailynewshungary.com\/wp-content\/uploads\/2023\/01\/Veszpre\u0307m-awarded-Europes-Capital-of-Culture-2023-10-248x140.jpg 248w, https:\/\/contentf5.dailynewshungary.com\/wp-content\/uploads\/2023\/01\/Veszpre\u0307m-awarded-Europes-Capital-of-Culture-2023-10-1030x580.jpg 1030w, https:\/\/contentf5.dailynewshungary.com\/wp-content\/uploads\/2023\/01\/Veszpre\u0307m-awarded-Europes-Capital-of-Culture-2023-10-260x146.jpg 260w, https:\/\/contentf5.dailynewshungary.com\/wp-content\/uploads\/2023\/01\/Veszpre\u0307m-awarded-Europes-Capital-of-Culture-2023-10-50x28.jpg 50w, https:\/\/contentf5.dailynewshungary.com\/wp-content\/uploads\/2023\/01\/Veszpre\u0307m-awarded-Europes-Capital-of-Culture-2023-10-133x75.jpg 133w\" sizes=\"auto, (max-width: 282px) 100vw, 282px\"><\/a>\n\t\t\t<\/div>\n<\/figure>\n<\/div>\n<div tabindex=\"0\" role=\"button\" aria-label=\"Hide expanded content\" aria-expanded=\"true\" data-tooltip=\"Hide expanded content\">\n<p>Leggi di pi\u00f9: <a href=\"https:\/\/dailynewshungary.com\/it\/lungherese-city-of-queens-allora-e-ora-foto\/\">Veszpr\u00e9m: l&#8217;ungherese \u201cCitt\u00e0 delle Regine allora e ora FOTO<\/a><\/p>\n<\/div>\n","protected":false},"excerpt":{"rendered":"<p>Il 9 gennaio, un evento significativo si \u00e8 svolto durante la cerimonia inaugurale della Capitale Europea della Cultura Handover di \u201cCity of Queens\u201d, Veszpr\u00e9m, a cui \u00e8 stato conferito il prestigioso titolo di Capitale Europea della Cultura 2023, insieme a Timi\u00c1oara (Romania) ed Elefsina (Grecia).&nbsp; Il programma ECoC \u00e8 stato fondato oltre 30 anni fa [&hellip;]<\/p>\n","protected":false},"author":59,"featured_media":686063,"comment_status":"open","ping_status":"open","sticky":false,"template":"","format":"standard","meta":{"_display_image":"yes","footnotes":""},"categories":[1207],"tags":[1661,1222,1127,1321,1161],"class_list":["post-686062","post","type-post","status-publish","format-standard","has-post-thumbnail","hentry","category-societa-in-ungheria","tag-capitale-europea-della-cultura-2023-veszprem","tag-europa","tag-galleria-fotografica","tag-guida-ai-programmi","tag-musica"],"blocksy_meta":[],"author_username":"Jeleonora","telegram_post":"","public_post_metadata":{"breaking_news":"","important":"","csempe":"","center_tile":"","disable_thumbnail":"","target_lang":"","_featured_image_style":"hidden","telegram_post":"","_xlat_group_id":""},"public_rank_math_data":{"title":"%titolo% %sep% %nomesito%","description":"Daily News L'Ungheria ha partecipato alla cerimonia di consegna della Capitale europea della cultura 2023 per assistere al ricevimento del prestigioso titolo da parte di Veszpr\u00e9m.","focus_keyword":"Veszpr\u00e9m","canonical_url":"","robots":"","primary_category":"1207","breadcrumb_title":"","facebook_title":"","facebook_description":"","facebook_image":"","facebook_image_id":"","twitter_title":"","twitter_description":"","twitter_image":"","twitter_image_id":"","twitter_card_type":"","twitter_use_facebook":"","advanced_robots":"","pillar_content":"","seo_score":"76","contentai_score":"","rich_snippet":""},"_links":{"self":[{"href":"https:\/\/dailynewshungary.com\/it\/wp-json\/wp\/v2\/posts\/686062","targetHints":{"allow":["GET"]}}],"collection":[{"href":"https:\/\/dailynewshungary.com\/it\/wp-json\/wp\/v2\/posts"}],"about":[{"href":"https:\/\/dailynewshungary.com\/it\/wp-json\/wp\/v2\/types\/post"}],"author":[{"embeddable":true,"href":"https:\/\/dailynewshungary.com\/it\/wp-json\/wp\/v2\/users\/59"}],"replies":[{"embeddable":true,"href":"https:\/\/dailynewshungary.com\/it\/wp-json\/wp\/v2\/comments?post=686062"}],"version-history":[{"count":0,"href":"https:\/\/dailynewshungary.com\/it\/wp-json\/wp\/v2\/posts\/686062\/revisions"}],"wp:featuredmedia":[{"embeddable":true,"href":"https:\/\/dailynewshungary.com\/it\/wp-json\/wp\/v2\/media\/686063"}],"wp:attachment":[{"href":"https:\/\/dailynewshungary.com\/it\/wp-json\/wp\/v2\/media?parent=686062"}],"wp:term":[{"taxonomy":"category","embeddable":true,"href":"https:\/\/dailynewshungary.com\/it\/wp-json\/wp\/v2\/categories?post=686062"},{"taxonomy":"post_tag","embeddable":true,"href":"https:\/\/dailynewshungary.com\/it\/wp-json\/wp\/v2\/tags?post=686062"}],"curies":[{"name":"wp","href":"https:\/\/api.w.org\/{rel}","templated":true}]}}