{"id":686346,"date":"2023-01-03T09:34:00","date_gmt":"2023-01-03T08:34:00","guid":{"rendered":"https:\/\/dailynewshungary.com\/it\/prognosi-lungheria-vedra-un-deterioramento-record-del-tenore-di-vita-nel-2023-2\/"},"modified":"2023-01-03T09:34:00","modified_gmt":"2023-01-03T08:34:00","slug":"prognosi-lungheria-vedra-un-deterioramento-record-del-tenore-di-vita-nel-2023-2","status":"publish","type":"post","link":"https:\/\/dailynewshungary.com\/it\/prognosi-lungheria-vedra-un-deterioramento-record-del-tenore-di-vita-nel-2023-2\/","title":{"rendered":"Prognosi: l\u2019Ungheria vedr\u00e0 un deterioramento record del tenore di vita nel 2023"},"content":{"rendered":"<p><strong>Il 2022 \u00e8 stato un anno particolarmente impegnativo per gli ungheresi L&#8217;inflazione record abbinata ai prezzi generali alle stelle e al deterioramento del tasso di cambio del fiorino ha avuto tutti effetti negativi sul tenore di vita delle persone Purtroppo il 2023 promette di non essere migliore Quali sono le prospettive riguardo ai salari di quest&#8217;anno e alla qualit\u00e0 complessiva della vita secondo gli esperti? continua a leggere per scoprirlo.<\/strong><\/p>\n<p>Esiste una significativa divergenza tra le previsioni del governo e della banca centrale sui salari reali <a href=\"https:\/\/www.portfolio.hu\/gazdasag\/20230102\/evtizedek-ota-nem-latott-eletszinvonal-romlas-johet-iden-magyarorszagon-588096\" target=\"_blank\" rel=\"noopener\">Portafoglio<\/a> rapporti Mentre il governo prevede una crescita minima, la banca centrale prevede un calo significativo Secondo i macroeconomisti, quest&#8217;ultimo scenario potrebbe concretizzarsi, ma con una svolta interessante.<\/p>\n<p>I salari lordi potrebbero aumentare di quasi il 16 per cento quest&#8217;anno, secondo un <a href=\"https:\/\/kormany.hu\/dokumentumtar\/makrogazdasagi-es-koltsegvetesi-elorejelzes-2022-2026\" target=\"_blank\" rel=\"noopener\">previsione governativa<\/a> pubblicato di recente Poich\u00e9 la leadership prevede che l&#8217;inflazione sar\u00e0 del 15 per cento, la previsione include un piccolo aumento dei salari reali inferiore all&#8217;1 per cento.<\/p>\n<ul>\n<li>Leggi anche: <a href=\"https:\/\/dailynewshungary.com\/it\/svelata-la-posizione-dellungheria-sullultima-classifica-economica-cebr-2\/\">Svelata la posizione dell&#8217;Ungheria sull&#8217;ultima classifica economica CEBR<\/a><\/li>\n<\/ul>\n<p>Secondo le previsioni della banca centrale a dicembre, i salari lordi medi nell&#8217;economia nazionale potrebbero aumentare di circa il 10 per cento nel 2023, nel frattempo \u00e8 previsto un aumento salariale del 12-13 per cento nel settore competitivo La Banca nazionale prevede che l&#8217;inflazione sar\u00e0 compresa tra il 15 e il 19,5 per cento.<\/p>\n<p>Ci\u00f2 significa che il potere d&#8217;acquisto dei salari scender\u00e0 anche se si utilizzer\u00e0 la previsione di inflazione pi\u00f9 ottimistica, cio\u00e8 il 15 per cento, E se sar\u00e0 pi\u00f9 vicina a quella pi\u00f9 pessimistica, il 20 per cento, gli ungheresi dovranno affrontare un enorme calo del tenore di vita.<\/p>\n<p>La banca centrale si aspetta un calo del 4 per cento dei salari lordi reali nel settore competitivo L&#8217;Ungheria non ha visto un tale calo dal 2000.<\/p>\n","protected":false},"excerpt":{"rendered":"<p>Il 2022 \u00e8 stato un anno particolarmente impegnativo per gli ungheresi L&#8217;inflazione record abbinata ai prezzi generali alle stelle e al deterioramento del tasso di cambio del fiorino ha avuto tutti effetti negativi sul tenore di vita delle persone Purtroppo il 2023 promette di non essere migliore Quali sono le prospettive riguardo ai salari di [&hellip;]<\/p>\n","protected":false},"author":62,"featured_media":686347,"comment_status":"open","ping_status":"open","sticky":false,"template":"","format":"standard","meta":{"_display_image":"yes","footnotes":""},"categories":[1207],"tags":[1309,1132,1368,1069],"class_list":["post-686346","post","type-post","status-publish","format-standard","has-post-thumbnail","hentry","category-societa-in-ungheria","tag-denaro","tag-economia","tag-fiorino","tag-ungheria"],"blocksy_meta":[],"author_username":"hmercedesz","telegram_post":"","public_post_metadata":{"breaking_news":"","important":"","csempe":"","center_tile":"","disable_thumbnail":"","target_lang":"","_featured_image_style":"hidden","telegram_post":"","_xlat_group_id":""},"public_rank_math_data":{"title":"%titolo% %sep% %nomesito%","description":"Quali sono le prospettive riguardo ai salari e al tenore di vita di quest'anno secondo gli esperti? leggi il nostro articolo per scoprirlo.","focus_keyword":"standard di vita","canonical_url":"","robots":"","primary_category":"1207","breadcrumb_title":"","facebook_title":"","facebook_description":"","facebook_image":"","facebook_image_id":"","twitter_title":"","twitter_description":"","twitter_image":"","twitter_image_id":"","twitter_card_type":"","twitter_use_facebook":"","advanced_robots":"","pillar_content":"","seo_score":"65","contentai_score":"","rich_snippet":""},"_links":{"self":[{"href":"https:\/\/dailynewshungary.com\/it\/wp-json\/wp\/v2\/posts\/686346","targetHints":{"allow":["GET"]}}],"collection":[{"href":"https:\/\/dailynewshungary.com\/it\/wp-json\/wp\/v2\/posts"}],"about":[{"href":"https:\/\/dailynewshungary.com\/it\/wp-json\/wp\/v2\/types\/post"}],"author":[{"embeddable":true,"href":"https:\/\/dailynewshungary.com\/it\/wp-json\/wp\/v2\/users\/62"}],"replies":[{"embeddable":true,"href":"https:\/\/dailynewshungary.com\/it\/wp-json\/wp\/v2\/comments?post=686346"}],"version-history":[{"count":0,"href":"https:\/\/dailynewshungary.com\/it\/wp-json\/wp\/v2\/posts\/686346\/revisions"}],"wp:featuredmedia":[{"embeddable":true,"href":"https:\/\/dailynewshungary.com\/it\/wp-json\/wp\/v2\/media\/686347"}],"wp:attachment":[{"href":"https:\/\/dailynewshungary.com\/it\/wp-json\/wp\/v2\/media?parent=686346"}],"wp:term":[{"taxonomy":"category","embeddable":true,"href":"https:\/\/dailynewshungary.com\/it\/wp-json\/wp\/v2\/categories?post=686346"},{"taxonomy":"post_tag","embeddable":true,"href":"https:\/\/dailynewshungary.com\/it\/wp-json\/wp\/v2\/tags?post=686346"}],"curies":[{"name":"wp","href":"https:\/\/api.w.org\/{rel}","templated":true}]}}