{"id":687152,"date":"2022-12-08T22:27:45","date_gmt":"2022-12-08T21:27:45","guid":{"rendered":"https:\/\/dailynewshungary.com\/it\/cosa-e-successo-oggi-in-ungheria-8-dicembre-2022-2\/"},"modified":"2022-12-08T22:27:45","modified_gmt":"2022-12-08T21:27:45","slug":"cosa-e-successo-oggi-in-ungheria-8-dicembre-2022-2","status":"publish","type":"post","link":"https:\/\/dailynewshungary.com\/it\/cosa-e-successo-oggi-in-ungheria-8-dicembre-2022-2\/","title":{"rendered":"Cosa \u00e8 successo oggi in Ungheria? 8 dicembre 2022"},"content":{"rendered":"<ul>\n<li>L&#8217;Ungheria spende 1.000 miliardi di fiorini all&#8217;anno in ricerca e sviluppo+I <a href=\"https:\/\/dailynewshungary.com\/it\/lungheria-spende-1-000-miliardi-di-fiorini-allanno-per-la-ricerca-e-sviluppoi-2\/\" target=\"_blank\" rel=\"noopener\">ufficiale<\/a><\/li>\n<li>Ungheria invio di disinfettanti in Bosnia-Erzegovina, dettagli <a href=\"https:\/\/dailynewshungary.com\/it\/ungheria-invio-di-disinfettanti-in-bosnia-erzegovina-2\/\" target=\"_blank\" rel=\"noopener\">QUI<\/a><\/li>\n<li>La Corte Suprema si \u00e8 espressa sullo sciopero degli insegnanti ungheresi, dettagli <a href=\"https:\/\/dailynewshungary.com\/it\/la-corte-suprema-si-e-espressa-sullo-sciopero-degli-insegnanti-ungheresi-2\/\" target=\"_blank\" rel=\"noopener\">QUI<\/a><\/li>\n<\/ul>\n<p><a class=\"dnh-embed-link\" href=\"https:\/\/dailynewshungary.com\/it\/ora-e-il-momento-di-acquistare-una-proprieta-sul-lago-balaton-vi-attendono-condizioni-favorevoli-2\/\"><\/p>\n<div class=\"dnh-embed\">\n<div class=\"dnh-embed-thumb\"><img loading=\"lazy\" decoding=\"async\" width=\"1025\" height=\"450\" src=\"https:\/\/contentf5.dailynewshungary.com\/wp-content\/uploads\/2022\/12\/house-winter-1025x450.jpg\" class=\"attachment-embed_thumbnail size-embed_thumbnail wp-post-image\" alt=\"casa propriet\u00e0 inverno\"><\/div>\n<h5 class=\"dnh-embed-title\"><span>Leggi anche<\/span>Ora \u00e8 il momento di acquistare una propriet\u00e0 sul Lago Balaton: vi attendono condizioni favorevoli<\/h5>\n<\/div>\n<p><\/a><\/p>\n<ul>\n<li>Presidente ungherese in visita in Iraq, dettagli <a href=\"https:\/\/dailynewshungary.com\/it\/presidente-ungherese-in-visita-in-iraq-2\/\">QUI<\/a><\/li>\n<li>Dieci ungheresi arrestati durante un raid europeo, dettagli <a href=\"https:\/\/dailynewshungary.com\/it\/dieci-ungheresi-arrestati-durante-un-raid-europeo-2\/\" target=\"_blank\" rel=\"noopener\">QUI<\/a><\/li>\n<li>Disavanzo commerciale ungherese superiore a 1 miliardo di euro in ottobre, dettagli <a href=\"https:\/\/dailynewshungary.com\/it\/disavanzo-commerciale-ungherese-superiore-a-1-miliardo-di-euro-in-ottobre-2\/\" target=\"_blank\" rel=\"noopener\">QUI<\/a><\/li>\n<\/ul>\n<p><a class=\"dnh-embed-link\" href=\"https:\/\/dailynewshungary.com\/it\/ryanair-si-rifiuta-di-pagare-la-multa-del-governo-ungherese-dopo-aver-definito-idiota-la-tassa-di-partenza-2\/\"><\/p>\n<div class=\"dnh-embed\">\n<div class=\"dnh-embed-thumb\"><img loading=\"lazy\" decoding=\"async\" width=\"284\" height=\"222\" src=\"https:\/\/contentf5.dailynewshungary.com\/wp-content\/uploads\/2022\/09\/Michael-OLeary-ryanair-e1680953631218-284x222.jpg\" class=\"attachment-embed_thumbnail size-embed_thumbnail wp-post-image\" alt=\"Michael O'Leary Ryanair\" srcset=\"https:\/\/contentf5.dailynewshungary.com\/wp-content\/uploads\/2022\/09\/Michael-OLeary-ryanair-e1680953631218-284x222.jpg 284w, https:\/\/contentf5.dailynewshungary.com\/wp-content\/uploads\/2022\/09\/Michael-OLeary-ryanair-e1680953631218-768x600.jpg 768w, https:\/\/contentf5.dailynewshungary.com\/wp-content\/uploads\/2022\/09\/Michael-OLeary-ryanair-e1680953631218-248x194.jpg 248w, https:\/\/contentf5.dailynewshungary.com\/wp-content\/uploads\/2022\/09\/Michael-OLeary-ryanair-e1680953631218-1030x805.jpg 1030w, https:\/\/contentf5.dailynewshungary.com\/wp-content\/uploads\/2022\/09\/Michael-OLeary-ryanair-e1680953631218-187x146.jpg 187w, https:\/\/contentf5.dailynewshungary.com\/wp-content\/uploads\/2022\/09\/Michael-OLeary-ryanair-e1680953631218-50x39.jpg 50w, https:\/\/contentf5.dailynewshungary.com\/wp-content\/uploads\/2022\/09\/Michael-OLeary-ryanair-e1680953631218-96x75.jpg 96w, https:\/\/contentf5.dailynewshungary.com\/wp-content\/uploads\/2022\/09\/Michael-OLeary-ryanair-e1680953631218-1280x1000.jpg 1280w, https:\/\/contentf5.dailynewshungary.com\/wp-content\/uploads\/2022\/09\/Michael-OLeary-ryanair-e1680953631218.jpg 1476w\" sizes=\"auto, (max-width: 284px) 100vw, 284px\"><\/div>\n<h5 class=\"dnh-embed-title\"><span>Leggi anche<\/span>Ryanair si rifiuta di pagare la multa del governo ungherese dopo aver definito idiota la tassa di partenza<\/h5>\n<\/div>\n<p><\/a><\/p>\n<ul>\n<li>Il deputato Fidesz si rivolge all&#8217;ufficio di revisione dei finanziamenti esteri dell&#8217;opposizione, dettagli <a href=\"https:\/\/dailynewshungary.com\/it\/il-deputato-fidesz-si-rivolge-allufficio-di-revisione-dei-finanziamenti-esteri-dellopposizione-2\/\" target=\"_blank\" rel=\"noopener\">QUI<\/a><\/li>\n<li>L&#8217;Ungheria ha l&#8217;inflazione pi\u00f9 alta nell&#8217;UE, dettagli <a href=\"https:\/\/dailynewshungary.com\/it\/lungheria-ha-linflazione-piu-alta-dellue-2\/\" target=\"_blank\" rel=\"noopener\">QUI<\/a><\/li>\n<li><a href=\"https:\/\/dailynewshungary.com\/it\/il-deficit-di-bilancio-ungherese-raggiunge-i-3-4664-miliardi-di-fiorini-2\/\" target=\"_blank\" rel=\"noopener\">Il deficit di bilancio ungherese raggiunge i 3.466,4 miliardi di fiorini<\/a><\/li>\n<\/ul>\n<p><a class=\"dnh-embed-link\" href=\"https:\/\/dailynewshungary.com\/it\/il-gas-naturale-africano-potrebbe-porre-fine-alla-dipendenza-dalla-russia-per-lungheria-2\/\"><\/p>\n<div class=\"dnh-embed\">\n<div class=\"dnh-embed-thumb\"><img loading=\"lazy\" decoding=\"async\" width=\"1025\" height=\"450\" src=\"https:\/\/contentf5.dailynewshungary.com\/wp-content\/uploads\/2022\/12\/rsz_golob_orban_slovenia_hungary-1025x450.jpg\" class=\"attachment-embed_thumbnail size-embed_thumbnail wp-post-image\" alt=\"Rsz Golob Orban Slovenia Hungary X\"><\/div>\n<h5 class=\"dnh-embed-title\"><span>Leggi anche<\/span>Il gas naturale africano potrebbe porre fine alla dipendenza dalla Russia per l&#8217;Ungheria<\/h5>\n<\/div>\n<p><\/a><\/p>\n<ul>\n<li>Ambasciatore ceco: <a href=\"https:\/\/dailynewshungary.com\/it\/presidenza-ceca-dellue-lungheria-minaccia-lunita-dellue-aggiornato-2\/\" target=\"_blank\" rel=\"noopener\">L&#8217;Ungheria minaccia l&#8217;unit\u00e0 dell&#8217;Ue<\/a><\/li>\n<li>L&#8217;elevata inflazione ha portato anche alla caduta del fiorino ungherese, dettagli <a href=\"https:\/\/dailynewshungary.com\/it\/lelevata-inflazione-ha-portato-anche-alla-caduta-del-fiorino-ungherese-2\/\" target=\"_blank\" rel=\"noopener\">QUI<\/a><\/li>\n<\/ul>\n<p><a class=\"dnh-embed-link\" href=\"https:\/\/dailynewshungary.com\/it\/una-delle-preferite-natalizie-ungheresi-parte-2-la-torta-di-rakoczi-con-ricotta-rakoczi-turos-2\/\"><\/p>\n<div class=\"dnh-embed\">\n<div class=\"dnh-embed-thumb\"><img loading=\"lazy\" decoding=\"async\" width=\"1025\" height=\"450\" src=\"https:\/\/contentf5.dailynewshungary.com\/wp-content\/uploads\/2022\/12\/rsz_rakoci_turos-1025x450.jpg\" class=\"attachment-embed_thumbnail size-embed_thumbnail wp-post-image\" alt=\"ricetta dessert R\u00e1k\u00f3czi t\u00far\u00f3s dolci ungheresi\"><\/div>\n<h5 class=\"dnh-embed-title\"><span>Leggi anche<\/span>Una delle preferite natalizie ungheresi, parte 2: la torta di R\u00e1k\u00f3czi con ricotta, R\u00e1k\u00f3czi t\u00far\u00f3s<\/h5>\n<\/div>\n<p><\/a><\/p>\n<ul>\n<li><a href=\"https:\/\/dailynewshungary.com\/it\/budapest-ha-la-migliore-fiera-di-natale-deuropa-2\/\" target=\"_blank\" rel=\"noopener\">Budapest ha la migliore fiera di Natale in Europa<\/a><\/li>\n<li>Il primo ministro Viktor Orb\u00e1n partecipa alla riunione d&#8217;imbarco di Mol, dettagli <a href=\"https:\/\/dailynewshungary.com\/it\/il-primo-ministro-viktor-orban-partecipa-alla-riunione-dimbarco-di-mol-2\/\" target=\"_blank\" rel=\"noopener\">QUI<\/a><\/li>\n<\/ul>\n<p><a class=\"dnh-embed-link\" href=\"https:\/\/dailynewshungary.com\/it\/politico-orban-eil-nemico-allinterno-della-2\/\"><\/p>\n<div class=\"dnh-embed\">\n<div class=\"dnh-embed-thumb\"><img loading=\"lazy\" decoding=\"async\" width=\"1025\" height=\"450\" src=\"https:\/\/contentf5.dailynewshungary.com\/wp-content\/uploads\/2022\/09\/Viktor-Orban-Kotcse-1-1025x450.webp\" class=\"attachment-embed_thumbnail size-embed_thumbnail wp-post-image\" alt=\"Viktor Orb\u00e1n K\u00f6tcse leader\"><\/div>\n<h5 class=\"dnh-embed-title\"><span>Leggi anche<\/span>Politico: Orb\u00e1n \u00e8\u201cil nemico all&#8217;interno della\u201d<\/h5>\n<\/div>\n<p><\/a><\/p>\n","protected":false},"excerpt":{"rendered":"<p>L&#8217;Ungheria spende 1.000 miliardi di fiorini all&#8217;anno in ricerca e sviluppo+I ufficiale Ungheria invio di disinfettanti in Bosnia-Erzegovina, dettagli QUI La Corte Suprema si \u00e8 espressa sullo sciopero degli insegnanti ungheresi, dettagli QUI Leggi ancheOra \u00e8 il momento di acquistare una propriet\u00e0 sul Lago Balaton: vi attendono condizioni favorevoli Presidente ungherese in visita in Iraq, [&hellip;]<\/p>\n","protected":false},"author":33,"featured_media":687153,"comment_status":"open","ping_status":"open","sticky":false,"template":"","format":"standard","meta":{"_display_image":"yes","footnotes":""},"categories":[1207],"tags":[1240,1069],"class_list":["post-687152","post","type-post","status-publish","format-standard","has-post-thumbnail","hentry","category-societa-in-ungheria","tag-cosa-e-successo-oggi-in-ungheria","tag-ungheria"],"blocksy_meta":[],"author_username":"ugyelet","telegram_post":"","public_post_metadata":{"breaking_news":"","important":"","csempe":"","center_tile":"","disable_thumbnail":"","target_lang":"","_featured_image_style":"hidden","telegram_post":"","_xlat_group_id":""},"public_rank_math_data":{"title":"%titolo% %sep% %nomesito%","description":"Le migliori notizie dall'Ungheria oggi: la migliore fiera di Natale d'Europa a Budapest, Orb\u00e1n \u00e8 il nemico interiore, la ricetta natalizia ungherese e molte altre..","focus_keyword":"Ungheria","canonical_url":"","robots":"","primary_category":"1207","breadcrumb_title":"","facebook_title":"","facebook_description":"","facebook_image":"","facebook_image_id":"","twitter_title":"","twitter_description":"","twitter_image":"","twitter_image_id":"","twitter_card_type":"","twitter_use_facebook":"","advanced_robots":"","pillar_content":"","seo_score":"60","contentai_score":"","rich_snippet":""},"_links":{"self":[{"href":"https:\/\/dailynewshungary.com\/it\/wp-json\/wp\/v2\/posts\/687152","targetHints":{"allow":["GET"]}}],"collection":[{"href":"https:\/\/dailynewshungary.com\/it\/wp-json\/wp\/v2\/posts"}],"about":[{"href":"https:\/\/dailynewshungary.com\/it\/wp-json\/wp\/v2\/types\/post"}],"author":[{"embeddable":true,"href":"https:\/\/dailynewshungary.com\/it\/wp-json\/wp\/v2\/users\/33"}],"replies":[{"embeddable":true,"href":"https:\/\/dailynewshungary.com\/it\/wp-json\/wp\/v2\/comments?post=687152"}],"version-history":[{"count":0,"href":"https:\/\/dailynewshungary.com\/it\/wp-json\/wp\/v2\/posts\/687152\/revisions"}],"wp:featuredmedia":[{"embeddable":true,"href":"https:\/\/dailynewshungary.com\/it\/wp-json\/wp\/v2\/media\/687153"}],"wp:attachment":[{"href":"https:\/\/dailynewshungary.com\/it\/wp-json\/wp\/v2\/media?parent=687152"}],"wp:term":[{"taxonomy":"category","embeddable":true,"href":"https:\/\/dailynewshungary.com\/it\/wp-json\/wp\/v2\/categories?post=687152"},{"taxonomy":"post_tag","embeddable":true,"href":"https:\/\/dailynewshungary.com\/it\/wp-json\/wp\/v2\/tags?post=687152"}],"curies":[{"name":"wp","href":"https:\/\/api.w.org\/{rel}","templated":true}]}}