{"id":687544,"date":"2022-11-28T15:04:44","date_gmt":"2022-11-28T14:04:44","guid":{"rendered":"https:\/\/dailynewshungary.com\/it\/il-governo-ungherese-sta-lavorando-per-creare-una-societa-inclusiva-afferma-il-funzionario\/"},"modified":"2022-11-28T15:04:44","modified_gmt":"2022-11-28T14:04:44","slug":"il-governo-ungherese-sta-lavorando-per-creare-una-societa-inclusiva-afferma-il-funzionario","status":"publish","type":"post","link":"https:\/\/dailynewshungary.com\/it\/il-governo-ungherese-sta-lavorando-per-creare-una-societa-inclusiva-afferma-il-funzionario\/","title":{"rendered":"Il governo ungherese sta lavorando per creare una societ\u00e0 inclusiva, afferma il funzionario"},"content":{"rendered":"<div class=\"titleNews\">\n<p><strong>Il governo ungherese sta lavorando per creare una societ\u00e0 in cui sia i non disabili che le persone con disabilit\u00e0 possano trovare il loro posto, ha detto luned\u00ec la portavoce del governo Alexandra Szentkir\u00e1lyi in occasione della prossima Giornata internazionale delle persone con disabilit\u00e0.<\/strong><\/p>\n<p>Il dovere del governo di creare una societ\u00e0 inclusiva \u00e8 sancito dalla Legge Fondamentale, ha affermato Szentkir\u00e1lyi alla Scuola per ciechi di Budapest.<\/p>\n<p>Il governo ha la responsabilit\u00e0 di garantire che le persone con <a href=\"https:\/\/dailynewshungary.com\/it\/la-grande-rapina-al-treno-britannico-come-una-banda-di-15-uomini-rubo-26-milioni-di-sterline-nel-1963\/\">disabilit\u00e0<\/a> possono vivere una vita quanto pi\u00f9 piena possibile e soddisfare i loro bisogni speciali in tutti i settori, che si tratti dell&#8217;istruzione, dell&#8217;assistenza sanitaria o del mercato del lavoro, ha affermato.<\/p>\n<p>E questo ha dato risultati, ha detto Szentkir\u00e1lyi, sottolineando i risultati ottenuti dalle persone con disabilit\u00e0 nei campi dello sport, della cultura e della scienza.<\/p>\n<p>Nell&#8217;ultimo decennio, il governo ha aumentato il sostegno alle organizzazioni che rappresentano le persone disabili di 800 milioni di fiorini (2 milioni di euro), ha affermato. La cooperazione tra tali organizzazioni e il governo \u00e8 costante, ha affermato, sottolineando l&#8217;interpretazione in diretta dei segnali delle conferenze stampa governative settimanali come esempio.<\/p>\n<p>Circa 1 milione di persone in Ungheria vivono con qualche tipo di disabilit\u00e0, ha detto Szentkir\u00e1lyi.<\/p>\n<p><a class=\"dnh-embed-link\" href=\"https:\/\/dailynewshungary.com\/it\/celebrita-ungheresi-e-hollywoodiane-per-sostenere-la-fondazione-che-aiuta-i-disabili\/\"><\/p>\n<div class=\"dnh-embed\">\n<div class=\"dnh-embed-thumb\"><img loading=\"lazy\" decoding=\"async\" width=\"952\" height=\"883\" src=\"https:\/\/contentf5.dailynewshungary.com\/wp-content\/uploads\/2018\/11\/schwarzi-e1542907474406.jpg\" class=\"attachment-embed_thumbnail size-embed_thumbnail wp-post-image\" alt=\"celebrit\u00e0, donazione\" srcset=\"https:\/\/contentf5.dailynewshungary.com\/wp-content\/uploads\/2018\/11\/schwarzi-e1542907474406.jpg 952w, https:\/\/contentf5.dailynewshungary.com\/wp-content\/uploads\/2018\/11\/schwarzi-e1542907474406-300x278.jpg 300w, https:\/\/contentf5.dailynewshungary.com\/wp-content\/uploads\/2018\/11\/schwarzi-e1542907474406-768x712.jpg 768w, https:\/\/contentf5.dailynewshungary.com\/wp-content\/uploads\/2018\/11\/schwarzi-e1542907474406-220x204.jpg 220w, https:\/\/contentf5.dailynewshungary.com\/wp-content\/uploads\/2018\/11\/schwarzi-e1542907474406-600x557.jpg 600w, https:\/\/contentf5.dailynewshungary.com\/wp-content\/uploads\/2018\/11\/schwarzi-e1542907474406-200x186.jpg 200w\" sizes=\"auto, (max-width: 952px) 100vw, 952px\"><\/div>\n<h5 class=\"dnh-embed-title\"><span>Leggi anche<\/span>Celebrit\u00e0 ungheresi e hollywoodiane per sostenere la fondazione che aiuta i disabili<\/h5>\n<\/div>\n<p><\/a>\n<\/div>\n","protected":false},"excerpt":{"rendered":"<p>Il governo ungherese sta lavorando per creare una societ\u00e0 in cui sia i non disabili che le persone con disabilit\u00e0 possano trovare il loro posto, ha detto luned\u00ec la portavoce del governo Alexandra Szentkir\u00e1lyi in occasione della prossima Giornata internazionale delle persone con disabilit\u00e0. Il dovere del governo di creare una societ\u00e0 inclusiva \u00e8 sancito [&hellip;]<\/p>\n","protected":false},"author":2,"featured_media":0,"comment_status":"open","ping_status":"open","sticky":false,"template":"","format":"standard","meta":{"_display_image":"yes","footnotes":""},"categories":[1185],"tags":[1079,1598,1069],"class_list":["post-687544","post","type-post","status-publish","format-standard","hentry","category-politica-in-ungheria","tag-governo-ungherese","tag-handicappato","tag-ungheria"],"blocksy_meta":[],"author_username":"alk","telegram_post":"","public_post_metadata":{"breaking_news":"","important":"","csempe":"","center_tile":"","disable_thumbnail":"","target_lang":"","_featured_image_style":"hidden","telegram_post":"","_xlat_group_id":""},"public_rank_math_data":{"title":"%titolo% %sep% %nomesito%","description":"Il governo ungherese sta lavorando per creare una societ\u00e0 in cui sia i non disabili che le persone con disabilit\u00e0 possano trovare il loro posto...","focus_keyword":"societ\u00e0","canonical_url":"","robots":"","primary_category":"1185","breadcrumb_title":"","facebook_title":"","facebook_description":"","facebook_image":"","facebook_image_id":"","twitter_title":"","twitter_description":"","twitter_image":"","twitter_image_id":"","twitter_card_type":"","twitter_use_facebook":"","advanced_robots":"","pillar_content":"","seo_score":"58","contentai_score":"","rich_snippet":""},"_links":{"self":[{"href":"https:\/\/dailynewshungary.com\/it\/wp-json\/wp\/v2\/posts\/687544","targetHints":{"allow":["GET"]}}],"collection":[{"href":"https:\/\/dailynewshungary.com\/it\/wp-json\/wp\/v2\/posts"}],"about":[{"href":"https:\/\/dailynewshungary.com\/it\/wp-json\/wp\/v2\/types\/post"}],"author":[{"embeddable":true,"href":"https:\/\/dailynewshungary.com\/it\/wp-json\/wp\/v2\/users\/2"}],"replies":[{"embeddable":true,"href":"https:\/\/dailynewshungary.com\/it\/wp-json\/wp\/v2\/comments?post=687544"}],"version-history":[{"count":0,"href":"https:\/\/dailynewshungary.com\/it\/wp-json\/wp\/v2\/posts\/687544\/revisions"}],"wp:attachment":[{"href":"https:\/\/dailynewshungary.com\/it\/wp-json\/wp\/v2\/media?parent=687544"}],"wp:term":[{"taxonomy":"category","embeddable":true,"href":"https:\/\/dailynewshungary.com\/it\/wp-json\/wp\/v2\/categories?post=687544"},{"taxonomy":"post_tag","embeddable":true,"href":"https:\/\/dailynewshungary.com\/it\/wp-json\/wp\/v2\/tags?post=687544"}],"curies":[{"name":"wp","href":"https:\/\/api.w.org\/{rel}","templated":true}]}}