{"id":687870,"date":"2022-11-20T10:04:00","date_gmt":"2022-11-20T09:04:00","guid":{"rendered":"https:\/\/dailynewshungary.com\/it\/il-gruppo-religioso-ungherese-diventa-chiesa-registrata\/"},"modified":"2022-11-20T10:04:00","modified_gmt":"2022-11-20T09:04:00","slug":"il-gruppo-religioso-ungherese-diventa-chiesa-registrata","status":"publish","type":"post","link":"https:\/\/dailynewshungary.com\/it\/il-gruppo-religioso-ungherese-diventa-chiesa-registrata\/","title":{"rendered":"Il gruppo religioso ungherese diventa chiesa registrata"},"content":{"rendered":"<p><strong>La Compagnia evangelica ungherese (Magyar Evang\u00e9liumi Testv\u00e9rk\u00f6z\u00f6ss\u00e9g, M<\/strong><strong>ET) guidato dal pastore G\u00e1bor Ivanyi \u00e8 stato registrato come chiesa in seguito al rigetto da parte di un tribunale del ricorso del pubblico ministero, ha detto venerd\u00ec la chiesa.<\/strong><\/p>\n<p>La sentenza non significa, tuttavia, che il MET abbia riacquistato il suo status giuridico passato, ha affermato la chiesa in una nota, spiegando che ci\u00f2 richiederebbe un accordo con lo Stato ungherese.<\/p>\n<p>La dichiarazione rilevava che il MET ha perso il suo status in seguito all&#8217;entrata in vigore della legge del 2011 sullo status giuridico delle chiese e delle confessioni religiose. L&#8217;organizzazione alla fine si \u00e8 rivolta alla Corte europea dei diritti dell&#8217;uomo, che ha ordinato al governo ungherese di pagare un risarcimento al MET. Nel 2013, la Corte costituzionale ungherese ha stabilito che il MET era stato privato del suo status giuridico in modo incostituzionale e ha ordinato allo Stato di ripristinare il suo status di chiesa.<\/p>\n<ul>\n<li>Leggi anche: <a href=\"https:\/\/dailynewshungary.com\/it\/il-governo-sostiene-la-preservazione-dellidentita-degli-ungheresi-della-diaspora\/\">Il governo sostiene la preservazione dell\u2019identit\u00e0 degli ungheresi della diaspora<\/a><\/li>\n<\/ul>\n<p>Il MET ha affermato che, sebbene questa sentenza sia rimasta valida fino ad oggi, il governo l&#8217;ha continuamente ignorata e ne ha impedito l&#8217;applicazione.<\/p>\n<p>Dopo che pi\u00f9 di 90.000 contribuenti hanno deciso di donare l&#8217;1% della loro imposta sul reddito al MET negli ultimi due anni, \u201cil tribunale non ha avuto altra scelta che registrare il MET e poi dichiararlo chiesa nonostante un tentativo di appello da parte della procura, il dichiarazione disse.<\/p>\n<p>Il passo successivo, tuttavia, richiede che lo stato firmi un accordo con il MET che imponga l&#8217;adempimento da parte dell&#8217;organizzazione dei suoi compiti pubblici, che devono poi essere approvati dal parlamento, hanno aggiunto MET ha detto di aver inviato una lettera al vice primo ministro Zsolt Semj\u00e9n in merito ma di non aver ancora ricevuto risposta.<\/p>\n","protected":false},"excerpt":{"rendered":"<p>La Compagnia evangelica ungherese (Magyar Evang\u00e9liumi Testv\u00e9rk\u00f6z\u00f6ss\u00e9g, MET) guidato dal pastore G\u00e1bor Ivanyi \u00e8 stato registrato come chiesa in seguito al rigetto da parte di un tribunale del ricorso del pubblico ministero, ha detto venerd\u00ec la chiesa. La sentenza non significa, tuttavia, che il MET abbia riacquistato il suo status giuridico passato, ha affermato la [&hellip;]<\/p>\n","protected":false},"author":33,"featured_media":687871,"comment_status":"open","ping_status":"open","sticky":false,"template":"","format":"standard","meta":{"_display_image":"","footnotes":""},"categories":[1207],"tags":[1311,1069],"class_list":["post-687870","post","type-post","status-publish","format-standard","has-post-thumbnail","hentry","category-societa-in-ungheria","tag-religione","tag-ungheria"],"blocksy_meta":[],"author_username":"ugyelet","telegram_post":"","public_post_metadata":{"breaking_news":"","important":"","csempe":"","center_tile":"","disable_thumbnail":"","target_lang":"","_featured_image_style":"","telegram_post":"","_xlat_group_id":""},"public_rank_math_data":{"title":"%titolo% %sep% %nomesito%","description":"La Fellowship evangelica ungherese (MET) guidata dal pastore G\u00e1bor Ivanyi \u00e8 stata registrata come chiesa, ha detto venerd\u00ec il MET.","focus_keyword":"chiesa","canonical_url":"","robots":"","primary_category":"1207","breadcrumb_title":"","facebook_title":"","facebook_description":"","facebook_image":"","facebook_image_id":"","twitter_title":"","twitter_description":"","twitter_image":"","twitter_image_id":"","twitter_card_type":"","twitter_use_facebook":"","advanced_robots":"","pillar_content":"","seo_score":"61","contentai_score":"","rich_snippet":""},"_links":{"self":[{"href":"https:\/\/dailynewshungary.com\/it\/wp-json\/wp\/v2\/posts\/687870","targetHints":{"allow":["GET"]}}],"collection":[{"href":"https:\/\/dailynewshungary.com\/it\/wp-json\/wp\/v2\/posts"}],"about":[{"href":"https:\/\/dailynewshungary.com\/it\/wp-json\/wp\/v2\/types\/post"}],"author":[{"embeddable":true,"href":"https:\/\/dailynewshungary.com\/it\/wp-json\/wp\/v2\/users\/33"}],"replies":[{"embeddable":true,"href":"https:\/\/dailynewshungary.com\/it\/wp-json\/wp\/v2\/comments?post=687870"}],"version-history":[{"count":0,"href":"https:\/\/dailynewshungary.com\/it\/wp-json\/wp\/v2\/posts\/687870\/revisions"}],"wp:featuredmedia":[{"embeddable":true,"href":"https:\/\/dailynewshungary.com\/it\/wp-json\/wp\/v2\/media\/687871"}],"wp:attachment":[{"href":"https:\/\/dailynewshungary.com\/it\/wp-json\/wp\/v2\/media?parent=687870"}],"wp:term":[{"taxonomy":"category","embeddable":true,"href":"https:\/\/dailynewshungary.com\/it\/wp-json\/wp\/v2\/categories?post=687870"},{"taxonomy":"post_tag","embeddable":true,"href":"https:\/\/dailynewshungary.com\/it\/wp-json\/wp\/v2\/tags?post=687870"}],"curies":[{"name":"wp","href":"https:\/\/api.w.org\/{rel}","templated":true}]}}