{"id":688382,"date":"2022-11-07T03:34:00","date_gmt":"2022-11-07T02:34:00","guid":{"rendered":"https:\/\/dailynewshungary.com\/it\/leurodeputato-gyongyosi-e-ora-di-rafforzare-la-politica-estera-dellue\/"},"modified":"2022-11-07T03:34:00","modified_gmt":"2022-11-07T02:34:00","slug":"leurodeputato-gyongyosi-e-ora-di-rafforzare-la-politica-estera-dellue","status":"publish","type":"post","link":"https:\/\/dailynewshungary.com\/it\/leurodeputato-gyongyosi-e-ora-di-rafforzare-la-politica-estera-dellue\/","title":{"rendered":"L\u2019eurodeputato Gy\u00f6ngy\u00f6si: \u00e8 ora di rafforzare la politica estera dell\u2019UE!"},"content":{"rendered":"<p style=\"text-align: center;\"><span style=\"color: #808080;\"><em><strong>Contenuti sponsorizzati<\/strong><\/em><\/span><\/p>\n<p><strong>I pensieri dell&#8217;eurodeputato M\u00e1rton Gy\u00f6ngy\u00f6si (non allegati) tramite <a href=\"https:\/\/www.gyongyosimarton.com\/2022\/11\/06\/time-to-reinforce-the-eus-foreign-policy-the-weekly-112\/\" target=\"_blank\" rel=\"noopener\">comunicato stampa<\/a>:<\/strong><\/p>\n<p>Il 7 novembre la commissione per gli affari esteri (AFET) del Parlamento europeo discuter\u00e0 un&#8217;importante proposta che richiama ancora una volta l&#8217;attenzione sulle questioni sempre pi\u00f9 urgenti che dobbiamo risolvere se vogliamo che l&#8217;UE presenti un fronte unito e funzioni come un&#8217;unione unita organizzazione nel settore della diplomazia.<\/p>\n<div class=\"et_pb_module et_pb_text et_pb_text_3  et_pb_text_align_justified et_pb_bg_layout_light\">\n<div class=\"et_pb_text_inner\">\n<p>Rivolta al Consiglio e all&#8217;alto rappresentante dell&#8217;Unione europea per gli affari esteri e la politica di sicurezza, la proposta contiene non pochi elementi degni di nota che non solo meritano un sostegno sincero, ma sono anche vitali affinch\u00e9 l&#8217;UE possa svolgere il compito compiti attesi dai suoi cittadini in questa situazione.<\/p>\n<\/div>\n<\/div>\n<div class=\"et_pb_module et_pb_text et_pb_text_4  et_pb_text_align_justified et_pb_bg_layout_light\">\n<div class=\"et_pb_text_inner\">\n<div class=\"et_pb_module et_pb_text et_pb_text_4  et_pb_text_align_justified et_pb_bg_layout_light\">\n<div class=\"et_pb_text_inner\">\n<blockquote>\n<p>A mio avviso, il punto pi\u00f9 importante \u00e8 l\u2019adozione del processo a maggioranza qualificata in questioni di politica estera come i diritti umani, il rispetto del diritto internazionale e l\u2019imposizione di sanzioni.<\/p>\n<\/blockquote>\n<\/div>\n<\/div>\n<div class=\"et_pb_module et_pb_text et_pb_text_5  et_pb_text_align_justified et_pb_bg_layout_light\">\n<div class=\"et_pb_text_inner\">\n<div class=\"et_pb_module et_pb_text et_pb_text_5  et_pb_text_align_justified et_pb_bg_layout_light\">\n<div class=\"et_pb_text_inner\">\n<p>L&#8217;attuale processo decisionale, che richiede l&#8217;unanimit\u00e0, \u00e8 stato a lungo superato: il lungo processo di ricerca del consenso indebolisce piuttosto la nostra comunit\u00e0 nel clima di oggi, soprattutto se si considera il fatto che al momento della ratifica del processo decisionale unanime, l&#8217;UE non aveva Stati membri autoritari pronti a utilizzare questo strumento per promuovere l&#8217;interesse straniero, vale a dire, il regime di Orb\u00e1n che ha sottoposto l&#8217;Ungheria al suo dominio.&nbsp;<\/p>\n<p>Penso quindi che la transizione verso un processo decisionale basato sulla maggioranza qualificata sia senza dubbio fondamentale per rafforzare la diplomazia e la coesione interna dell\u2019UE, nonch\u00e9 per controllare le tendenze dittatoriali all\u2019interno della nostra comunit\u00e0.<\/p>\n<\/div>\n<\/div>\n<div class=\"et_pb_module et_pb_text et_pb_text_6  et_pb_text_align_justified et_pb_bg_layout_light\">\n<div class=\"et_pb_text_inner\">\n<div class=\"et_pb_module et_pb_text et_pb_text_6  et_pb_text_align_justified et_pb_bg_layout_light\">\n<div class=\"et_pb_text_inner\">\n<blockquote>\n<p>Allo stesso modo, credo che dovremmo sostenere il rafforzamento del servizio estero dell\u2019UE riorganizzando i nostri uffici di rappresentanza nei paesi terzi in quasi ambasciate, sottolineando cos\u00ec il fronte unito dell\u2019UE.<\/p>\n<\/blockquote>\n<\/div>\n<\/div>\n<div class=\"et_pb_module et_pb_text et_pb_text_7  et_pb_text_align_justified et_pb_bg_layout_light\">\n<div class=\"et_pb_text_inner\">\n<p>Sono convinto che i nostri cittadini trarrebbero grandi benefici se potessimo concedere poteri consolari a questi uffici di rappresentanza e autorizzarli a servire direttamente i cittadini dell\u2019UE che vivono in paesi extra-UE.<\/p>\n<p>In tempi critici come quello odierno, dobbiamo preservare l\u2019unit\u00e0 dell\u2019UE, rafforzare la sua posizione internazionale e avvicinare le sue istituzioni ai cittadini, pi\u00f9 che mai.<\/p>\n<p><em>Disclaimer: l&#8217;unica responsabilit\u00e0 per le opinioni dichiarate spetta all&#8217;autore (s) Queste opinioni non riflettono necessariamente la posizione ufficiale del Parlamento europeo.<\/em><\/p>\n<\/div>\n<\/div>\n<\/div>\n<\/div>\n<\/div>\n<\/div>\n<\/div>\n<\/div>\n","protected":false},"excerpt":{"rendered":"<p>Contenuti sponsorizzati I pensieri dell&#8217;eurodeputato M\u00e1rton Gy\u00f6ngy\u00f6si (non allegati) tramite comunicato stampa: Il 7 novembre la commissione per gli affari esteri (AFET) del Parlamento europeo discuter\u00e0 un&#8217;importante proposta che richiama ancora una volta l&#8217;attenzione sulle questioni sempre pi\u00f9 urgenti che dobbiamo risolvere se vogliamo che l&#8217;UE presenti un fronte unito e funzioni come un&#8217;unione unita [&hellip;]<\/p>\n","protected":false},"author":33,"featured_media":688383,"comment_status":"open","ping_status":"open","sticky":false,"template":"","format":"standard","meta":{"_display_image":"","footnotes":""},"categories":[1185],"tags":[1069,1075],"class_list":["post-688382","post","type-post","status-publish","format-standard","has-post-thumbnail","hentry","category-politica-in-ungheria","tag-ungheria","tag-unione-europea"],"blocksy_meta":[],"author_username":"ugyelet","telegram_post":"","public_post_metadata":{"breaking_news":"","important":"","csempe":"","center_tile":"","disable_thumbnail":"","target_lang":"","_featured_image_style":"","telegram_post":"","_xlat_group_id":""},"public_rank_math_data":{"title":"%titolo% %sep% %nomesito%","description":"","focus_keyword":"Gy\u00f6ngy\u00f6si","canonical_url":"","robots":"","primary_category":"1185","breadcrumb_title":"","facebook_title":"","facebook_description":"","facebook_image":"","facebook_image_id":"","twitter_title":"","twitter_description":"","twitter_image":"","twitter_image_id":"","twitter_card_type":"","twitter_use_facebook":"","advanced_robots":"","pillar_content":"","seo_score":"59","contentai_score":"","rich_snippet":""},"_links":{"self":[{"href":"https:\/\/dailynewshungary.com\/it\/wp-json\/wp\/v2\/posts\/688382","targetHints":{"allow":["GET"]}}],"collection":[{"href":"https:\/\/dailynewshungary.com\/it\/wp-json\/wp\/v2\/posts"}],"about":[{"href":"https:\/\/dailynewshungary.com\/it\/wp-json\/wp\/v2\/types\/post"}],"author":[{"embeddable":true,"href":"https:\/\/dailynewshungary.com\/it\/wp-json\/wp\/v2\/users\/33"}],"replies":[{"embeddable":true,"href":"https:\/\/dailynewshungary.com\/it\/wp-json\/wp\/v2\/comments?post=688382"}],"version-history":[{"count":0,"href":"https:\/\/dailynewshungary.com\/it\/wp-json\/wp\/v2\/posts\/688382\/revisions"}],"wp:featuredmedia":[{"embeddable":true,"href":"https:\/\/dailynewshungary.com\/it\/wp-json\/wp\/v2\/media\/688383"}],"wp:attachment":[{"href":"https:\/\/dailynewshungary.com\/it\/wp-json\/wp\/v2\/media?parent=688382"}],"wp:term":[{"taxonomy":"category","embeddable":true,"href":"https:\/\/dailynewshungary.com\/it\/wp-json\/wp\/v2\/categories?post=688382"},{"taxonomy":"post_tag","embeddable":true,"href":"https:\/\/dailynewshungary.com\/it\/wp-json\/wp\/v2\/tags?post=688382"}],"curies":[{"name":"wp","href":"https:\/\/api.w.org\/{rel}","templated":true}]}}