{"id":688999,"date":"2022-10-21T12:44:00","date_gmt":"2022-10-21T10:44:00","guid":{"rendered":"https:\/\/dailynewshungary.com\/it\/governo-a-fare-annunci-straordinari\/"},"modified":"2022-10-21T12:44:00","modified_gmt":"2022-10-21T10:44:00","slug":"governo-a-fare-annunci-straordinari","status":"publish","type":"post","link":"https:\/\/dailynewshungary.com\/it\/governo-a-fare-annunci-straordinari\/","title":{"rendered":"Governo a fare annunci straordinari!"},"content":{"rendered":"<p><strong>Sabato mattina ci saranno informazioni straordinarie del governo, a partire dalle 11:30, ha annunciato questa mattina Alexandra Szentkir\u00e1lyi, portavoce del governo. Cosa sta facendo il governo?<\/strong><\/p>\n<p>Secondo il <a href=\"https:\/\/index.hu\/belfold\/2022\/10\/21\/kormanyinfo-szombaton-szentkiralyi-alexandra-gulyas-gergely\/\" target=\"_blank\" rel=\"noopener\">indice.hu<\/a>(, l&#8217;amministrazione Orb\u00e1n probabilmente annuncer\u00e0 qualcosa in relazione ai colloqui di gioved\u00ec e venerd\u00ec a Bruxelles Inoltre, l&#8217;argomento potrebbe riguardare la crisi energetica e come il governo vorrebbe affrontarla.<\/p>\n<p>L&#8217;ultima volta che si \u00e8 svolta un&#8217;informazione governativa \u00e8 stato gioved\u00ec scorso Gergely Guly\u00e1s ha annunciato allora che gli insegnanti ungheresi riceveranno un aumento graduale del salario tra il 2022 e il 2025. Ha anche promesso che i loro stipendi raggiungeranno l&#8217;80% del salario medio che i laureati ottengono in Ungheria, ma solo se il governo ricever\u00e0 i miliardi di euro dell&#8217;UE congelati a causa della corruzione in Ungheria da parte della Commissione europea. Tuttavia, i sindacati che hanno manifestato non hanno accettato l&#8217;offerta poich\u00e9 l&#8217;inflazione \u00e8 gi\u00e0 superiore al 20% in Ungheria, quindi il salario reale degli insegnanti non aumenterebbe affatto.<\/p>\n<p><a class=\"dnh-embed-link\" href=\"https:\/\/dailynewshungary.com\/it\/manifestazione-svoltasi-al-parlamento-in-solidarieta-con-gli-insegnanti\/\"><\/p>\n<div class=\"dnh-embed\">\n<div class=\"dnh-embed-thumb\"><\/div>\n<h5 class=\"dnh-embed-title\"><span>Leggi anche<\/span>Manifestazione svoltasi al Parlamento in solidariet\u00e0 con gli insegnanti<\/h5>\n<\/div>\n<p><\/a><\/p>\n<p>L&#8217;ultima volta che sabato si \u00e8 tenuta un&#8217;informazione straordinaria del governo \u00e8 stato il 17 settembre e Gergely Guly\u00e1s, capo di stato maggiore del primo ministro, ha annunciato le seguenti decisioni<\/p>\n<ul>\n<li>\n<p>il governo avvier\u00e0 un programma per aiutare le piccole e medie imprese ungheresi ad alta intensit\u00e0 energetica,<\/p>\n<\/li>\n<li>\n<p>hanno esteso i limiti di prezzo su carburante e cibo<\/p>\n<\/li>\n<li>\n<p><span style=\"font-size: revert; color: initial;\">hanno annunciato di avviare un programma per sostenere le fabbriche ad alta intensit\u00e0 energetica<\/span><\/p>\n<\/li>\n<li>\n<p>l\u2019amministrazione ha affermato che presenter\u00e0 progetti di legge anticorruzione per ottenere l\u2019accesso ai fondi dell\u2019UE.<\/p>\n<\/li>\n<\/ul>\n","protected":false},"excerpt":{"rendered":"<p>Sabato mattina ci saranno informazioni straordinarie del governo, a partire dalle 11:30, ha annunciato questa mattina Alexandra Szentkir\u00e1lyi, portavoce del governo. Cosa sta facendo il governo? Secondo il indice.hu(, l&#8217;amministrazione Orb\u00e1n probabilmente annuncer\u00e0 qualcosa in relazione ai colloqui di gioved\u00ec e venerd\u00ec a Bruxelles Inoltre, l&#8217;argomento potrebbe riguardare la crisi energetica e come il governo [&hellip;]<\/p>\n","protected":false},"author":18,"featured_media":689000,"comment_status":"open","ping_status":"open","sticky":false,"template":"","format":"standard","meta":{"_display_image":"yes","footnotes":""},"categories":[1185],"tags":[1079,1069],"class_list":["post-688999","post","type-post","status-publish","format-standard","has-post-thumbnail","hentry","category-politica-in-ungheria","tag-governo-ungherese","tag-ungheria"],"blocksy_meta":[],"author_username":"johnwoods","telegram_post":"","public_post_metadata":{"breaking_news":"","important":"","csempe":"","center_tile":"","disable_thumbnail":"","target_lang":"","_featured_image_style":"hidden","telegram_post":"","_xlat_group_id":""},"public_rank_math_data":{"title":"%titolo% %sep% %nomesito%","description":"Sabato mattina ci saranno informazioni straordinarie da parte del governo, ma nessuno sa ancora cosa annuncer\u00e0 il governo domani.","focus_keyword":"governo","canonical_url":"","robots":"","primary_category":"1185","breadcrumb_title":"","facebook_title":"","facebook_description":"","facebook_image":"","facebook_image_id":"","twitter_title":"","twitter_description":"","twitter_image":"","twitter_image_id":"","twitter_card_type":"","twitter_use_facebook":"","advanced_robots":"","pillar_content":"","seo_score":"63","contentai_score":"","rich_snippet":""},"_links":{"self":[{"href":"https:\/\/dailynewshungary.com\/it\/wp-json\/wp\/v2\/posts\/688999","targetHints":{"allow":["GET"]}}],"collection":[{"href":"https:\/\/dailynewshungary.com\/it\/wp-json\/wp\/v2\/posts"}],"about":[{"href":"https:\/\/dailynewshungary.com\/it\/wp-json\/wp\/v2\/types\/post"}],"author":[{"embeddable":true,"href":"https:\/\/dailynewshungary.com\/it\/wp-json\/wp\/v2\/users\/18"}],"replies":[{"embeddable":true,"href":"https:\/\/dailynewshungary.com\/it\/wp-json\/wp\/v2\/comments?post=688999"}],"version-history":[{"count":0,"href":"https:\/\/dailynewshungary.com\/it\/wp-json\/wp\/v2\/posts\/688999\/revisions"}],"wp:featuredmedia":[{"embeddable":true,"href":"https:\/\/dailynewshungary.com\/it\/wp-json\/wp\/v2\/media\/689000"}],"wp:attachment":[{"href":"https:\/\/dailynewshungary.com\/it\/wp-json\/wp\/v2\/media?parent=688999"}],"wp:term":[{"taxonomy":"category","embeddable":true,"href":"https:\/\/dailynewshungary.com\/it\/wp-json\/wp\/v2\/categories?post=688999"},{"taxonomy":"post_tag","embeddable":true,"href":"https:\/\/dailynewshungary.com\/it\/wp-json\/wp\/v2\/tags?post=688999"}],"curies":[{"name":"wp","href":"https:\/\/api.w.org\/{rel}","templated":true}]}}