{"id":689488,"date":"2022-10-07T20:55:00","date_gmt":"2022-10-07T18:55:00","guid":{"rendered":"https:\/\/dailynewshungary.com\/it\/lopposizione-ungherese-chiede-una-moratoria-sugli-sfratti-estesa\/"},"modified":"2022-10-07T20:55:00","modified_gmt":"2022-10-07T18:55:00","slug":"lopposizione-ungherese-chiede-una-moratoria-sugli-sfratti-estesa","status":"publish","type":"post","link":"https:\/\/dailynewshungary.com\/it\/lopposizione-ungherese-chiede-una-moratoria-sugli-sfratti-estesa\/","title":{"rendered":"L\u2019opposizione ungherese chiede una moratoria sugli sfratti estesa"},"content":{"rendered":"<p><strong>L&#8217;opposizione P\u00e1rbesz\u00e9d ha proposto che una moratoria sugli sfratti venga introdotta prima dell&#8217;inverno e mantenuta fino alla fine della crisi economica.<\/strong><\/p>\n<p>Venerd\u00ec, tenendo una conferenza stampa online, il deputato di P\u00e1rbesz\u00e9d Andr\u00e1s J\u00e1mbor ha citato un recente caso in cui una donna \u00e8 stata sfrattata dal suo appartamento di propriet\u00e0 comunale nel centro di Budapest dopo che non aveva pagato arretrati di 300.000 fiorini (<strong>708 euro<\/strong>).<\/p>\n<p>J\u00e1mbor ha citato la legge sui comuni secondo cui \u201cnessun comune render\u00e0 i residenti senza casa\u201d, aggiungendo che il governo del Distretto 5 aveva offerto alla donna sfrattata un letto in un rifugio per senzatetto.<\/p>\n","protected":false},"excerpt":{"rendered":"<p>L&#8217;opposizione P\u00e1rbesz\u00e9d ha proposto che una moratoria sugli sfratti venga introdotta prima dell&#8217;inverno e mantenuta fino alla fine della crisi economica. Venerd\u00ec, tenendo una conferenza stampa online, il deputato di P\u00e1rbesz\u00e9d Andr\u00e1s J\u00e1mbor ha citato un recente caso in cui una donna \u00e8 stata sfrattata dal suo appartamento di propriet\u00e0 comunale nel centro di Budapest [&hellip;]<\/p>\n","protected":false},"author":33,"featured_media":689489,"comment_status":"open","ping_status":"open","sticky":false,"template":"","format":"standard","meta":{"_display_image":"no","footnotes":""},"categories":[1185],"tags":[1158,1079,1069],"class_list":["post-689488","post","type-post","status-publish","format-standard","has-post-thumbnail","hentry","category-politica-in-ungheria","tag-budapest","tag-governo-ungherese","tag-ungheria"],"blocksy_meta":[],"author_username":"ugyelet","telegram_post":"","public_post_metadata":{"breaking_news":"","important":"","csempe":"","center_tile":"","disable_thumbnail":"","target_lang":"","_featured_image_style":"hidden","telegram_post":"","_xlat_group_id":""},"public_rank_math_data":{"title":"%titolo% %sep% %nomesito%","description":"P\u00e1rbesz\u00e9d ha proposto che una moratoria sugli sfratti venga introdotta prima dell'inverno e mantenuta fino alla fine della crisi economica.","focus_keyword":"moratoria","canonical_url":"","robots":"","primary_category":"1185","breadcrumb_title":"","facebook_title":"","facebook_description":"","facebook_image":"","facebook_image_id":"","twitter_title":"","twitter_description":"","twitter_image":"","twitter_image_id":"","twitter_card_type":"","twitter_use_facebook":"","advanced_robots":"","pillar_content":"","seo_score":"57","contentai_score":"","rich_snippet":""},"_links":{"self":[{"href":"https:\/\/dailynewshungary.com\/it\/wp-json\/wp\/v2\/posts\/689488","targetHints":{"allow":["GET"]}}],"collection":[{"href":"https:\/\/dailynewshungary.com\/it\/wp-json\/wp\/v2\/posts"}],"about":[{"href":"https:\/\/dailynewshungary.com\/it\/wp-json\/wp\/v2\/types\/post"}],"author":[{"embeddable":true,"href":"https:\/\/dailynewshungary.com\/it\/wp-json\/wp\/v2\/users\/33"}],"replies":[{"embeddable":true,"href":"https:\/\/dailynewshungary.com\/it\/wp-json\/wp\/v2\/comments?post=689488"}],"version-history":[{"count":0,"href":"https:\/\/dailynewshungary.com\/it\/wp-json\/wp\/v2\/posts\/689488\/revisions"}],"wp:featuredmedia":[{"embeddable":true,"href":"https:\/\/dailynewshungary.com\/it\/wp-json\/wp\/v2\/media\/689489"}],"wp:attachment":[{"href":"https:\/\/dailynewshungary.com\/it\/wp-json\/wp\/v2\/media?parent=689488"}],"wp:term":[{"taxonomy":"category","embeddable":true,"href":"https:\/\/dailynewshungary.com\/it\/wp-json\/wp\/v2\/categories?post=689488"},{"taxonomy":"post_tag","embeddable":true,"href":"https:\/\/dailynewshungary.com\/it\/wp-json\/wp\/v2\/tags?post=689488"}],"curies":[{"name":"wp","href":"https:\/\/api.w.org\/{rel}","templated":true}]}}