{"id":690117,"date":"2022-09-21T07:04:08","date_gmt":"2022-09-21T05:04:08","guid":{"rendered":"https:\/\/dailynewshungary.com\/it\/istituito-un-gruppo-di-lavoro-ungherese-tedesco-per-la-cooperazione-nel-settore-dei-trasporti\/"},"modified":"2022-09-21T07:04:08","modified_gmt":"2022-09-21T05:04:08","slug":"istituito-un-gruppo-di-lavoro-ungherese-tedesco-per-la-cooperazione-nel-settore-dei-trasporti","status":"publish","type":"post","link":"https:\/\/dailynewshungary.com\/it\/istituito-un-gruppo-di-lavoro-ungherese-tedesco-per-la-cooperazione-nel-settore-dei-trasporti\/","title":{"rendered":"Istituito un gruppo di lavoro ungherese-tedesco per la cooperazione nel settore dei trasporti"},"content":{"rendered":"<p><strong>I governi di Ungheria e Germania hanno istituito un gruppo di lavoro per rafforzare la cooperazione nel settore dei trasporti e dei trasporti, ha detto marted\u00ec a Berlino il segretario di Stato del ministero dell&#8217;Innovazione e della tecnologia.<\/strong><\/p>\n<p>Parlando ai media pubblici, D\u00e1vid Vit\u00e9zy ha valutato i colloqui avuti con Volker Wissing, ministro federale tedesco dei trasporti, a margine di InnoTrans, la pi\u00f9 grande fiera europea sulla tecnologia dei trasporti e dei trasporti.<\/p>\n<p>Una pi\u00f9 stretta cooperazione con la Germania consentir\u00e0 l&#8217;attuazione del piano ungherese di mettere in funzione i treni a motore alimentati a idrogeno sulle linee ferroviarie non elettrificate, ha affermato.<\/p>\n<p>Vit\u00e9zy ha detto di aver anche avuto colloqui con gli amministratori delegati di Knorr-Bremse e Siemens, societ\u00e0 tedesche che operano anche in Ungheria Il governo ha accolto con favore l&#8217;accordo strategico concluso da Magyar Vagon di propriet\u00e0 ungherese con Siemens sulla modernizzazione delle tecnologie di trasporto ferroviario, ha detto.<\/p>\n<p><a href=\"https:\/\/www.innotrans.de\/en\/\" target=\"_blank\" rel=\"noopener\">InnoTrans<\/a> inaugurato luned\u00ec a Berlino, ha attirato 2.834 espositori provenienti da 56 paesi.<\/p>\n<ul>\n<li>leggi anche: <a href=\"https:\/\/dailynewshungary.com\/it\/treni-alimentati-a-idrogeno-in-arrivo-in-ungheria\/\">Treni alimentati a idrogeno in arrivo in Ungheria?<\/a><\/li>\n<\/ul>\n<p><a class=\"dnh-embed-link\" href=\"https:\/\/dailynewshungary.com\/it\/giovedi-potrete-viaggiare-a-vostro-piacimento-con-un-unico-biglietto-ferroviario-in-ungheria\/\"><\/a><\/p>\n<p><a class=\"dnh-embed-link\" href=\"https:\/\/dailynewshungary.com\/it\/giovedi-potrete-viaggiare-a-vostro-piacimento-con-un-unico-biglietto-ferroviario-in-ungheria\/\"><\/p>\n<div class=\"dnh-embed\">\n<div class=\"dnh-embed-thumb\"><img loading=\"lazy\" decoding=\"async\" width=\"1280\" height=\"720\" src=\"https:\/\/contentf5.dailynewshungary.com\/wp-content\/uploads\/2021\/05\/Keleti-railway-station-Budapest-train-M\u00c1V.jpg\" class=\"attachment-embed_thumbnail size-embed_thumbnail wp-post-image\" alt=\"Stazione ferroviaria Keleti Treno Budapest M\u00c1V\" srcset=\"https:\/\/contentf5.dailynewshungary.com\/wp-content\/uploads\/2021\/05\/Keleti-railway-station-Budapest-train-M\u00c1V.jpg 1280w, https:\/\/contentf5.dailynewshungary.com\/wp-content\/uploads\/2021\/05\/Keleti-railway-station-Budapest-train-M\u00c1V-768x432.jpg 768w, https:\/\/contentf5.dailynewshungary.com\/wp-content\/uploads\/2021\/05\/Keleti-railway-station-Budapest-train-M\u00c1V-800x450.jpg 800w, https:\/\/contentf5.dailynewshungary.com\/wp-content\/uploads\/2021\/05\/Keleti-railway-station-Budapest-train-M\u00c1V-1160x653.jpg 1160w\" sizes=\"auto, (max-width: 1280px) 100vw, 1280px\"><\/div>\n<h5 class=\"dnh-embed-title\"><span>Leggi anche<\/span>Gioved\u00ec potrete viaggiare a vostro piacimento con un unico biglietto ferroviario in Ungheria<\/h5>\n<\/div>\n<p><\/a><\/p>\n<p><a class=\"dnh-embed-link\" href=\"https:\/\/dailynewshungary.com\/it\/giovedi-potrete-viaggiare-a-vostro-piacimento-con-un-unico-biglietto-ferroviario-in-ungheria\/\"><\/a><\/p>\n","protected":false},"excerpt":{"rendered":"<p>I governi di Ungheria e Germania hanno istituito un gruppo di lavoro per rafforzare la cooperazione nel settore dei trasporti e dei trasporti, ha detto marted\u00ec a Berlino il segretario di Stato del ministero dell&#8217;Innovazione e della tecnologia. Parlando ai media pubblici, D\u00e1vid Vit\u00e9zy ha valutato i colloqui avuti con Volker Wissing, ministro federale tedesco [&hellip;]<\/p>\n","protected":false},"author":2,"featured_media":0,"comment_status":"open","ping_status":"open","sticky":false,"template":"","format":"standard","meta":{"_display_image":"yes","footnotes":""},"categories":[1185],"tags":[1105,1079,1117,1480,1069],"class_list":["post-690117","post","type-post","status-publish","format-standard","hentry","category-politica-in-ungheria","tag-germania","tag-governo-ungherese","tag-trasporti","tag-treno","tag-ungheria"],"blocksy_meta":[],"author_username":"alk","telegram_post":"","public_post_metadata":{"breaking_news":"","important":"","csempe":"","center_tile":"","disable_thumbnail":"","target_lang":"","_featured_image_style":"hidden","telegram_post":"","_xlat_group_id":""},"public_rank_math_data":{"title":"%titolo% %sep% %nomesito%","description":"I governi di Ungheria e Germania hanno istituito un gruppo di lavoro per rafforzare la cooperazione nel settore dei trasporti e dei trasporti","focus_keyword":"Ungherese tedesco","canonical_url":"","robots":"","primary_category":"1185","breadcrumb_title":"","facebook_title":"","facebook_description":"","facebook_image":"","facebook_image_id":"","twitter_title":"","twitter_description":"","twitter_image":"","twitter_image_id":"","twitter_card_type":"","twitter_use_facebook":"","advanced_robots":"","pillar_content":"","seo_score":"16","contentai_score":"","rich_snippet":""},"_links":{"self":[{"href":"https:\/\/dailynewshungary.com\/it\/wp-json\/wp\/v2\/posts\/690117","targetHints":{"allow":["GET"]}}],"collection":[{"href":"https:\/\/dailynewshungary.com\/it\/wp-json\/wp\/v2\/posts"}],"about":[{"href":"https:\/\/dailynewshungary.com\/it\/wp-json\/wp\/v2\/types\/post"}],"author":[{"embeddable":true,"href":"https:\/\/dailynewshungary.com\/it\/wp-json\/wp\/v2\/users\/2"}],"replies":[{"embeddable":true,"href":"https:\/\/dailynewshungary.com\/it\/wp-json\/wp\/v2\/comments?post=690117"}],"version-history":[{"count":0,"href":"https:\/\/dailynewshungary.com\/it\/wp-json\/wp\/v2\/posts\/690117\/revisions"}],"wp:attachment":[{"href":"https:\/\/dailynewshungary.com\/it\/wp-json\/wp\/v2\/media?parent=690117"}],"wp:term":[{"taxonomy":"category","embeddable":true,"href":"https:\/\/dailynewshungary.com\/it\/wp-json\/wp\/v2\/categories?post=690117"},{"taxonomy":"post_tag","embeddable":true,"href":"https:\/\/dailynewshungary.com\/it\/wp-json\/wp\/v2\/tags?post=690117"}],"curies":[{"name":"wp","href":"https:\/\/api.w.org\/{rel}","templated":true}]}}