{"id":690801,"date":"2019-11-06T19:10:20","date_gmt":"2019-11-06T18:10:20","guid":{"rendered":"https:\/\/dailynewshungary.com\/it\/le-foto-di-un-bambino-di-9-anni-della-rivoluzione-ungherese-del-1956-a-budapest\/"},"modified":"2019-11-06T19:10:20","modified_gmt":"2019-11-06T18:10:20","slug":"le-foto-di-un-bambino-di-9-anni-della-rivoluzione-ungherese-del-1956-a-budapest","status":"publish","type":"post","link":"https:\/\/dailynewshungary.com\/it\/le-foto-di-un-bambino-di-9-anni-della-rivoluzione-ungherese-del-1956-a-budapest\/","title":{"rendered":"Le foto di un bambino di 9 anni della rivoluzione ungherese del 1956 a Budapest"},"content":{"rendered":"<p><strong>J\u00e1nos P\u00f6l\u00f6skei aveva nove anni quando scoppi\u00f2 la Rivoluzione il 23 ottobre 1956. Vivevano vicino a uno dei punti caldi degli eventi, non lontano dalla piazza K\u00f6zt\u00e1rsas\u00e1g (Repubblica) dove si trovava la sede del Partito Comunista Ungherese.<\/strong><\/p>\n<p><a href=\"https:\/\/index.hu\/fortepan\/2019\/11\/03\/poloskei_janos_1956_bicikli_fotok\/\" target=\"_blank\" rel=\"noopener\">Indice.hu<\/a> dice che non parlavano di politica in patria, ma sapeva che la piccola impresa dei suoi genitori era nazionalizzata e vivevano insieme alla famiglia di B\u00e9la D\u00e1lnoki Mikl\u00f3s, ex primo ministro ungherese. Aveva un fratello maggiore che \u00e8 stato picchiato dagli agenti dell&#8217;Autorit\u00e0 di Protezione dello Stato dopo aver strappato alcuni manifesti comunisti e il suo atto \u00e8 stato denunciato alla polizia da uno dei suoi compagni di classe.<\/p>\n<p>Il 23 ottobre disse alla madre che avrebbero dovuto comprare molto pane perch\u00e9 ci sarebbe stata la guerra, afferr\u00f2 la macchina fotografica Primus del padre e scatt\u00f2 molte foto durante i giorni della rivoluzione, dice che tutto era come la guerra mondiale di cui i suoi genitori e nonni parlavano continuamente.<\/p>\n<p>&nbsp;Dopo l&#8217;invasione sovietica<\/p>\n<blockquote>\n<p><span style=\"color: #0000ff;\">hanno vissuto nel seminterrato con la sua famiglia per pi\u00f9 di una settimana <\/span><\/p>\n<\/blockquote>\n<p>e P\u00f6lkei aveva ragione. Avevano davvero bisogno del pane di cui parlava il 23 ottobre. Ma poi la vita continu\u00f2 e, sebbene mancassero alcuni dei suoi compagni di classe, disse che a tutti veniva dato del cioccolato che veniva come sostegno dalla Svizzera.<\/p>\n<p>Le sue foto non sono mai state pubblicate perch\u00e9 le nascondeva in un libro ma qui sotto potete controllarle:<\/p>\n<figure id=\"attachment_284246\" aria-describedby=\"caption-attachment-284246\" style=\"width: 450px\" class=\"wp-caption aligncenter\"><img loading=\"lazy\" decoding=\"async\" class=\"wp-image-284246\" src=\"https:\/\/dailynewshungary.com\/wp-content\/uploads\/2019\/11\/F2869AFB-4B3A-47A4-AEBB-B102CADE2FA5-1024x692.jpeg\" alt=\"Rivoluzione ungherese 1956\" width=\"450\" height=\"304\" srcset=\"https:\/\/contentf5.dailynewshungary.com\/wp-content\/uploads\/2019\/11\/F2869AFB-4B3A-47A4-AEBB-B102CADE2FA5-1024x692.jpeg 1024w, https:\/\/contentf5.dailynewshungary.com\/wp-content\/uploads\/2019\/11\/F2869AFB-4B3A-47A4-AEBB-B102CADE2FA5-300x203.jpeg 300w, https:\/\/contentf5.dailynewshungary.com\/wp-content\/uploads\/2019\/11\/F2869AFB-4B3A-47A4-AEBB-B102CADE2FA5-768x519.jpeg 768w, https:\/\/contentf5.dailynewshungary.com\/wp-content\/uploads\/2019\/11\/F2869AFB-4B3A-47A4-AEBB-B102CADE2FA5-800x541.jpeg 800w, https:\/\/contentf5.dailynewshungary.com\/wp-content\/uploads\/2019\/11\/F2869AFB-4B3A-47A4-AEBB-B102CADE2FA5-1160x784.jpeg 1160w, https:\/\/contentf5.dailynewshungary.com\/wp-content\/uploads\/2019\/11\/F2869AFB-4B3A-47A4-AEBB-B102CADE2FA5.jpeg 1280w\" sizes=\"auto, (max-width: 450px) 100vw, 450px\"><figcaption id=\"caption-attachment-284246\" class=\"wp-caption-text\">Fonte: J\u00e1nos P\u00f6l\u00f6skei\/Fortepan<\/figcaption><\/figure>\n<p>Le rovine della via R\u00e1k\u00f3czi 74 dove la lotta fu dura anche dopo che le truppe sovietiche repressero la rivoluzione il 4 novembre.<\/p>\n<figure id=\"attachment_284247\" aria-describedby=\"caption-attachment-284247\" style=\"width: 450px\" class=\"wp-caption aligncenter\"><img loading=\"lazy\" decoding=\"async\" class=\"wp-image-284247\" src=\"https:\/\/dailynewshungary.com\/wp-content\/uploads\/2019\/11\/7794473C-1482-43AB-8409-0661006841AD-1024x731.jpeg\" alt=\"Rivoluzione ungherese 1956\" width=\"450\" height=\"321\" srcset=\"https:\/\/contentf5.dailynewshungary.com\/wp-content\/uploads\/2019\/11\/7794473C-1482-43AB-8409-0661006841AD-1024x731.jpeg 1024w, https:\/\/contentf5.dailynewshungary.com\/wp-content\/uploads\/2019\/11\/7794473C-1482-43AB-8409-0661006841AD-300x214.jpeg 300w, https:\/\/contentf5.dailynewshungary.com\/wp-content\/uploads\/2019\/11\/7794473C-1482-43AB-8409-0661006841AD-768x548.jpeg 768w, https:\/\/contentf5.dailynewshungary.com\/wp-content\/uploads\/2019\/11\/7794473C-1482-43AB-8409-0661006841AD-800x571.jpeg 800w, https:\/\/contentf5.dailynewshungary.com\/wp-content\/uploads\/2019\/11\/7794473C-1482-43AB-8409-0661006841AD-1160x828.jpeg 1160w, https:\/\/contentf5.dailynewshungary.com\/wp-content\/uploads\/2019\/11\/7794473C-1482-43AB-8409-0661006841AD.jpeg 1280w\" sizes=\"auto, (max-width: 450px) 100vw, 450px\"><figcaption id=\"caption-attachment-284247\" class=\"wp-caption-text\">Fonte: J\u00e1nos P\u00f6l\u00f6skei\/Fortepan<\/figcaption><\/figure>\n<p>La gente cercava di passare tra i carri armati all&#8217;angolo tra le strade R\u00e1k\u00f3czi e Osv\u00e1t.<\/p>\n<figure id=\"attachment_284248\" aria-describedby=\"caption-attachment-284248\" style=\"width: 450px\" class=\"wp-caption aligncenter\"><img loading=\"lazy\" decoding=\"async\" class=\"wp-image-284248\" src=\"https:\/\/dailynewshungary.com\/wp-content\/uploads\/2019\/11\/6ACBF95B-7BC8-42BB-A17A-8FBAFACABE2A-606x1024.jpeg\" alt=\"Rivoluzione ungherese 1956\" width=\"450\" height=\"760\" srcset=\"https:\/\/contentf5.dailynewshungary.com\/wp-content\/uploads\/2019\/11\/6ACBF95B-7BC8-42BB-A17A-8FBAFACABE2A-606x1024.jpeg 606w, https:\/\/contentf5.dailynewshungary.com\/wp-content\/uploads\/2019\/11\/6ACBF95B-7BC8-42BB-A17A-8FBAFACABE2A-178x300.jpeg 178w, https:\/\/contentf5.dailynewshungary.com\/wp-content\/uploads\/2019\/11\/6ACBF95B-7BC8-42BB-A17A-8FBAFACABE2A.jpeg 682w\" sizes=\"auto, (max-width: 450px) 100vw, 450px\"><figcaption id=\"caption-attachment-284248\" class=\"wp-caption-text\">Fonte: J\u00e1nos P\u00f6l\u00f6skei\/Fortepan<\/figcaption><\/figure>\n<p>Passer-by di fronte alle rovine della passeggiata J\u00f3zsef 81.<\/p>\n<figure id=\"attachment_284249\" aria-describedby=\"caption-attachment-284249\" style=\"width: 450px\" class=\"wp-caption aligncenter\"><img loading=\"lazy\" decoding=\"async\" class=\"wp-image-284249\" src=\"https:\/\/dailynewshungary.com\/wp-content\/uploads\/2019\/11\/303DDB3D-6F19-4747-9BE1-508D7F661BD2-1024x642.jpeg\" alt=\"Rivoluzione ungherese 1956\" width=\"450\" height=\"282\" srcset=\"https:\/\/contentf5.dailynewshungary.com\/wp-content\/uploads\/2019\/11\/303DDB3D-6F19-4747-9BE1-508D7F661BD2-1024x642.jpeg 1024w, https:\/\/contentf5.dailynewshungary.com\/wp-content\/uploads\/2019\/11\/303DDB3D-6F19-4747-9BE1-508D7F661BD2-300x188.jpeg 300w, https:\/\/contentf5.dailynewshungary.com\/wp-content\/uploads\/2019\/11\/303DDB3D-6F19-4747-9BE1-508D7F661BD2-768x482.jpeg 768w, https:\/\/contentf5.dailynewshungary.com\/wp-content\/uploads\/2019\/11\/303DDB3D-6F19-4747-9BE1-508D7F661BD2-800x502.jpeg 800w, https:\/\/contentf5.dailynewshungary.com\/wp-content\/uploads\/2019\/11\/303DDB3D-6F19-4747-9BE1-508D7F661BD2-1160x728.jpeg 1160w, https:\/\/contentf5.dailynewshungary.com\/wp-content\/uploads\/2019\/11\/303DDB3D-6F19-4747-9BE1-508D7F661BD2.jpeg 1280w\" sizes=\"auto, (max-width: 450px) 100vw, 450px\"><figcaption id=\"caption-attachment-284249\" class=\"wp-caption-text\">Fonte: J\u00e1nos P\u00f6l\u00f6skei\/Fortepan<\/figcaption><\/figure>\n<p>A sinistra, la sede del partito comunista ungherese che fu assediata dall&#8217;esercito rivoluzionario il 30 ottobre La folla attacc\u00f2 l&#8217;edificio perch\u00e9, presumibilmente, l&#8217;Autorit\u00e0 di Protezione dello Stato vi tortur\u00f2 alcune persone Anche se anche il signor P\u00f6l\u00f6skei sent\u00ec voci dall&#8217;edificio allora, nessuno riusc\u00ec ancora a trovare i tunnel segreti che collegavano l&#8217;edificio con il cimitero di Kerepesi.<\/p>\n<figure id=\"attachment_284250\" aria-describedby=\"caption-attachment-284250\" style=\"width: 450px\" class=\"wp-caption aligncenter\"><img loading=\"lazy\" decoding=\"async\" class=\"wp-image-284250\" src=\"https:\/\/dailynewshungary.com\/wp-content\/uploads\/2019\/11\/58C726A3-325F-4174-B6BD-62D49DCEB677-1024x614.jpeg\" alt=\"Rivoluzione ungherese 1956\" width=\"450\" height=\"270\" srcset=\"https:\/\/contentf5.dailynewshungary.com\/wp-content\/uploads\/2019\/11\/58C726A3-325F-4174-B6BD-62D49DCEB677-1024x614.jpeg 1024w, https:\/\/contentf5.dailynewshungary.com\/wp-content\/uploads\/2019\/11\/58C726A3-325F-4174-B6BD-62D49DCEB677-300x180.jpeg 300w, https:\/\/contentf5.dailynewshungary.com\/wp-content\/uploads\/2019\/11\/58C726A3-325F-4174-B6BD-62D49DCEB677-768x460.jpeg 768w, https:\/\/contentf5.dailynewshungary.com\/wp-content\/uploads\/2019\/11\/58C726A3-325F-4174-B6BD-62D49DCEB677-800x479.jpeg 800w, https:\/\/contentf5.dailynewshungary.com\/wp-content\/uploads\/2019\/11\/58C726A3-325F-4174-B6BD-62D49DCEB677-1160x695.jpeg 1160w, https:\/\/contentf5.dailynewshungary.com\/wp-content\/uploads\/2019\/11\/58C726A3-325F-4174-B6BD-62D49DCEB677.jpeg 1280w\" sizes=\"auto, (max-width: 450px) 100vw, 450px\"><figcaption id=\"caption-attachment-284250\" class=\"wp-caption-text\">Fonte: J\u00e1nos P\u00f6l\u00f6skei\/Fortepan<\/figcaption><\/figure>\n<p>J\u00f3zsef boulevard 86 vicino alla leggendaria Corvin-k\u00f6z dove un gruppo di rivoluzionari combatt\u00e9 anche giorni dopo la seconda invasione sovietica del 4 novembre Anche questa foto \u00e8 stata probabilmente scattata dopo il 4 novembre.<\/p>\n<figure id=\"attachment_284251\" aria-describedby=\"caption-attachment-284251\" style=\"width: 450px\" class=\"wp-caption aligncenter\"><img loading=\"lazy\" decoding=\"async\" class=\"wp-image-284251\" src=\"https:\/\/dailynewshungary.com\/wp-content\/uploads\/2019\/11\/F4A83227-994F-48E8-B418-5ADE474E1003-1024x647.jpeg\" alt=\"Rivoluzione ungherese 1956\" width=\"450\" height=\"284\" srcset=\"https:\/\/contentf5.dailynewshungary.com\/wp-content\/uploads\/2019\/11\/F4A83227-994F-48E8-B418-5ADE474E1003-1024x647.jpeg 1024w, https:\/\/contentf5.dailynewshungary.com\/wp-content\/uploads\/2019\/11\/F4A83227-994F-48E8-B418-5ADE474E1003-300x190.jpeg 300w, https:\/\/contentf5.dailynewshungary.com\/wp-content\/uploads\/2019\/11\/F4A83227-994F-48E8-B418-5ADE474E1003-768x485.jpeg 768w, https:\/\/contentf5.dailynewshungary.com\/wp-content\/uploads\/2019\/11\/F4A83227-994F-48E8-B418-5ADE474E1003-800x506.jpeg 800w, https:\/\/contentf5.dailynewshungary.com\/wp-content\/uploads\/2019\/11\/F4A83227-994F-48E8-B418-5ADE474E1003-1160x733.jpeg 1160w, https:\/\/contentf5.dailynewshungary.com\/wp-content\/uploads\/2019\/11\/F4A83227-994F-48E8-B418-5ADE474E1003.jpeg 1280w\" sizes=\"auto, (max-width: 450px) 100vw, 450px\"><figcaption id=\"caption-attachment-284251\" class=\"wp-caption-text\">Fonte: J\u00e1nos P\u00f6l\u00f6skei\/Fortepan<\/figcaption><\/figure>\n<p>I tram sono bruciati sul viale J\u00f3zsef che venivano usati come barricata.&nbsp;<\/p>\n<figure id=\"attachment_284253\" aria-describedby=\"caption-attachment-284253\" style=\"width: 450px\" class=\"wp-caption aligncenter\"><img loading=\"lazy\" decoding=\"async\" class=\"wp-image-284253\" src=\"https:\/\/dailynewshungary.com\/wp-content\/uploads\/2019\/11\/035FD0B0-7FEC-48C3-9B7F-A4679444FE5B-1024x634.jpeg\" alt=\"Rivoluzione ungherese 1956\" width=\"450\" height=\"278\" srcset=\"https:\/\/contentf5.dailynewshungary.com\/wp-content\/uploads\/2019\/11\/035FD0B0-7FEC-48C3-9B7F-A4679444FE5B-1024x634.jpeg 1024w, https:\/\/contentf5.dailynewshungary.com\/wp-content\/uploads\/2019\/11\/035FD0B0-7FEC-48C3-9B7F-A4679444FE5B-300x186.jpeg 300w, https:\/\/contentf5.dailynewshungary.com\/wp-content\/uploads\/2019\/11\/035FD0B0-7FEC-48C3-9B7F-A4679444FE5B-768x475.jpeg 768w, https:\/\/contentf5.dailynewshungary.com\/wp-content\/uploads\/2019\/11\/035FD0B0-7FEC-48C3-9B7F-A4679444FE5B-800x495.jpeg 800w, https:\/\/contentf5.dailynewshungary.com\/wp-content\/uploads\/2019\/11\/035FD0B0-7FEC-48C3-9B7F-A4679444FE5B-1160x718.jpeg 1160w, https:\/\/contentf5.dailynewshungary.com\/wp-content\/uploads\/2019\/11\/035FD0B0-7FEC-48C3-9B7F-A4679444FE5B.jpeg 1280w\" sizes=\"auto, (max-width: 450px) 100vw, 450px\"><figcaption id=\"caption-attachment-284253\" class=\"wp-caption-text\">Fonte: J\u00e1nos P\u00f6l\u00f6skei\/Fortepan.hu<\/figcaption><\/figure>\n<p>Via R\u00e1k\u00f3czi Ci vollero anni prima che tutti gli edifici danneggiati venissero ricostruiti.<\/p>\n<figure id=\"attachment_284254\" aria-describedby=\"caption-attachment-284254\" style=\"width: 450px\" class=\"wp-caption aligncenter\"><img loading=\"lazy\" decoding=\"async\" class=\"wp-image-284254\" src=\"https:\/\/dailynewshungary.com\/wp-content\/uploads\/2019\/11\/96144C4D-7A32-4744-9845-CB0EE9375B72-1024x857.jpeg\" alt=\"Rivoluzione ungherese 1956\" width=\"450\" height=\"377\" srcset=\"https:\/\/contentf5.dailynewshungary.com\/wp-content\/uploads\/2019\/11\/96144C4D-7A32-4744-9845-CB0EE9375B72-1024x857.jpeg 1024w, https:\/\/contentf5.dailynewshungary.com\/wp-content\/uploads\/2019\/11\/96144C4D-7A32-4744-9845-CB0EE9375B72-300x251.jpeg 300w, https:\/\/contentf5.dailynewshungary.com\/wp-content\/uploads\/2019\/11\/96144C4D-7A32-4744-9845-CB0EE9375B72-768x643.jpeg 768w, https:\/\/contentf5.dailynewshungary.com\/wp-content\/uploads\/2019\/11\/96144C4D-7A32-4744-9845-CB0EE9375B72-800x669.jpeg 800w, https:\/\/contentf5.dailynewshungary.com\/wp-content\/uploads\/2019\/11\/96144C4D-7A32-4744-9845-CB0EE9375B72-1160x971.jpeg 1160w, https:\/\/contentf5.dailynewshungary.com\/wp-content\/uploads\/2019\/11\/96144C4D-7A32-4744-9845-CB0EE9375B72.jpeg 1280w\" sizes=\"auto, (max-width: 450px) 100vw, 450px\"><figcaption id=\"caption-attachment-284254\" class=\"wp-caption-text\">Fonte: J\u00e1nos P\u00f6l\u00f6skei\/Fortepan.hu<\/figcaption><\/figure>\n<p>Rovine, passanti e un carro armato sovietico all&#8217;angolo tra le strade R\u00e1k\u00f3czi e Osv\u00e1t.&nbsp;<\/p>\n<figure id=\"attachment_284255\" aria-describedby=\"caption-attachment-284255\" style=\"width: 450px\" class=\"wp-caption aligncenter\"><img loading=\"lazy\" decoding=\"async\" class=\"wp-image-284255\" src=\"https:\/\/dailynewshungary.com\/wp-content\/uploads\/2019\/11\/2CC0D09B-6435-41CF-A701-8A6B18A52F4B-1024x638.jpeg\" alt=\"Rivoluzione ungherese 1956\" width=\"450\" height=\"281\" srcset=\"https:\/\/contentf5.dailynewshungary.com\/wp-content\/uploads\/2019\/11\/2CC0D09B-6435-41CF-A701-8A6B18A52F4B-1024x638.jpeg 1024w, https:\/\/contentf5.dailynewshungary.com\/wp-content\/uploads\/2019\/11\/2CC0D09B-6435-41CF-A701-8A6B18A52F4B-300x187.jpeg 300w, https:\/\/contentf5.dailynewshungary.com\/wp-content\/uploads\/2019\/11\/2CC0D09B-6435-41CF-A701-8A6B18A52F4B-768x479.jpeg 768w, https:\/\/contentf5.dailynewshungary.com\/wp-content\/uploads\/2019\/11\/2CC0D09B-6435-41CF-A701-8A6B18A52F4B-800x499.jpeg 800w, https:\/\/contentf5.dailynewshungary.com\/wp-content\/uploads\/2019\/11\/2CC0D09B-6435-41CF-A701-8A6B18A52F4B-1160x723.jpeg 1160w, https:\/\/contentf5.dailynewshungary.com\/wp-content\/uploads\/2019\/11\/2CC0D09B-6435-41CF-A701-8A6B18A52F4B.jpeg 1280w\" sizes=\"auto, (max-width: 450px) 100vw, 450px\"><figcaption id=\"caption-attachment-284255\" class=\"wp-caption-text\">Fonte: J\u00e1nos P\u00f6l\u00f6skei\/Fortepan.hu<\/figcaption><\/figure>\n<p>&nbsp;<br \/>L&#8217;incrocio tra la passeggiata J\u00f3zsef e la via \u00dcll\u0151i A sinistra, edifici della leggendaria Corvin-k\u00f6z mentre a destra, la caserma Kili\u00e1n La lotta \u00e8 stata lunga e sanguinosa l\u00ec; alcuni edifici del quartiere hanno ancora fori di proiettile sui muri.<\/p>\n<p>Vuoi vedere altre foto della rivoluzione? clicca <a href=\"https:\/\/dailynewshungary.com\/it\/foto-speciali-della-rivoluzione-del-1956-che-non-hai-mai-visto-prima-galleria-fotografica\/\">QUI<\/a>. Ti interessano le melodie della rivoluzione del 1956? <a href=\"https:\/\/dailynewshungary.com\/it\/melodie-della-rivoluzione-del-956-in-ungheria-1-video\/\">QUESTO<\/a> \u00e8 il tuo articolo.<\/p>\n","protected":false},"excerpt":{"rendered":"<p>J\u00e1nos P\u00f6l\u00f6skei aveva nove anni quando scoppi\u00f2 la Rivoluzione il 23 ottobre 1956. Vivevano vicino a uno dei punti caldi degli eventi, non lontano dalla piazza K\u00f6zt\u00e1rsas\u00e1g (Repubblica) dove si trovava la sede del Partito Comunista Ungherese. Indice.hu dice che non parlavano di politica in patria, ma sapeva che la piccola impresa dei suoi genitori [&hellip;]<\/p>\n","protected":false},"author":18,"featured_media":0,"comment_status":"open","ping_status":"open","sticky":false,"template":"","format":"standard","meta":{"_display_image":"","footnotes":""},"categories":[1344],"tags":[1158,1464,1127,1646,1223,1069],"class_list":["post-690801","post","type-post","status-publish","format-standard","hentry","category-speciale-ungheria","tag-budapest","tag-fotografia","tag-galleria-fotografica","tag-la-rivoluzione-ungherese-del-1956","tag-storia","tag-ungheria"],"blocksy_meta":[],"author_username":"johnwoods","telegram_post":"","public_post_metadata":{"breaking_news":"","important":"","csempe":"","center_tile":"","disable_thumbnail":"","target_lang":"","_featured_image_style":"","telegram_post":"","_xlat_group_id":""},"public_rank_math_data":{"title":"%titolo% %sep% %nomesito%","description":"","focus_keyword":"","canonical_url":"","robots":"","primary_category":"1344","breadcrumb_title":"","facebook_title":"","facebook_description":"","facebook_image":"","facebook_image_id":"","twitter_title":"","twitter_description":"","twitter_image":"","twitter_image_id":"","twitter_card_type":"","twitter_use_facebook":"","advanced_robots":"","pillar_content":"","seo_score":"","contentai_score":"","rich_snippet":""},"_links":{"self":[{"href":"https:\/\/dailynewshungary.com\/it\/wp-json\/wp\/v2\/posts\/690801","targetHints":{"allow":["GET"]}}],"collection":[{"href":"https:\/\/dailynewshungary.com\/it\/wp-json\/wp\/v2\/posts"}],"about":[{"href":"https:\/\/dailynewshungary.com\/it\/wp-json\/wp\/v2\/types\/post"}],"author":[{"embeddable":true,"href":"https:\/\/dailynewshungary.com\/it\/wp-json\/wp\/v2\/users\/18"}],"replies":[{"embeddable":true,"href":"https:\/\/dailynewshungary.com\/it\/wp-json\/wp\/v2\/comments?post=690801"}],"version-history":[{"count":0,"href":"https:\/\/dailynewshungary.com\/it\/wp-json\/wp\/v2\/posts\/690801\/revisions"}],"wp:attachment":[{"href":"https:\/\/dailynewshungary.com\/it\/wp-json\/wp\/v2\/media?parent=690801"}],"wp:term":[{"taxonomy":"category","embeddable":true,"href":"https:\/\/dailynewshungary.com\/it\/wp-json\/wp\/v2\/categories?post=690801"},{"taxonomy":"post_tag","embeddable":true,"href":"https:\/\/dailynewshungary.com\/it\/wp-json\/wp\/v2\/tags?post=690801"}],"curies":[{"name":"wp","href":"https:\/\/api.w.org\/{rel}","templated":true}]}}