{"id":690914,"date":"2019-11-01T13:00:31","date_gmt":"2019-11-01T12:00:31","guid":{"rendered":"https:\/\/dailynewshungary.com\/it\/i-rottami-governativi-prevedono-di-istituire-tribunali-della-pubblica-amministrazione\/"},"modified":"2019-11-01T13:00:31","modified_gmt":"2019-11-01T12:00:31","slug":"i-rottami-governativi-prevedono-di-istituire-tribunali-della-pubblica-amministrazione","status":"publish","type":"post","link":"https:\/\/dailynewshungary.com\/it\/i-rottami-governativi-prevedono-di-istituire-tribunali-della-pubblica-amministrazione\/","title":{"rendered":"I rottami governativi prevedono di istituire tribunali della pubblica amministrazione"},"content":{"rendered":"<p><strong>Il governo ha deciso di non istituire un sistema separato di tribunali della pubblica amministrazione, ma la legislazione attualmente in preparazione render\u00e0 le procedure giudiziarie della pubblica amministrazione pi\u00f9 rapide e prevedibili, ha detto gioved\u00ec il ministro della Giustizia.<\/strong><\/p>\n<p>In primavera \u00e8 stata presa la decisione di rinviare per un periodo imprecisato la creazione di tribunali separati della pubblica amministrazione, ha detto Judit Varga a MTI. A seguito di notevoli consultazioni professionali, il governo ha ora deciso di abolire del tutto il piano e mantenere in vigore l\u2019attuale sistema unificato per proteggere i tribunali da controversie inutili, ha aggiunto.<\/p>\n<p>La nuova legislazione attualmente in preparazione garantir\u00e0 un quadro chiaro per le procedure giudiziarie della pubblica amministrazione, accelerer\u00e0 i casi e render\u00e0 le sentenze pi\u00f9 prevedibili, ha affermato Varga.<\/p>\n<blockquote>\n<p>Il progetto sar\u00e0 presentato al Parlamento durante la sessione autunnale, ha aggiunto.<\/p>\n<\/blockquote>\n<p>I piani originali del governo erano in linea con tutte le norme europee e internazionali e anche la Commissione di Venezia li ha ritenuti accettabili durante una revisione questa primavera, quindi la controversia internazionale riguardante i piani non ha influenzato la decisione, ha detto.<\/p>\n","protected":false},"excerpt":{"rendered":"<p>Il governo ha deciso di non istituire un sistema separato di tribunali della pubblica amministrazione, ma la legislazione attualmente in preparazione render\u00e0 le procedure giudiziarie della pubblica amministrazione pi\u00f9 rapide e prevedibili, ha detto gioved\u00ec il ministro della Giustizia. In primavera \u00e8 stata presa la decisione di rinviare per un periodo imprecisato la creazione di [&hellip;]<\/p>\n","protected":false},"author":46,"featured_media":0,"comment_status":"open","ping_status":"open","sticky":false,"template":"","format":"standard","meta":{"_display_image":"","footnotes":""},"categories":[1190],"tags":[1206,1450,1069,1075],"class_list":["post-690914","post","type-post","status-publish","format-standard","hentry","category-notizie-flash","tag-corte","tag-diritto","tag-ungheria","tag-unione-europea"],"blocksy_meta":[],"author_username":"barbara.smn","telegram_post":"","public_post_metadata":{"breaking_news":"","important":"","csempe":"","center_tile":"","disable_thumbnail":"","target_lang":"","_featured_image_style":"","telegram_post":"","_xlat_group_id":""},"public_rank_math_data":{"title":"%titolo% %sep% %nomesito%","description":"","focus_keyword":"","canonical_url":"","robots":"","primary_category":"1190","breadcrumb_title":"","facebook_title":"","facebook_description":"","facebook_image":"","facebook_image_id":"","twitter_title":"","twitter_description":"","twitter_image":"","twitter_image_id":"","twitter_card_type":"","twitter_use_facebook":"","advanced_robots":"","pillar_content":"","seo_score":"","contentai_score":"","rich_snippet":""},"_links":{"self":[{"href":"https:\/\/dailynewshungary.com\/it\/wp-json\/wp\/v2\/posts\/690914","targetHints":{"allow":["GET"]}}],"collection":[{"href":"https:\/\/dailynewshungary.com\/it\/wp-json\/wp\/v2\/posts"}],"about":[{"href":"https:\/\/dailynewshungary.com\/it\/wp-json\/wp\/v2\/types\/post"}],"author":[{"embeddable":true,"href":"https:\/\/dailynewshungary.com\/it\/wp-json\/wp\/v2\/users\/46"}],"replies":[{"embeddable":true,"href":"https:\/\/dailynewshungary.com\/it\/wp-json\/wp\/v2\/comments?post=690914"}],"version-history":[{"count":0,"href":"https:\/\/dailynewshungary.com\/it\/wp-json\/wp\/v2\/posts\/690914\/revisions"}],"wp:attachment":[{"href":"https:\/\/dailynewshungary.com\/it\/wp-json\/wp\/v2\/media?parent=690914"}],"wp:term":[{"taxonomy":"category","embeddable":true,"href":"https:\/\/dailynewshungary.com\/it\/wp-json\/wp\/v2\/categories?post=690914"},{"taxonomy":"post_tag","embeddable":true,"href":"https:\/\/dailynewshungary.com\/it\/wp-json\/wp\/v2\/tags?post=690914"}],"curies":[{"name":"wp","href":"https:\/\/api.w.org\/{rel}","templated":true}]}}