{"id":691418,"date":"2019-10-10T14:50:28","date_gmt":"2019-10-10T12:50:28","guid":{"rendered":"https:\/\/dailynewshungary.com\/it\/vivi-il-lato-turco-di-budapest-2-foto-video\/"},"modified":"2019-10-10T14:50:28","modified_gmt":"2019-10-10T12:50:28","slug":"vivi-il-lato-turco-di-budapest-2-foto-video","status":"publish","type":"post","link":"https:\/\/dailynewshungary.com\/it\/vivi-il-lato-turco-di-budapest-2-foto-video\/","title":{"rendered":"Vivi il lato turco di Budapest! 2 foto, video"},"content":{"rendered":"<p><strong>Il Regno d&#8217;Ungheria combatt\u00e9 contro l&#8217;Impero ottomano per quasi 300 anni e fu sotto il dominio del sultano per pi\u00f9 di 150 anni Tuttavia, a parte soldati, armi ed eserciti, molti elementi della cultura ottomana arrivarono anche in Ungheria, e ne nacquero delle meraviglie.<\/strong><\/p>\n<h4>La Tomba di G\u00fcl Baba<\/h4>\n<p>Sebbene non si sappia molto della sua vita, \u00e8 sicuro che G\u00fcl Baba fosse un filosofo, poeta e scrittore ottomano, che era allo stesso tempo un monaco musulmano, un derviscio Bektashi. Prese parte a molte invasioni ottomane in Europa dal regno di Mehmed II in poi. Si pensa che sia morto a Buda, nell&#8217;agosto del 1541, dopo che l&#8217;Impero Ottomano occup\u00f2 il castello con un trucco: i giannizzeri entrarono nel castello per ammirarne le bellezze ma non lo lasciarono fino al 1683 quando la citt\u00e0 fu finalmente liberata dal dominio ottomano.<\/p>\n<p>La sua tomba divenne una delle mete di pellegrinaggio musulmane pi\u00f9 settentrionali Presumibilmente, G\u00fcl Baba mor\u00ec nella lotta sotto le mura, e il suo funerale fu la prima cerimonia religiosa musulmana tenutasi a Budapest (allora Buda) Presumibilmente, il sultano Solimano era uno dei suoi portatori di bara e lo dichiar\u00f2 il santo patrono di Buda.<\/p>\n<figure id=\"attachment_83071\" aria-describedby=\"caption-attachment-83071\" style=\"width: 450px\" class=\"wp-caption aligncenter\"><img loading=\"lazy\" decoding=\"async\" class=\"wp-image-83071\" src=\"https:\/\/dailynewshungary.com\/wp-content\/uploads\/2016\/09\/p323-8-1024x768.jpg\" alt=\"Ungheria Turchia Budapest\" width=\"450\" height=\"338\" srcset=\"https:\/\/contentf5.dailynewshungary.com\/wp-content\/uploads\/2016\/09\/p323-8.jpg 1024w, https:\/\/contentf5.dailynewshungary.com\/wp-content\/uploads\/2016\/09\/p323-8-300x225.jpg 300w, https:\/\/contentf5.dailynewshungary.com\/wp-content\/uploads\/2016\/09\/p323-8-768x576.jpg 768w, https:\/\/contentf5.dailynewshungary.com\/wp-content\/uploads\/2016\/09\/p323-8-220x165.jpg 220w, https:\/\/contentf5.dailynewshungary.com\/wp-content\/uploads\/2016\/09\/p323-8-610x458.jpg 610w\" sizes=\"auto, (max-width: 450px) 100vw, 450px\"><figcaption id=\"caption-attachment-83071\" class=\"wp-caption-text\">La tomba Foto: kirandulastippek.hu<\/figcaption><\/figure>\n<p>Dopo la riconquista di Buda da parte delle forze cristiane, la tomba \u00e8 stata trasformata in una cappella cattolica romana ed \u00e8 stata ristrutturata pi\u00f9 volte. Nel 2016, la tomba e i suoi quartieri sono stati ricostruiti e ristrutturati con l&#8217;aiuto finanziario dei governi ungherese e turco.&nbsp;<\/p>\n<p>La tomba si trova in Mecset Street a Budapest, a breve ma ripida passeggiata dal Ponte Margherita nel quartiere di R\u00f3zsadomb (Collina delle Rose) Ecco una breve video compilation sulla tomba con bellissime foto, e <a href=\"https:\/\/dailynewshungary.com\/it\/chi-era-gu-baba-la-cui-tomba-e-stata-inaugurata-dal-presidente-erdogan-e-dal-primo-ministro-orban-foto-video\/\">QUI<\/a> potete trovare qualche ulteriore dettaglio sulla questione:<\/p>\n<p><iframe loading=\"lazy\" title=\"G\u00fcl baba t\u00fcrb\u00e9je - Budapest\" width=\"1480\" height=\"833\" src=\"https:\/\/www.youtube.com\/embed\/09uG0L6E8cU?feature=oembed\" frameborder=\"0\" allow=\"accelerometer; autoplay; clipboard-write; encrypted-media; gyroscope; picture-in-picture; web-share\" referrerpolicy=\"strict-origin-when-cross-origin\" allowfullscreen=\"\"><\/iframe><\/p>\n<h4>Bagni turchi<\/h4>\n<p>Budapest ha quattro bagni costruiti durante i 150 anni di dominio ottomano nei secoli XVI-XVII. Il pi\u00f9 antico \u00e8 il Veli Bej Spa recentemente rinnovato, e inoltre, ci sono il Kir\u00e1ly, il Rudas, e i bagni R\u00e1cz I 4 bagni hanno un modello strutturale simile: una piscina centrale calda circondata da piscine calde e fredde, bagno turco, e sauna Tutti aggiungono un po &#8216;di atmosfera orientale alla citt\u00e0.<\/p>\n<p><a href=\"https:\/\/dailynewshungary.com\/it\/bagno-veli-bej-una-gemma-turca-nascosta-di-budapest\/\">QUI <\/a>si pu\u00f2 leggere di pi\u00f9 sulla pi\u00f9 antica, la Veli Bej Spa, mentre <a href=\"https:\/\/dailynewshungary.com\/it\/la-storia-dei-bagni-turchi-dungheria\/\">QUI<\/a> \u00e8 un articolo sulla storia dei bagni turchi in Ungheria.<\/p>\n<figure id=\"attachment_272368\" aria-describedby=\"caption-attachment-272368\" style=\"width: 450px\" class=\"wp-caption aligncenter\"><img loading=\"lazy\" decoding=\"async\" class=\"wp-image-272368\" src=\"https:\/\/contentf5.dailynewshungary.com\/wp-content\/uploads\/2019\/09\/Rudas.jpg\" alt=\"Rudas Ungheria Turchia Budapest\" width=\"450\" height=\"450\" srcset=\"https:\/\/contentf5.dailynewshungary.com\/wp-content\/uploads\/2019\/09\/Rudas.jpg 720w, https:\/\/contentf5.dailynewshungary.com\/wp-content\/uploads\/2019\/09\/Rudas-150x150.jpg 150w, https:\/\/contentf5.dailynewshungary.com\/wp-content\/uploads\/2019\/09\/Rudas-300x300.jpg 300w, https:\/\/contentf5.dailynewshungary.com\/wp-content\/uploads\/2019\/09\/Rudas-80x80.jpg 80w\" sizes=\"auto, (max-width: 450px) 100vw, 450px\"><figcaption id=\"caption-attachment-272368\" class=\"wp-caption-text\">La piscina emblematica di Rudas Spa<br \/>Foto: www.facebook.com\/pg\/rudas.gyogyfurdo\/photos<\/figcaption><\/figure>\n<h4>Moschee<\/h4>\n<p>La Chiesa dei Cappuccini su F\u0151 utca (Via Principale) sorge sul punto di una moschea costruita da Tojgun Pasha a partire dal 1555. rimase intatta durante la riconquista di Buda nel 1686, ma presto divenne una chiesa dei monaci cappuccini. Gli unici resti turchi ancora in piedi sono il portale e la finestra originali.<\/p>\n<p>Anche la chiesa parrocchiale del centro in piazza 15 marzo era una moschea, ma l&#8217;unica parte rimasta \u00e8 il mihrab, o una nicchia nel muro di una moschea che punta verso la pietra della Kaaba alla Mecca, verso la quale la congregazione si affaccia per pregare.<\/p>\n<h4>Nomi delle strade<\/h4>\n<p>I nomi delle strade usati durante l&#8217;occupazione ottomana furono cambiati, ovviamente, dopo che le loro forze furono espulse, ma alcune strade furono successivamente ribattezzate, come G\u00fcl Baba Street, Turkish Street, Turban Street e Mosque Street dove si trova la tomba di G\u00fcl Baba.<\/p>\n<p>&nbsp;<\/p>\n","protected":false},"excerpt":{"rendered":"<p>Il Regno d&#8217;Ungheria combatt\u00e9 contro l&#8217;Impero ottomano per quasi 300 anni e fu sotto il dominio del sultano per pi\u00f9 di 150 anni Tuttavia, a parte soldati, armi ed eserciti, molti elementi della cultura ottomana arrivarono anche in Ungheria, e ne nacquero delle meraviglie. La Tomba di G\u00fcl Baba Sebbene non si sappia molto della [&hellip;]<\/p>\n","protected":false},"author":18,"featured_media":0,"comment_status":"open","ping_status":"open","sticky":false,"template":"","format":"standard","meta":{"_display_image":"","footnotes":""},"categories":[1344],"tags":[1158,1223,1086,1069,1073],"class_list":["post-691418","post","type-post","status-publish","format-standard","hentry","category-speciale-ungheria","tag-budapest","tag-storia","tag-turchia","tag-ungheria","tag-viaggi"],"blocksy_meta":[],"author_username":"johnwoods","telegram_post":"","public_post_metadata":{"breaking_news":"","important":"","csempe":"","center_tile":"","disable_thumbnail":"","target_lang":"","_featured_image_style":"","telegram_post":"","_xlat_group_id":""},"public_rank_math_data":{"title":"%titolo% %sep% %nomesito%","description":"","focus_keyword":"","canonical_url":"","robots":"","primary_category":"1344","breadcrumb_title":"","facebook_title":"","facebook_description":"","facebook_image":"","facebook_image_id":"","twitter_title":"","twitter_description":"","twitter_image":"","twitter_image_id":"","twitter_card_type":"","twitter_use_facebook":"","advanced_robots":"","pillar_content":"","seo_score":"","contentai_score":"","rich_snippet":""},"_links":{"self":[{"href":"https:\/\/dailynewshungary.com\/it\/wp-json\/wp\/v2\/posts\/691418","targetHints":{"allow":["GET"]}}],"collection":[{"href":"https:\/\/dailynewshungary.com\/it\/wp-json\/wp\/v2\/posts"}],"about":[{"href":"https:\/\/dailynewshungary.com\/it\/wp-json\/wp\/v2\/types\/post"}],"author":[{"embeddable":true,"href":"https:\/\/dailynewshungary.com\/it\/wp-json\/wp\/v2\/users\/18"}],"replies":[{"embeddable":true,"href":"https:\/\/dailynewshungary.com\/it\/wp-json\/wp\/v2\/comments?post=691418"}],"version-history":[{"count":0,"href":"https:\/\/dailynewshungary.com\/it\/wp-json\/wp\/v2\/posts\/691418\/revisions"}],"wp:attachment":[{"href":"https:\/\/dailynewshungary.com\/it\/wp-json\/wp\/v2\/media?parent=691418"}],"wp:term":[{"taxonomy":"category","embeddable":true,"href":"https:\/\/dailynewshungary.com\/it\/wp-json\/wp\/v2\/categories?post=691418"},{"taxonomy":"post_tag","embeddable":true,"href":"https:\/\/dailynewshungary.com\/it\/wp-json\/wp\/v2\/tags?post=691418"}],"curies":[{"name":"wp","href":"https:\/\/api.w.org\/{rel}","templated":true}]}}