{"id":691516,"date":"2019-10-06T16:30:38","date_gmt":"2019-10-06T14:30:38","guid":{"rendered":"https:\/\/dailynewshungary.com\/it\/buon-compleanno-liberty-bridge-uno-sguardo-alla-sua-affascinante-storia-foto\/"},"modified":"2019-10-06T16:30:38","modified_gmt":"2019-10-06T14:30:38","slug":"buon-compleanno-liberty-bridge-uno-sguardo-alla-sua-affascinante-storia-foto","status":"publish","type":"post","link":"https:\/\/dailynewshungary.com\/it\/buon-compleanno-liberty-bridge-uno-sguardo-alla-sua-affascinante-storia-foto\/","title":{"rendered":"Buon compleanno Liberty Bridge! Uno sguardo alla sua affascinante storia Foto"},"content":{"rendered":"<p><strong>Lo Szabads\u00e1g H\u00edd (Ponte della Libert\u00e0) \u00e8 stato inaugurato 123 anni fa il 4<sup>th<\/sup> di ottobre Simbolo di Budapest, guardiamo indietro alla sua affascinante storia.<\/strong><\/p>\n<p>A partire dalle curiosit\u00e0, il ponte ha due fatti interessanti A 331,2 m, \u00e8 il ponte di carenza di Budapest Ancora pi\u00f9 importante, questo \u00e8 stato il primo ponte permanente che \u00e8 stato esclusivamente costruito con materiali prodotti dall&#8217;industria ungherese.<\/p>\n<blockquote>\n<p>\u00c8 anche l&#8217;unico ponte di Budapest che ha ancora le cabine degli attrezzi originali sul lato Pest. &nbsp;<\/p>\n<\/blockquote>\n<p>Come descritto da <a href=\"https:\/\/www.szeretlekmagyarorszag.hu\/boldog-szuletesnapot-szabadsag-hid\/\" target=\"_blank\" rel=\"noopener\">szeretlekmagyarorszag.hu<\/a>, i progetti per la costruzione del ponte erano gi\u00e0 in lavorazione nel 1885; fu approvata una legge secondo cui un quarto ponte sar\u00e0 costruito attraverso il Danubio se i profitti dei pedaggi di altri ponti raggiungessero un certo livello (650.000 fiorini al ritmo storico).<\/p>\n<figure id=\"attachment_277240\" aria-describedby=\"caption-attachment-277240\" style=\"width: 1024px\" class=\"wp-caption aligncenter\"><img loading=\"lazy\" decoding=\"async\" class=\"wp-image-277240 size-large\" src=\"https:\/\/dailynewshungary.com\/wp-content\/uploads\/2019\/10\/lbierty-bridge-1024x821.jpg\" alt=\"ponte libert\u00e0\" width=\"1024\" height=\"821\" srcset=\"https:\/\/contentf5.dailynewshungary.com\/wp-content\/uploads\/2019\/10\/lbierty-bridge-1024x821.jpg 1024w, https:\/\/contentf5.dailynewshungary.com\/wp-content\/uploads\/2019\/10\/lbierty-bridge-300x241.jpg 300w, https:\/\/contentf5.dailynewshungary.com\/wp-content\/uploads\/2019\/10\/lbierty-bridge-768x616.jpg 768w, https:\/\/contentf5.dailynewshungary.com\/wp-content\/uploads\/2019\/10\/lbierty-bridge-800x642.jpg 800w, https:\/\/contentf5.dailynewshungary.com\/wp-content\/uploads\/2019\/10\/lbierty-bridge-1160x930.jpg 1160w\" sizes=\"auto, (max-width: 1024px) 100vw, 1024px\"><figcaption id=\"caption-attachment-277240\" class=\"wp-caption-text\">Ponte della Libert\u00e0 nel 1900 Fonte: Fortepan\/Adom\u00e1nyoz\u00f3<\/figcaption><\/figure>\n<p>Per il concorso di progettazione del 1893 furono presentati 21 progetti Alla fine fu scelto il piano dell&#8217;architetto di ponti J\u00e1nos Feketeh\u00e1zy e i lavori iniziarono l&#8217;anno successivo Nel dicembre 1895 furono gettate le fondamenta, furono completati i pilastri e i pilastri. La costruzione del telaio metallico fu terminata nell&#8217;agosto 1896 e il rivetto finale fu martellato dall&#8217;imperatore Francesco Giuseppe durante la cerimonia di apertura del 4<sup>th<\/sup> di ottobre. Durante la fase di progettazione il ponte veniva chiamato Ponte F\u0151v\u00e1m Anche se si collegava a F thev\u00e1m sul lato P pi\u00f9 quadrato, il ponte prese il nome dal ponte Franz Joseph.<\/p>\n<figure id=\"attachment_277274\" aria-describedby=\"caption-attachment-277274\" style=\"width: 1024px\" class=\"wp-caption aligncenter\"><img loading=\"lazy\" decoding=\"async\" class=\"wp-image-277274 size-large\" src=\"https:\/\/dailynewshungary.com\/wp-content\/uploads\/2019\/10\/liberty-bridge4-1024x650.jpg\" alt=\"ponte della Libert\u00e0 budapest\" width=\"1024\" height=\"650\" srcset=\"https:\/\/contentf5.dailynewshungary.com\/wp-content\/uploads\/2019\/10\/liberty-bridge4-1024x650.jpg 1024w, https:\/\/contentf5.dailynewshungary.com\/wp-content\/uploads\/2019\/10\/liberty-bridge4-300x191.jpg 300w, https:\/\/contentf5.dailynewshungary.com\/wp-content\/uploads\/2019\/10\/liberty-bridge4-768x488.jpg 768w, https:\/\/contentf5.dailynewshungary.com\/wp-content\/uploads\/2019\/10\/liberty-bridge4-800x508.jpg 800w, https:\/\/contentf5.dailynewshungary.com\/wp-content\/uploads\/2019\/10\/liberty-bridge4-1160x737.jpg 1160w, https:\/\/contentf5.dailynewshungary.com\/wp-content\/uploads\/2019\/10\/liberty-bridge4.jpg 1200w\" sizes=\"auto, (max-width: 1024px) 100vw, 1024px\"><figcaption id=\"caption-attachment-277274\" class=\"wp-caption-text\">Foto: www.facebook.com\/RizsaviTam\u00e1s<\/figcaption><\/figure>\n<p><span style=\"font-size: inherit; letter-spacing: inherit;\">All&#8217;epoca era considerato molto moderno per gli standard europei Inizialmente le linee tranviarie circolavano su entrambi i lati della strada, tuttavia, dopo essere state convertite in un sistema aereo, il tram fu spostato al centro nel 1938.<\/span><\/p>\n<figure id=\"attachment_277273\" aria-describedby=\"caption-attachment-277273\" style=\"width: 1024px\" class=\"wp-caption aligncenter\"><img loading=\"lazy\" decoding=\"async\" class=\"wp-image-277273 size-large\" src=\"https:\/\/dailynewshungary.com\/wp-content\/uploads\/2019\/10\/liberty-bridge3-1024x668.jpg\" alt=\"ponte della Libert\u00e0 budapest\" width=\"1024\" height=\"668\" srcset=\"https:\/\/contentf5.dailynewshungary.com\/wp-content\/uploads\/2019\/10\/liberty-bridge3-1024x668.jpg 1024w, https:\/\/contentf5.dailynewshungary.com\/wp-content\/uploads\/2019\/10\/liberty-bridge3-300x196.jpg 300w, https:\/\/contentf5.dailynewshungary.com\/wp-content\/uploads\/2019\/10\/liberty-bridge3-768x501.jpg 768w, https:\/\/contentf5.dailynewshungary.com\/wp-content\/uploads\/2019\/10\/liberty-bridge3-800x522.jpg 800w, https:\/\/contentf5.dailynewshungary.com\/wp-content\/uploads\/2019\/10\/liberty-bridge3-1160x757.jpg 1160w, https:\/\/contentf5.dailynewshungary.com\/wp-content\/uploads\/2019\/10\/liberty-bridge3.jpg 1200w\" sizes=\"auto, (max-width: 1024px) 100vw, 1024px\"><figcaption id=\"caption-attachment-277273\" class=\"wp-caption-text\">Foto: www.facebook.com\/RizsaviTam\u00e1s<\/figcaption><\/figure>\n<blockquote>\n<p>Sfortunatamente, il ponte fu bombardato dalle truppe tedesche in ritirata nel 1945 durante la seconda guerra mondiale.<\/p>\n<\/blockquote>\n<figure id=\"attachment_277271\" aria-describedby=\"caption-attachment-277271\" style=\"width: 1024px\" class=\"wp-caption aligncenter\"><img loading=\"lazy\" decoding=\"async\" class=\"wp-image-277271 size-large\" src=\"https:\/\/dailynewshungary.com\/wp-content\/uploads\/2019\/10\/liberty-bridge1-1024x683.jpg\" alt=\"ponte della Libert\u00e0 budapest\" width=\"1024\" height=\"683\" srcset=\"https:\/\/contentf5.dailynewshungary.com\/wp-content\/uploads\/2019\/10\/liberty-bridge1-1024x683.jpg 1024w, https:\/\/contentf5.dailynewshungary.com\/wp-content\/uploads\/2019\/10\/liberty-bridge1-300x200.jpg 300w, https:\/\/contentf5.dailynewshungary.com\/wp-content\/uploads\/2019\/10\/liberty-bridge1-768x512.jpg 768w, https:\/\/contentf5.dailynewshungary.com\/wp-content\/uploads\/2019\/10\/liberty-bridge1-800x533.jpg 800w, https:\/\/contentf5.dailynewshungary.com\/wp-content\/uploads\/2019\/10\/liberty-bridge1-1160x773.jpg 1160w, https:\/\/contentf5.dailynewshungary.com\/wp-content\/uploads\/2019\/10\/liberty-bridge1.jpg 1200w\" sizes=\"auto, (max-width: 1024px) 100vw, 1024px\"><figcaption id=\"caption-attachment-277271\" class=\"wp-caption-text\">Foto: www.facebook.com\/RizsaviTam\u00e1s<\/figcaption><\/figure>\n<p>Grazie alle sue forti fondamenta, il ponte non richiese molti lavori, i lavori di ricostruzione iniziarono nella primavera del 1946 e fu riaperto il 20<sup>th<\/sup> dell&#8217;agosto dello stesso anno, per\u00f2, questa volta fu battezzato Ponte della Libert\u00e0, nome che porta ancora oggi, a causa della carenza di vernice grigia dell&#8217;epoca, fu dipinto di verde Nonostante la sua storia turbolenta, il ponte si erge a testimonianza dei brillanti monumenti ungheresi ingegneri e architetti progettati nel 19<sup>th<\/sup> secolo.<\/p>\n<figure id=\"attachment_277276\" aria-describedby=\"caption-attachment-277276\" style=\"width: 1024px\" class=\"wp-caption aligncenter\"><img loading=\"lazy\" decoding=\"async\" class=\"wp-image-277276 size-large\" src=\"https:\/\/dailynewshungary.com\/wp-content\/uploads\/2019\/10\/liberty-bridge6-1024x675.jpg\" alt=\"ponte della Libert\u00e0 budapest\" width=\"1024\" height=\"675\" srcset=\"https:\/\/contentf5.dailynewshungary.com\/wp-content\/uploads\/2019\/10\/liberty-bridge6-1024x675.jpg 1024w, https:\/\/contentf5.dailynewshungary.com\/wp-content\/uploads\/2019\/10\/liberty-bridge6-300x198.jpg 300w, https:\/\/contentf5.dailynewshungary.com\/wp-content\/uploads\/2019\/10\/liberty-bridge6-768x506.jpg 768w, https:\/\/contentf5.dailynewshungary.com\/wp-content\/uploads\/2019\/10\/liberty-bridge6-800x527.jpg 800w, https:\/\/contentf5.dailynewshungary.com\/wp-content\/uploads\/2019\/10\/liberty-bridge6-1160x765.jpg 1160w, https:\/\/contentf5.dailynewshungary.com\/wp-content\/uploads\/2019\/10\/liberty-bridge6.jpg 1200w\" sizes=\"auto, (max-width: 1024px) 100vw, 1024px\"><figcaption id=\"caption-attachment-277276\" class=\"wp-caption-text\">Foto: www.facebook.com\/RizsaviTam\u00e1s<\/figcaption><\/figure>\n<p>Recentemente abbiamo guardato indietro anche alla storia del <a href=\"https:\/\/dailynewshungary.com\/news_to_go\/the-history-behind-hungarys-great-synagogue-video\/\">Sinagoga di Budapest<\/a> e come si \u00e8 svolta la storia secondo <a href=\"https:\/\/dailynewshungary.com\/it\/la-storia-secondo-le-cronache-il-trionfo-di-almos-sui-russi\/\">le cronache<\/a>.<\/p>\n<p>&nbsp;<\/p>\n<p>&nbsp;<\/p>\n","protected":false},"excerpt":{"rendered":"<p>Lo Szabads\u00e1g H\u00edd (Ponte della Libert\u00e0) \u00e8 stato inaugurato 123 anni fa il 4th di ottobre Simbolo di Budapest, guardiamo indietro alla sua affascinante storia. A partire dalle curiosit\u00e0, il ponte ha due fatti interessanti A 331,2 m, \u00e8 il ponte di carenza di Budapest Ancora pi\u00f9 importante, questo \u00e8 stato il primo ponte permanente [&hellip;]<\/p>\n","protected":false},"author":35,"featured_media":0,"comment_status":"open","ping_status":"open","sticky":false,"template":"","format":"standard","meta":{"_display_image":"","footnotes":""},"categories":[1344],"tags":[1158,1223,1069,1073],"class_list":["post-691516","post","type-post","status-publish","format-standard","hentry","category-speciale-ungheria","tag-budapest","tag-storia","tag-ungheria","tag-viaggi"],"blocksy_meta":[],"author_username":"cserept","telegram_post":"","public_post_metadata":{"breaking_news":"","important":"","csempe":"","center_tile":"","disable_thumbnail":"","target_lang":"","_featured_image_style":"","telegram_post":"","_xlat_group_id":""},"public_rank_math_data":{"title":"%titolo% %sep% %nomesito%","description":"","focus_keyword":"","canonical_url":"","robots":"","primary_category":"1344","breadcrumb_title":"","facebook_title":"","facebook_description":"","facebook_image":"","facebook_image_id":"","twitter_title":"","twitter_description":"","twitter_image":"","twitter_image_id":"","twitter_card_type":"","twitter_use_facebook":"","advanced_robots":"","pillar_content":"","seo_score":"","contentai_score":"","rich_snippet":""},"_links":{"self":[{"href":"https:\/\/dailynewshungary.com\/it\/wp-json\/wp\/v2\/posts\/691516","targetHints":{"allow":["GET"]}}],"collection":[{"href":"https:\/\/dailynewshungary.com\/it\/wp-json\/wp\/v2\/posts"}],"about":[{"href":"https:\/\/dailynewshungary.com\/it\/wp-json\/wp\/v2\/types\/post"}],"author":[{"embeddable":true,"href":"https:\/\/dailynewshungary.com\/it\/wp-json\/wp\/v2\/users\/35"}],"replies":[{"embeddable":true,"href":"https:\/\/dailynewshungary.com\/it\/wp-json\/wp\/v2\/comments?post=691516"}],"version-history":[{"count":0,"href":"https:\/\/dailynewshungary.com\/it\/wp-json\/wp\/v2\/posts\/691516\/revisions"}],"wp:attachment":[{"href":"https:\/\/dailynewshungary.com\/it\/wp-json\/wp\/v2\/media?parent=691516"}],"wp:term":[{"taxonomy":"category","embeddable":true,"href":"https:\/\/dailynewshungary.com\/it\/wp-json\/wp\/v2\/categories?post=691516"},{"taxonomy":"post_tag","embeddable":true,"href":"https:\/\/dailynewshungary.com\/it\/wp-json\/wp\/v2\/tags?post=691516"}],"curies":[{"name":"wp","href":"https:\/\/api.w.org\/{rel}","templated":true}]}}