{"id":692002,"date":"2019-09-15T16:30:52","date_gmt":"2019-09-15T14:30:52","guid":{"rendered":"https:\/\/dailynewshungary.com\/it\/autunno-a-budapest-galleria-fotografica\/"},"modified":"2019-09-15T16:30:52","modified_gmt":"2019-09-15T14:30:52","slug":"autunno-a-budapest-galleria-fotografica","status":"publish","type":"post","link":"https:\/\/dailynewshungary.com\/it\/autunno-a-budapest-galleria-fotografica\/","title":{"rendered":"Autunno a Budapest Galleria fotografica"},"content":{"rendered":"<p><strong>Chi avrebbe mai pensato che Budapest sia ancora pi\u00f9 instagrammabile una volta che l&#8217;estate \u00e8 finita La capitale ungherese \u00e8 bellissima tutto l&#8217;anno, ma devo ammettere che l&#8217;autunno \u00e8 pi\u00f9 d&#8217;accordo con essa Sono caduto in un buco di Instagram e non ne ho potuto ottenere abbastanza di #autumninbudapest.<\/strong><\/p>\n<figure id=\"attachment_214496\" aria-describedby=\"caption-attachment-214496\" style=\"width: 539px\" class=\"wp-caption aligncenter\"><img loading=\"lazy\" decoding=\"async\" class=\"wp-image-214496 \" src=\"https:\/\/contentf5.dailynewshungary.com\/wp-content\/uploads\/2018\/10\/osz1.jpg\" alt=\"autunno a Budapest\" width=\"539\" height=\"404\"><figcaption id=\"caption-attachment-214496\" class=\"wp-caption-text\">Foto: Facebook.com\/KardosIldik\u00f3Fotografia<\/figcaption><\/figure>\n<p>Molte persone trascorrono il settembre addolorando le vacanze estive o temendo di tornare a scuola Spesso dimentichiamo quanto sia bella la stagione autunnale! se siamo fortunati, il clima rimane abbastanza caldo da goderci il nostro tempo fuori ma senza sciogliersi e preoccupandoci continuamente se abbiamo abbastanza crema solare addosso Per non parlare dei bellissimi colori e odori dell&#8217;autunno! tutto \u00e8 arancione e marrone e viola intenso Budapest \u00e8 una citt\u00e0 mozzafiato ogni stagione, ma l&#8217;autunno \u00e8 decisamente d&#8217;accordo.<\/p>\n<p><a href=\"https:\/\/www.instagram.com\/p\/BqdBe-eBZwV\/\" target=\"_blank\" rel=\"noopener\">https:\/\/www.instagram.com\/p\/BqdBe-eBZwV\/<\/a><\/p>\n<p><a href=\"https:\/\/www.instagram.com\/p\/Bpl-B8dAnNs\/\" target=\"_blank\" rel=\"noopener\">https:\/\/www.instagram.com\/p\/Bpl-B8dAnNs\/<\/a><\/p>\n<p><a href=\"https:\/\/www.instagram.com\/p\/BMExCeagz_v\/\" target=\"_blank\" rel=\"noopener\">https:\/\/www.instagram.com\/p\/BMExCeagz_v\/<\/a><\/p>\n<p><a href=\"https:\/\/www.instagram.com\/p\/BptupL_A-tL\/\" target=\"_blank\" rel=\"noopener\">https:\/\/www.instagram.com\/p\/BptupL_A-tL\/<\/a><\/p>\n<p>In questo periodo dell&#8217;anno Budapest diventa non solo meno calda e pi\u00f9 colorata, ma ce n&#8217;\u00e8 anche tanta <a href=\"https:\/\/dailynewshungary.com\/it\/cose-divertenti-da-fare-a-budapest-edizione-autunnale\/\">cose divertenti da fare<\/a>, come visitare <a href=\"https:\/\/dailynewshungary.com\/it\/i-migliori-mercati-autunnali-degli-agricoltori-a-budapest\/\">i migliori mercati autunnali degli agricoltori<\/a> della citt\u00e0 o andare per un <a href=\"https:\/\/dailynewshungary.com\/it\/dove-trascorrere-una-fuga-dautunno-in-ungheria\/\">fuga nel fine settimana<\/a>.<\/p>\n<blockquote>\n<p>Il <a href=\"https:\/\/dailynewshungary.com\/it\/lista-dei-desideri-autunnali-8-cose-da-fare-a-budapest\/\">lista dei desideri autunnali a Budapest<\/a> non finisce letteralmente mai e ogni anno si verificano nuovi eventi. Non c&#8217;\u00e8 da meravigliarsi che il Daily Mail abbia nominato <a href=\"https:\/\/dailynewshungary.com\/it\/budapest-la-destinazione-perfetta-per-lautunno-2-daily-mail\/\">Budapest la destinazione perfetta per l&#8217;autunno<\/a> l&#8217;anno scorso.<\/p>\n<\/blockquote>\n<p><a href=\"https:\/\/www.instagram.com\/p\/BbpnQmmlo_g\/\" target=\"_blank\" rel=\"noopener\">https:\/\/www.instagram.com\/p\/BbpnQmmlo_g\/<\/a><\/p>\n<p><a href=\"https:\/\/www.instagram.com\/p\/BZswC8ag4E6\/\" target=\"_blank\" rel=\"noopener\">https:\/\/www.instagram.com\/p\/BZswC8ag4E6\/<\/a><\/p>\n<\/p>\n<blockquote class=\"wp-embedded-content\" data-secret=\"AvzQtcW7Jr\"><p><a href=\"https:\/\/dailynewshungary.com\/it\/autunno-in-ungheria-galleria-fotografica\/\">Autunno in Ungheria Galleria fotografica<\/a><\/p><\/blockquote>\n<p><iframe loading=\"lazy\" class=\"wp-embedded-content\" sandbox=\"allow-scripts\" security=\"restricted\" style=\"position: absolute; visibility: hidden;\" title=\"\u201cAutumn in Hungary \u2013 Photo Gallery\u201d \u2014 DailyNewsHungary\" src=\"https:\/\/dailynewshungary.com\/it\/autunno-in-ungheria-galleria-fotografica\/embed\/#?secret=1JYdzX1i0C#?secret=AvzQtcW7Jr\" data-secret=\"AvzQtcW7Jr\" width=\"600\" height=\"338\" frameborder=\"0\" marginwidth=\"0\" marginheight=\"0\" scrolling=\"no\"><\/iframe><\/p>\n<p>L&#8217;autunno \u00e8 davvero la stagione perfetta per goderti l&#8217;accoglienza di casa tua, accoccolarti sul divano con una tazza di t\u00e8 caldo o cioccolata e guardare qualcosa su Netflix. Tuttavia, una volta che ti sei annoiato di farlo, potresti anche esplorare luoghi accoglienti nel centro di Budapest Chiama i tuoi migliori amici e visita uno dei migliori <a href=\"https:\/\/dailynewshungary.com\/it\/budapest-sulla-mappa-del-mercato-del-cioccolato-di-lusso\/\">cioccolatieri<\/a>, <a href=\"https:\/\/dailynewshungary.com\/it\/i-migliori-9-ristoranti-brunch-a-budapest\/\">luoghi brunch<\/a> o <a href=\"https:\/\/dailynewshungary.com\/it\/vogue-ha-elencato-i-migliori-caffe-di-budapest\/\">caff\u00e8<\/a> a Budapest.<\/p>\n<\/p>\n<blockquote class=\"wp-embedded-content\" data-secret=\"OvyB92fzQ8\"><p><a href=\"https:\/\/dailynewshungary.com\/it\/quattro-caffe-a-budapest-per-riscaldare-la-tua-anima\/\">Quattro caff\u00e8 a Budapest per riscaldare la tua anima<\/a><\/p><\/blockquote>\n<p><iframe loading=\"lazy\" class=\"wp-embedded-content\" sandbox=\"allow-scripts\" security=\"restricted\" style=\"position: absolute; visibility: hidden;\" title=\"\u201cFour caf\u00e9s in Budapest to warm your soul\u201d \u2014 DailyNewsHungary\" src=\"https:\/\/dailynewshungary.com\/it\/quattro-caffe-a-budapest-per-riscaldare-la-tua-anima\/embed\/#?secret=RjJ02w7dAx#?secret=OvyB92fzQ8\" data-secret=\"OvyB92fzQ8\" width=\"600\" height=\"338\" frameborder=\"0\" marginwidth=\"0\" marginheight=\"0\" scrolling=\"no\"><\/iframe><\/p>\n<p><em>Immagine in primo piano: www.instagram.com<\/em><\/p>\n","protected":false},"excerpt":{"rendered":"<p>Chi avrebbe mai pensato che Budapest sia ancora pi\u00f9 instagrammabile una volta che l&#8217;estate \u00e8 finita La capitale ungherese \u00e8 bellissima tutto l&#8217;anno, ma devo ammettere che l&#8217;autunno \u00e8 pi\u00f9 d&#8217;accordo con essa Sono caduto in un buco di Instagram e non ne ho potuto ottenere abbastanza di #autumninbudapest. Foto: Facebook.com\/KardosIldik\u00f3Fotografia Molte persone trascorrono il [&hellip;]<\/p>\n","protected":false},"author":16,"featured_media":0,"comment_status":"open","ping_status":"open","sticky":false,"template":"","format":"standard","meta":{"_display_image":"","footnotes":""},"categories":[1344],"tags":[1158,1464,1127,1069],"class_list":["post-692002","post","type-post","status-publish","format-standard","hentry","category-speciale-ungheria","tag-budapest","tag-fotografia","tag-galleria-fotografica","tag-ungheria"],"blocksy_meta":[],"author_username":"Kitti0317","telegram_post":"","public_post_metadata":{"breaking_news":"","important":"","csempe":"","center_tile":"","disable_thumbnail":"","target_lang":"","_featured_image_style":"","telegram_post":"","_xlat_group_id":""},"public_rank_math_data":{"title":"%titolo% %sep% %nomesito%","description":"","focus_keyword":"","canonical_url":"","robots":"","primary_category":"1344","breadcrumb_title":"","facebook_title":"","facebook_description":"","facebook_image":"","facebook_image_id":"","twitter_title":"","twitter_description":"","twitter_image":"","twitter_image_id":"","twitter_card_type":"","twitter_use_facebook":"","advanced_robots":"","pillar_content":"","seo_score":"","contentai_score":"","rich_snippet":""},"_links":{"self":[{"href":"https:\/\/dailynewshungary.com\/it\/wp-json\/wp\/v2\/posts\/692002","targetHints":{"allow":["GET"]}}],"collection":[{"href":"https:\/\/dailynewshungary.com\/it\/wp-json\/wp\/v2\/posts"}],"about":[{"href":"https:\/\/dailynewshungary.com\/it\/wp-json\/wp\/v2\/types\/post"}],"author":[{"embeddable":true,"href":"https:\/\/dailynewshungary.com\/it\/wp-json\/wp\/v2\/users\/16"}],"replies":[{"embeddable":true,"href":"https:\/\/dailynewshungary.com\/it\/wp-json\/wp\/v2\/comments?post=692002"}],"version-history":[{"count":0,"href":"https:\/\/dailynewshungary.com\/it\/wp-json\/wp\/v2\/posts\/692002\/revisions"}],"wp:attachment":[{"href":"https:\/\/dailynewshungary.com\/it\/wp-json\/wp\/v2\/media?parent=692002"}],"wp:term":[{"taxonomy":"category","embeddable":true,"href":"https:\/\/dailynewshungary.com\/it\/wp-json\/wp\/v2\/categories?post=692002"},{"taxonomy":"post_tag","embeddable":true,"href":"https:\/\/dailynewshungary.com\/it\/wp-json\/wp\/v2\/tags?post=692002"}],"curies":[{"name":"wp","href":"https:\/\/api.w.org\/{rel}","templated":true}]}}