{"id":692719,"date":"2019-08-13T10:20:00","date_gmt":"2019-08-13T08:20:00","guid":{"rendered":"https:\/\/dailynewshungary.com\/it\/fine-della-lotta-per-la-liberta-1848-49-la-lotta-per-la-rivoluzione-e-la-liberta-ungherese-1848-49-termino-170-anni-fa\/"},"modified":"2019-08-13T10:20:00","modified_gmt":"2019-08-13T08:20:00","slug":"fine-della-lotta-per-la-liberta-1848-49-la-lotta-per-la-rivoluzione-e-la-liberta-ungherese-1848-49-termino-170-anni-fa","status":"publish","type":"post","link":"https:\/\/dailynewshungary.com\/it\/fine-della-lotta-per-la-liberta-1848-49-la-lotta-per-la-rivoluzione-e-la-liberta-ungherese-1848-49-termino-170-anni-fa\/","title":{"rendered":"Fine della lotta per la libert\u00e0 1848-\u201949 La lotta per la rivoluzione e la libert\u00e0 ungherese 1848-\u201949 termin\u00f2 170 anni fa"},"content":{"rendered":"<div>\n<p><strong>170 anni fa, la rivoluzione ungherese e la lotta per la libert\u00e0 contro l&#8217;Impero asburgico si conclusero sull&#8217;altopiano di Vil\u00e1gos La rivoluzione pi\u00f9 duratura e la lotta per la libert\u00e0 del 1848 furono interrotte dalle forze combinate di due superpotenze nel continente: l&#8217;Impero asburgico e l&#8217;Impero russo Il 13 agosto, 29889 uomini, 9839 cavalli e 144 cannoni furono radunati sull&#8217;altopiano di Vil\u00e1gos Molti soldati piangevano, baciavano le bandiere ungheresi e abbracciavano i loro cavalli in un&#8217;atmosfera angosciante.&nbsp;<\/strong><\/p>\n<p>Nel XIX secolo, il regno ungherese faceva parte dell&#8217;Impero asburgico Nel 1848 in tutta Europa scoppiarono diverse rivoluzioni per la libert\u00e0 contro i sistemi assolutistici tirannici Una di queste rivoluzioni fu in Ungheria il 15 marzo 1848 La rivoluzione ebbe successo senza sangue a Pest e fece accettare all&#8217;imperatore Ferdinando V. le Leggi di aprile, cos\u00ec l&#8217;Ungheria divenne una monarchia costituzionale con governo sovrano di Pest Il governo Batthy\u00e1ny.&nbsp;<\/p>\n<p>La risposta degli Asburgo arriv\u00f2 rapidamente (le truppe croate attaccarono l&#8217;Ungheria dal sud dell&#8217;Austria, guidate da Josip Jelacic Ban croato e generale asburgico sconfitto da J\u00e1nos M\u00f3ga (comandante in capo dell&#8217;esercito ungherese appena formato) nella battaglia di P\u00e0kozd il 29 settembre 1848. Dopo che il 6 ottobre scoppi\u00f2 la terza rivoluzione di Vienna. L&#8217;esercito ungherese stava inseguendo Jellac ma non esitava a J\u00e0nos M\u00f3ga (comandante in capo dell&#8217;esercito ungherese appena formato) se non \u00e8 pi\u00f9 difesa. Alla fine decisero che anche loro erano in rovina la rivoluzione ungherese (la rivoluzione ungherese si trasform\u00f2 in una battaglia contro la libert\u00e0).&nbsp;<\/p>\n<p>Ci\u00f2 che venne dopo fu preoccupante per gli ungheresi Scoppiarono rivolte tra le minoranze etniche del paese (serbi, rumeni) sostenute dall&#8217;Impero Nel frattempo le truppe imperiali lanciarono un&#8217;invasione su vasta scala del paese L&#8217;esercito ungherese era molto in inferiorit\u00e0 numerica, quindi dovette ritirarsi e rinunciare alla capitale, Pest-Buda (4 gennaio 1849) il governo si trasfer\u00ec a Debrecen L&#8217;imperatore Ferdinando V. rassegn\u00f2 le dimissioni e il nuovo imperatore fu Francesco Giuseppe I. Dopo aver perso la battaglia di K\u00e1polna (28 febbraio) fu introdotta la nuova Costituzione di Olm\u00fctz che dichiarava l&#8217;Ungheria una provincia integrata dell&#8217;Impero asburgico.&nbsp;<\/p>\n<blockquote>\n<p>La parte principale ungherese dell&#8217;esercito fu riorganizzata da Art\u00far G\u00f6rgei durante la ritirata e poi si concentr\u00f2 sul lato orientale del fiume Tibisco, preparandosi al contrattacco. Il generale J\u00f3zef Bem (di origine polacca) riusc\u00ec a liberare la Transilvania e sconfiggere le truppe austriache (battaglia decisiva del 9 febbraio a Piski) e nel frattempo anche i ribelli serbi furono sconfitti nel sud.<\/p>\n<\/blockquote>\n<p>Il generale G\u00f6rgei (il nuovo comandante in capo) lanci\u00f2 un contrattacco su vasta scala chiamato, il <em>Campagna di primavera<\/em>, contro le truppe austriache Questa campagna fu una delle pi\u00f9 gloriose di tutta la storia ungherese L&#8217;esercito ungherese ottenne una serie di vittorie (Hatvan, T\u00e1pi\u00f3bicske, Isaszeg, V\u00e1c) su uno degli eserciti pi\u00f9 forti e pi\u00f9 grandi d&#8217;Europa Al termine della campagna Pest-Buda fu liberata (21 maggio 1849) e l&#8217;esercito austriaco si ritir\u00f2 La dinastia degli Asburgo fu ufficialmente detronizzata e l&#8217;Ungheria fu dichiarata regno indipendente il 14 aprile Lajos Kossuth divenne il governatore del paese.&nbsp;<\/p>\n<p>Tuttavia gli Asburgo non rinunciarono a conquistare il paese, come membro della Santa Alleanza (quella formatasi contro Napoleone) Francesco Giuseppe chiese l&#8217;aiuto di Nicola I. Zar russo Le forze combinate dei due imperi attaccarono da due lati l&#8217;Ungheria i russi dall&#8217;Oriente (Transilvania) e gli austriaci dall&#8217;Occidente L&#8217;esercito ungherese non ebbe alcuna reale possibilit\u00e0 di opporsi all&#8217;invasione dei due vasti eserciti Kossuth autorizz\u00f2 Gorgei ad avviare negoziati con i russi Poco dopo le dimissioni del governo e diede pieno potere politico a Gorgei.&nbsp;<\/p>\n<p>Il generale Paskiev dichiar\u00f2 di essere pronto a discutere i termini della resa ma tutte le questioni politiche dovevano essere negoziate con gli Asburgo Dopo la battaglia di Segesv\u00e1r e la sconfitta decisiva a Temesv\u00e1r (9 agosto) G\u00f6rgei decise di deporre le armi all&#8217;esercito russo per esprimere che gli ungheresi furono sconfitti dall&#8217;Impero russo, non dagli Asburgo.&nbsp;<\/p>\n<p>L&#8217;esercito ungherese era senza munizioni e rifornimenti quindi non aveva alcuna possibilit\u00e0 di continuare a combattere L&#8217;obiettivo principale di G\u00f6rgei a quel punto era quello di risparmiare il maggior numero possibile di suoi uomini.<\/p>\n<blockquote>\n<p>Il 13 agosto, 29.889 uomini, 9.839 cavalli e 144 cannoni furono radunati sull&#8217;altopiano di Vil\u00e1gos.<\/p>\n<\/blockquote>\n<p>Molti soldati piangevano baciando le bandiere ungheresi e abbracciando i loro cavalli in un&#8217;atmosfera angosciante, Gorgei come \u201cdictator\u201d del paese si assunse ogni responsabilit\u00e0 e chiese l&#8217;amnistia dei suoi uomini Paskievics tenne i prigionieri ungheresi in buone condizioni ma avvert\u00ec fermamente gli ungheresi di non aspettarsi l&#8217;amnistia Oltre a molte prigionie, 500 rivoluzionari furono condannati a morte e 110 di loro furono giustiziati, tra cui l&#8217;ex primo ministro conte Lajos Batthy\u00e1ny (a Pest-Buda) e i 13 generali (ad Arad) con il potente contributo del generale austriaco Haynau.&nbsp;<\/p>\n<p>Tuttavia, la lotta non era finita in tutto il territorio del paese.<\/p>\n<blockquote>\n<p>La fortezza di Kom\u00e1rom, sotto Gy\u00f6rgy Klapka, rifiut\u00f2 di arrendersi e respinse gli attacchi delle forze unite austriache e russe fino al 27 settembre 1849.<\/p>\n<\/blockquote>\n<p>Riusc\u00ec a negoziare i termini con il nemico e a salvare se stesso e 30000 dei suoi soldati in cambio della resa, fu risparmiata anche la vita di Art\u00far G\u00f6rgei, prigioniero dell&#8217;esercito russo, fu una questione di prestigio per lo zar decidere sulla sua sorte Cos\u00ec fu preso in ostaggio a Klagenfurt e in seguito rilasciato, Nell&#8217;emigrazione, Lajos Kossuth lo defin\u00ec traditore a causa della resa e l&#8217;opinione pubblica si rivolt\u00f2 contro fino alla fine della sua vita, la maggioranza del popolo non lo perdon\u00f2 mai per aver rinunciato alla lotta per la libert\u00e0, tuttavia G\u00f6rgei toller\u00f2 l&#8217;ingiusta accusa con umilt\u00e0 e dignit\u00e0 Molti ungheresi poterono ringraziarlo per la vita per la sua saggia decisione.<\/p>\n<\/div>\n","protected":false},"excerpt":{"rendered":"<p>170 anni fa, la rivoluzione ungherese e la lotta per la libert\u00e0 contro l&#8217;Impero asburgico si conclusero sull&#8217;altopiano di Vil\u00e1gos La rivoluzione pi\u00f9 duratura e la lotta per la libert\u00e0 del 1848 furono interrotte dalle forze combinate di due superpotenze nel continente: l&#8217;Impero asburgico e l&#8217;Impero russo Il 13 agosto, 29889 uomini, 9839 cavalli e [&hellip;]<\/p>\n","protected":false},"author":2,"featured_media":692720,"comment_status":"open","ping_status":"open","sticky":false,"template":"","format":"standard","meta":{"_display_image":"","footnotes":""},"categories":[1344],"tags":[1137,1223,1244,1069],"class_list":["post-692719","post","type-post","status-publish","format-standard","has-post-thumbnail","hentry","category-speciale-ungheria","tag-austria","tag-storia","tag-storia-ungherese","tag-ungheria"],"blocksy_meta":[],"author_username":"alk","telegram_post":"","public_post_metadata":{"breaking_news":"","important":"","csempe":"","center_tile":"","disable_thumbnail":"","target_lang":"","_featured_image_style":"","telegram_post":"","_xlat_group_id":""},"public_rank_math_data":{"title":"%titolo% %sep% %nomesito%","description":"","focus_keyword":"","canonical_url":"","robots":"","primary_category":"1344","breadcrumb_title":"","facebook_title":"","facebook_description":"","facebook_image":"","facebook_image_id":"","twitter_title":"","twitter_description":"","twitter_image":"","twitter_image_id":"","twitter_card_type":"","twitter_use_facebook":"","advanced_robots":"","pillar_content":"","seo_score":"","contentai_score":"","rich_snippet":""},"_links":{"self":[{"href":"https:\/\/dailynewshungary.com\/it\/wp-json\/wp\/v2\/posts\/692719","targetHints":{"allow":["GET"]}}],"collection":[{"href":"https:\/\/dailynewshungary.com\/it\/wp-json\/wp\/v2\/posts"}],"about":[{"href":"https:\/\/dailynewshungary.com\/it\/wp-json\/wp\/v2\/types\/post"}],"author":[{"embeddable":true,"href":"https:\/\/dailynewshungary.com\/it\/wp-json\/wp\/v2\/users\/2"}],"replies":[{"embeddable":true,"href":"https:\/\/dailynewshungary.com\/it\/wp-json\/wp\/v2\/comments?post=692719"}],"version-history":[{"count":0,"href":"https:\/\/dailynewshungary.com\/it\/wp-json\/wp\/v2\/posts\/692719\/revisions"}],"wp:featuredmedia":[{"embeddable":true,"href":"https:\/\/dailynewshungary.com\/it\/wp-json\/wp\/v2\/media\/692720"}],"wp:attachment":[{"href":"https:\/\/dailynewshungary.com\/it\/wp-json\/wp\/v2\/media?parent=692719"}],"wp:term":[{"taxonomy":"category","embeddable":true,"href":"https:\/\/dailynewshungary.com\/it\/wp-json\/wp\/v2\/categories?post=692719"},{"taxonomy":"post_tag","embeddable":true,"href":"https:\/\/dailynewshungary.com\/it\/wp-json\/wp\/v2\/tags?post=692719"}],"curies":[{"name":"wp","href":"https:\/\/api.w.org\/{rel}","templated":true}]}}