{"id":692993,"date":"2019-07-31T17:30:04","date_gmt":"2019-07-31T15:30:04","guid":{"rendered":"https:\/\/dailynewshungary.com\/it\/carino-quotidiano-newborn-procione-nato-a-debrecen-zoo-photos\/"},"modified":"2019-07-31T17:30:04","modified_gmt":"2019-07-31T15:30:04","slug":"carino-quotidiano-newborn-procione-nato-a-debrecen-zoo-photos","status":"publish","type":"post","link":"https:\/\/dailynewshungary.com\/it\/carino-quotidiano-newborn-procione-nato-a-debrecen-zoo-photos\/","title":{"rendered":"Carino quotidiano (Newborn) procione nato a Debrecen Zoo (PHOTOS)"},"content":{"rendered":"<p><strong>Poich\u00e9 lo zoo di Debrecen ospita la pi\u00f9 grande popolazione di procioni dello zoo in Ungheria, non sorprende che abbiano accolto ancora una volta un procione appena nato.<\/strong><\/p>\n<p>Nato dopo un periodo di gestazione di 65 giorni, il piccolo Simon aveva un peso iniziale di soli 63 grammi, viene allevato a mano dai custodi ma, ci\u00f2 nonostante, \u00e8 in buona salute e ha un ottimo appetito, ora pesa mezzo chilo.&nbsp;<\/p>\n<blockquote>\n<p>Nati completamente ciechi, i cuccioli di procione devono essere trattati in modo molto simile ai bambini umani poich\u00e9 richiedono il bagno, l&#8217;allattamento e l&#8217;alimentazione regolari. Per ora, Simon viene nutrito esclusivamente con latte artificiale ogni due ore.<\/p>\n<\/blockquote>\n<figure id=\"attachment_260581\" aria-describedby=\"caption-attachment-260581\" style=\"width: 1024px\" class=\"wp-caption aligncenter\"><img loading=\"lazy\" decoding=\"async\" class=\"size-large wp-image-260581\" src=\"https:\/\/contentf5.dailynewshungary.com\/wp-content\/uploads\/2024\/12\/Newborn-raccoon-at-the-Debrecen-Zoo-1024x683-1.jpg\" alt=\"Daily cute - Procione appena nato allo zoo di Debrecen\" width=\"1024\" height=\"683\"><figcaption id=\"caption-attachment-260581\" class=\"wp-caption-text\">Debrecen, Ungheria Foto: MTI<\/figcaption><\/figure>\n<p>Riconosciuti al meglio dalle loro iconiche code a strisce bianche e nere e dalle maschere nere, i procioni di\u201d (Procyon lotor) sono una delle 18 specie appartenenti alla famiglia Procyionidae.&nbsp;<\/p>\n<blockquote>\n<p>Sono originari delle Americhe, nello specifico delle aree con specchi d&#8217;acqua nelle vicinanze, ma hanno anche iniziato a popolare pesantemente l&#8217;Europa, soprattutto la Germania, negli anni &#8217;30.&nbsp;<\/p>\n<\/blockquote>\n<p>Altamente adattivi, prosperano ovunque ci siano popolazioni umane In <a href=\"https:\/\/dailynewshungary.com\/it\/la-grande-rapina-al-treno-britannico-come-una-banda-di-15-uomini-rubo-26-milioni-di-sterline-nel-1963\/\" target=\"_blank\" rel=\"noopener noreferrer\">Ungheria<\/a>, i procioni sono considerati una specie invasiva; la loro presenza in natura \u00e8 piuttosto insignificante, ma \u00e8 vietato dalla legge statale tenerli come animali domestici dal 2010.<\/p>\n<figure id=\"attachment_260583\" aria-describedby=\"caption-attachment-260583\" style=\"width: 1024px\" class=\"wp-caption aligncenter\"><img loading=\"lazy\" decoding=\"async\" class=\"size-large wp-image-260583\" src=\"https:\/\/contentf5.dailynewshungary.com\/wp-content\/uploads\/2024\/12\/07-31-2019-Newborn-Raccoon-at-the-Debrecen-Zoo-2-1024x731-1.jpg\" alt=\"Daily cute - Procione appena nato allo zoo di Debrecen\" width=\"1024\" height=\"731\"><figcaption id=\"caption-attachment-260583\" class=\"wp-caption-text\">Foto: Zoo di Debrecen<\/figcaption><\/figure>\n<p>Minacciati principalmente dalla caccia eccessiva e dai frequenti incidenti stradali nei loro areali storici, i procioni sono inclusi nella Lista rossa delle specie minacciate dell&#8217;Unione internazionale per la conservazione della natura (IUCN).<\/p>\n<figure id=\"attachment_260584\" aria-describedby=\"caption-attachment-260584\" style=\"width: 1024px\" class=\"wp-caption aligncenter\"><img loading=\"lazy\" decoding=\"async\" class=\"size-large wp-image-260584\" src=\"https:\/\/contentf5.dailynewshungary.com\/wp-content\/uploads\/2024\/12\/07-31-2019-Newborn-Raccoon-at-the-Debrecen-Zoo-1-1024x1024-1.jpg\" alt=\"Daily cute - Procione appena nato allo zoo di Debrecen\" width=\"1024\" height=\"1024\"><figcaption id=\"caption-attachment-260584\" class=\"wp-caption-text\">Carino quotidiano al procione neonato allo zoo di Debrecen<\/figcaption><\/figure>\n<p>Come abbiamo scritto ieri, negli ultimi anni, molti grandi carnivori si sono stabiliti vicino alla citt\u00e0 ungherese di F\u00fcz\u00e9r, che conta circa 430 abitanti, Ormai, probabilmente c&#8217;\u00e8 un branco pi\u00f9 grande di lupi e linci, motivo per cui le autorit\u00e0 locali hanno deciso di aiutare gli animali con un campo di terra al confine del villaggio a loro designato appositamente, <a href=\"https:\/\/dailynewshungary.com\/it\/incontra-la-prima-citta-in-assoluto-a-misura-di-lupo-in-ungheria\/\" target=\"_blank\" rel=\"noopener noreferrer\">leggi di pi\u00f9 QUI<\/a>.<\/p>\n","protected":false},"excerpt":{"rendered":"<p>Poich\u00e9 lo zoo di Debrecen ospita la pi\u00f9 grande popolazione di procioni dello zoo in Ungheria, non sorprende che abbiano accolto ancora una volta un procione appena nato. Nato dopo un periodo di gestazione di 65 giorni, il piccolo Simon aveva un peso iniziale di soli 63 grammi, viene allevato a mano dai custodi ma, [&hellip;]<\/p>\n","protected":false},"author":32,"featured_media":0,"comment_status":"open","ping_status":"open","sticky":false,"template":"","format":"standard","meta":{"_display_image":"","footnotes":""},"categories":[1190],"tags":[1112,1389,1127,1069,1506],"class_list":["post-692993","post","type-post","status-publish","format-standard","hentry","category-notizie-flash","tag-animali","tag-debrecen","tag-galleria-fotografica","tag-ungheria","tag-zoo"],"blocksy_meta":[],"author_username":"horvathadi","telegram_post":"","public_post_metadata":{"breaking_news":"no","important":"no","csempe":"no","center_tile":"no","disable_thumbnail":"","target_lang":"","_featured_image_style":"","telegram_post":"","_xlat_group_id":""},"public_rank_math_data":{"title":"%titolo% %sep% %nomesito%","description":"","focus_keyword":"","canonical_url":"","robots":"","primary_category":"1190","breadcrumb_title":"","facebook_title":"","facebook_description":"","facebook_image":"","facebook_image_id":"","twitter_title":"","twitter_description":"","twitter_image":"","twitter_image_id":"","twitter_card_type":"","twitter_use_facebook":"","advanced_robots":"","pillar_content":"","seo_score":"","contentai_score":"","rich_snippet":""},"_links":{"self":[{"href":"https:\/\/dailynewshungary.com\/it\/wp-json\/wp\/v2\/posts\/692993","targetHints":{"allow":["GET"]}}],"collection":[{"href":"https:\/\/dailynewshungary.com\/it\/wp-json\/wp\/v2\/posts"}],"about":[{"href":"https:\/\/dailynewshungary.com\/it\/wp-json\/wp\/v2\/types\/post"}],"author":[{"embeddable":true,"href":"https:\/\/dailynewshungary.com\/it\/wp-json\/wp\/v2\/users\/32"}],"replies":[{"embeddable":true,"href":"https:\/\/dailynewshungary.com\/it\/wp-json\/wp\/v2\/comments?post=692993"}],"version-history":[{"count":0,"href":"https:\/\/dailynewshungary.com\/it\/wp-json\/wp\/v2\/posts\/692993\/revisions"}],"wp:attachment":[{"href":"https:\/\/dailynewshungary.com\/it\/wp-json\/wp\/v2\/media?parent=692993"}],"wp:term":[{"taxonomy":"category","embeddable":true,"href":"https:\/\/dailynewshungary.com\/it\/wp-json\/wp\/v2\/categories?post=692993"},{"taxonomy":"post_tag","embeddable":true,"href":"https:\/\/dailynewshungary.com\/it\/wp-json\/wp\/v2\/tags?post=692993"}],"curies":[{"name":"wp","href":"https:\/\/api.w.org\/{rel}","templated":true}]}}