{"id":693074,"date":"2019-07-28T12:00:13","date_gmt":"2019-07-28T10:00:13","guid":{"rendered":"https:\/\/dailynewshungary.com\/it\/le-citta-piu-belle-dellansa-del-danubio\/"},"modified":"2019-07-28T12:00:13","modified_gmt":"2019-07-28T10:00:13","slug":"le-citta-piu-belle-dellansa-del-danubio","status":"publish","type":"post","link":"https:\/\/dailynewshungary.com\/it\/le-citta-piu-belle-dellansa-del-danubio\/","title":{"rendered":"Le citt\u00e0 pi\u00f9 belle dell\u2019ansa del Danubio"},"content":{"rendered":"<p><strong>Il Danubio sta navigando lungo diverse incredibili citt\u00e0 ungheresi, tutte rappresentanti diversi stili architettonici e frammenti di storia, quindi facendo un giro in barca sul Danubio e facendo brevi soste, si arriva a esplorare i vari volti dell&#8217;Ungheria.<\/strong><\/p>\n<p><a href=\"https:\/\/www.magyarorszagom.hu\/dunakanyar-telepulesei.html\" target=\"_blank\" rel=\"noopener noreferrer\">Magyarorsz\u00e1gom<\/a> ha raccolto le citt\u00e0 pi\u00f9 importanti lungo l&#8217;ansa del Danubio che meritano una visita per saperne di pi\u00f9 sulla storia ungherese o semplicemente per rimanere in soggezione nei confronti dell&#8217;architettura e dello stile di vita ungherese.<\/p>\n<h2>Esztergom<\/h2>\n<p><a href=\"https:\/\/dailynewshungary.com\/it\/santo-stefano-e-la-fondazione-di-stato\/\" target=\"_blank\" rel=\"noopener noreferrer\">Re Santo Stefano<\/a> qui nacque e fu incoronata, dopodich\u00e9 durante i primi secoli del Regno d&#8217;Ungheria fu la capitale Esztergom \u00e8 anche la sede ecclesiastica della Chiesa cattolica romana ungherese, dove si trova la chiesa pi\u00f9 grande del paese Accanto al <a href=\"https:\/\/dailynewshungary.com\/it\/grandi-citta-in-ungheria-5-fatti-che-potresti-non-conoscere-esztergom-foto\/\" target=\"_blank\" rel=\"noopener noreferrer\">Esztergom Basilica<\/a>, vale la pena visitare anche la cappella Bak\u00f3cz costruita in stile rinascimentale, o la pi\u00f9 vasta collezione di tesori ecclesiastici dell&#8217;Ungheria.<\/p>\n<figure id=\"attachment_151654\" aria-describedby=\"caption-attachment-151654\" style=\"width: 800px\" class=\"wp-caption aligncenter\"><img loading=\"lazy\" decoding=\"async\" class=\"size-full wp-image-151654\" src=\"https:\/\/contentf5.dailynewshungary.com\/wp-content\/uploads\/2017\/11\/Az_esztergomi_bazilika_derus_idoben.jpg\" alt=\"Basilica di Esztergom, Ungheria, edificio\" width=\"800\" height=\"533\"><figcaption id=\"caption-attachment-151654\" class=\"wp-caption-text\">La Basilica di Esztergom, Foto: Wikimedia Commons di G\u00e1bor Bej\u00f3<\/figcaption><\/figure>\n<p>Se desiderate esplorare la natura e fare escursioni, date un&#8217;occhiata alle Rovine del Monastero Paolino a Pilisszentl\u00e9lek, alle scogliere di Vad\u00e1ll\u00f3-k\u00f6vek o alle grotte di Pilis.<\/p>\n<h2>D\u00f6m\u00f6s<\/h2>\n<p>D\u00f6m\u00f6s ha una storia piuttosto sanguinosa riguardo ai reali: \u00e8 qui che B\u00e9la I mor\u00ec nel 1063 quando il soffitto cadde su di lui durante un assassinio, ma anche dove il re Coloman fece accecare il principe \u00c1lmos e suo figlio B\u00e9la perch\u00e9 il re desiderava preservare il trono per suo figlio.<\/p>\n<figure id=\"attachment_91730\" aria-describedby=\"caption-attachment-91730\" style=\"width: 640px\" class=\"wp-caption aligncenter\"><img loading=\"lazy\" decoding=\"async\" class=\"size-full wp-image-91730\" src=\"https:\/\/dailynewshungary.com\/wp-content\/uploads\/2016\/11\/date-pr\u00e9dik\u00e1l\u00f3sz\u00e9k.jpg\" alt=\"pr\u00e9dik\u00e1l\u00f3sz\u00e9k ungheria montagne visegr\u00e1d\" width=\"640\" height=\"480\" srcset=\"https:\/\/contentf5.dailynewshungary.com\/wp-content\/uploads\/2016\/11\/date-pr\u00e9dik\u00e1l\u00f3sz\u00e9k.jpg 640w, https:\/\/contentf5.dailynewshungary.com\/wp-content\/uploads\/2016\/11\/date-pr\u00e9dik\u00e1l\u00f3sz\u00e9k-300x225.jpg 300w, https:\/\/contentf5.dailynewshungary.com\/wp-content\/uploads\/2016\/11\/date-pr\u00e9dik\u00e1l\u00f3sz\u00e9k-220x165.jpg 220w, https:\/\/contentf5.dailynewshungary.com\/wp-content\/uploads\/2016\/11\/date-pr\u00e9dik\u00e1l\u00f3sz\u00e9k-610x458.jpg 610w\" sizes=\"auto, (max-width: 640px) 100vw, 640px\"><figcaption id=\"caption-attachment-91730\" class=\"wp-caption-text\">Vista da Pr\u00e9dik\u00e1l\u00f3sz\u00e9k. Foto: parkerdo.hu<\/figcaption><\/figure>\n<p>Lo scenario qui \u00e8 impressionante; il R\u00e1m-szakad\u00e9k e il Pr\u00e9dik\u00e1l\u00f3sz\u00e9k sui monti Visegr\u00e1d sono perfetti per le escursioni.<\/p>\n<h2>Le\u00e1nyfalu<\/h2>\n<p>Le\u00e1nyfalu era una localit\u00e0 estiva nel 19<sup>th<\/sup> secolo dove durante le loro vacanze risiedevano i pi\u00f9 in vista scienziati, artisti e attori ungheresi Oggi \u00e8 una piccola cittadina con bagno termale e piscina, ma ci\u00f2 che la rende preziosa \u00e8 V\u00f6r\u00f6s-k  picco (521 m), da dove la vista \u00e8 mozzafiato.<\/p>\n<h2>Visegr\u00e1d<\/h2>\n<p>Magyarorsz\u00e1gom descrive Visegr\u00e1d come la citt\u00e0 pi\u00f9 panoramica dell&#8217;ansa del Danubio, che per un certo periodo fu la capitale del Regno d&#8217;Ungheria. Si consiglia di salire fino all&#8217;Alto Castello, situato su rocce imponenti e ripide, e dove il re Salomone fu tenuto prigioniero.<\/p>\n<figure id=\"attachment_118393\" aria-describedby=\"caption-attachment-118393\" style=\"width: 800px\" class=\"wp-caption aligncenter\"><img loading=\"lazy\" decoding=\"async\" class=\"size-full wp-image-118393\" src=\"https:\/\/contentf5.dailynewshungary.com\/wp-content\/uploads\/2017\/05\/fellegvar.jpg\" alt=\"Fellegvar\" width=\"800\" height=\"533\" srcset=\"https:\/\/contentf5.dailynewshungary.com\/wp-content\/uploads\/2017\/05\/fellegvar.jpg 800w, https:\/\/contentf5.dailynewshungary.com\/wp-content\/uploads\/2017\/05\/fellegvar-300x200.jpg 300w, https:\/\/contentf5.dailynewshungary.com\/wp-content\/uploads\/2017\/05\/fellegvar-768x512.jpg 768w, https:\/\/contentf5.dailynewshungary.com\/wp-content\/uploads\/2017\/05\/fellegvar-220x147.jpg 220w\" sizes=\"auto, (max-width: 800px) 100vw, 800px\"><figcaption id=\"caption-attachment-118393\" class=\"wp-caption-text\">foto: http:\/\/www.visegrad.hu<\/figcaption><\/figure>\n<h2>Szentendre<\/h2>\n<p>Questa citt\u00e0 vicino a Budapest viene spesso chiamata <a href=\"https:\/\/dailynewshungary.com\/it\/la-citta-ungherese-delle-arti-the-hungarian-city-of-arts-the-hungarian-city-of-arts-szentendre\/\" target=\"_blank\" rel=\"noopener noreferrer\">la citt\u00e0 ungherese delle arti<\/a> dove vivevano in una piccola comunit\u00e0 alcuni dei pi\u00f9 importanti e di successo artisti ungheresi Il fascino di Szentendre risiede nelle sue strette strade di ciottoli che si arricciano intorno e negli edifici in stile barocco.<\/p>\n<figure id=\"attachment_184148\" aria-describedby=\"caption-attachment-184148\" style=\"width: 675px\" class=\"wp-caption aligncenter\"><img loading=\"lazy\" decoding=\"async\" class=\"size-full wp-image-184148\" src=\"https:\/\/contentf5.dailynewshungary.com\/wp-content\/uploads\/2018\/04\/30-szentendre_gyujtooldalikep.jpg\" alt=\"szentendre\" width=\"675\" height=\"380\" srcset=\"https:\/\/contentf5.dailynewshungary.com\/wp-content\/uploads\/2018\/04\/30-szentendre_gyujtooldalikep.jpg 675w, https:\/\/contentf5.dailynewshungary.com\/wp-content\/uploads\/2018\/04\/30-szentendre_gyujtooldalikep-300x169.jpg 300w, https:\/\/contentf5.dailynewshungary.com\/wp-content\/uploads\/2018\/04\/30-szentendre_gyujtooldalikep-220x124.jpg 220w, https:\/\/contentf5.dailynewshungary.com\/wp-content\/uploads\/2018\/04\/30-szentendre_gyujtooldalikep-600x338.jpg 600w, https:\/\/contentf5.dailynewshungary.com\/wp-content\/uploads\/2018\/04\/30-szentendre_gyujtooldalikep-200x113.jpg 200w\" sizes=\"auto, (max-width: 675px) 100vw, 675px\"><figcaption id=\"caption-attachment-184148\" class=\"wp-caption-text\">Szentendre<br \/>foto: dunakanyargo.hu<\/figcaption><\/figure>\n<p>Se fate una sosta a Szentendre, assicuratevi di visitare lo Skanzen, il museo all&#8217;aperto, Ci sono anche incantevoli sentieri qui, come la valle presso la gola di Dera o l&#8217;Holdvilag \u00e1rok (diga della luce della luna).<\/p>\n<h2>Szob<\/h2>\n<p>Szob \u00e8 pi\u00f9 simile a un luogo di villeggiatura, che non \u00e8 a corto di reperti archeologici. Puoi trovarli al Museo di B\u00f6rzs\u00f6ny, insieme a costumi popolari, mobili popolari e altri oggetti provenienti da tutto il fiume Ipoly.<\/p>\n<h2>Nagymaros<\/h2>\n<p>Nagymaros \u00e8 una citt\u00e0 medievale, la citt\u00e0 gemella di Visegr\u00e1d durante il regno di Carlo I d&#8217;Ungheria, perdendo il suo significato solo durante l&#8217;invasione ottomana. Oggi \u00e8 una localit\u00e0 di villeggiatura e un luogo importante per gli sport acquatici sul Danubio.<\/p>\n<figure id=\"attachment_259608\" aria-describedby=\"caption-attachment-259608\" style=\"width: 1024px\" class=\"wp-caption aligncenter\"><img loading=\"lazy\" decoding=\"async\" class=\"size-large wp-image-259608\" src=\"https:\/\/dailynewshungary.com\/wp-content\/uploads\/2019\/07\/NagymarosFotoThalerTamas6-1024x683.jpg\" alt=\"chiesa ungheria di Nagymaros\" width=\"1024\" height=\"683\" srcset=\"https:\/\/contentf5.dailynewshungary.com\/wp-content\/uploads\/2019\/07\/NagymarosFotoThalerTamas6.jpg 1024w, https:\/\/contentf5.dailynewshungary.com\/wp-content\/uploads\/2019\/07\/NagymarosFotoThalerTamas6-300x200.jpg 300w, https:\/\/contentf5.dailynewshungary.com\/wp-content\/uploads\/2019\/07\/NagymarosFotoThalerTamas6-768x512.jpg 768w, https:\/\/contentf5.dailynewshungary.com\/wp-content\/uploads\/2019\/07\/NagymarosFotoThalerTamas6-800x534.jpg 800w\" sizes=\"auto, (max-width: 1024px) 100vw, 1024px\"><figcaption id=\"caption-attachment-259608\" class=\"wp-caption-text\">Dettagli sul soffitto della Chiesa cattolica di Nagymaros<br \/>foto: Wikimedia Commons<\/figcaption><\/figure>\n<p>La sua chiesa cattolica romana fu costruita nel 14<sup>th<\/sup> secolo in stile gotico, come nota Magyarorsz\u00e1gom, aggiungendo che nella citt\u00e0 c&#8217;\u00e8 un insediamento di artisti.<\/p>\n<h2>V\u00e1c<\/h2>\n<p>V\u00e1c fu costruito dove si incontrano montagne (vicino al monte Nasz\u00e1ly) e pianure, lungo antichi percorsi che attraversano la valle del Danubio. Qui c&#8217;erano insediamenti gi\u00e0 nell&#8217;et\u00e0 del bronzo, e V\u00e1c era chiamata cittadina da G\u00e9za I d&#8217;Ungheria negli anni &#8217;11<sup>th<\/sup>-12<sup>th<\/sup> secolo, ma fu distrutto durante l&#8217;invasione mongola dell&#8217;Europa.<\/p>\n<figure id=\"attachment_259609\" aria-describedby=\"caption-attachment-259609\" style=\"width: 800px\" class=\"wp-caption aligncenter\"><img loading=\"lazy\" decoding=\"async\" class=\"size-full wp-image-259609\" src=\"https:\/\/contentf5.dailynewshungary.com\/wp-content\/uploads\/2019\/07\/800px-Puspoki_szekesegyhaz_7513._szamu_muemlek_2.jpg\" alt=\"cattedrale v\u00e1c ungheria\" width=\"800\" height=\"600\"><figcaption id=\"caption-attachment-259609\" class=\"wp-caption-text\">La Cattedrale dell&#8217;Assunzione, V\u00e1c<br \/>foto: Wikimedia Commons<\/figcaption><\/figure>\n<p>La Cattedrale dell&#8217;Assunzione di V\u00e1c fu costruita nel 18<sup>th<\/sup> secolo in stile classicista e barocco, nello stile \u201crivoluzionario\u201d dell&#8217;epoca, anche se gi\u00e0 nel 1074 esisteva una cattedrale a V\u00e1c.<\/p>\n<p>Accanto alla prigione, si trover\u00e0 l&#8217;unico arco trionfale dell&#8217;Ungheria, dove fu ricevuta Maria Teresa.<\/p>\n<h2>Dunakeszi<\/h2>\n<p>Dunakeszi \u00e8 un&#8217;altra citt\u00e0 ricca di tesori archeologici, poich\u00e9 qui sono stati rinvenuti i resti di numerosi insediamenti dell&#8217;et\u00e0 della pietra e dell&#8217;et\u00e0 del bronzo. Le origini della citt\u00e0 risalgono fino al <a href=\"https:\/\/dailynewshungary.com\/it\/la-conquista-ungherese-in-poche-parole\/\" target=\"_blank\" rel=\"noopener noreferrer\">Conquista ungherese del bacino dei Carpazi<\/a>, comprovato dai resti di una rotonda del 13<sup>th<\/sup> secolo e da un santuario gotico Gli amanti della storia potranno anche godere delle rovine di una fortezza romana vicino all&#8217;hoverport.<\/p>\n","protected":false},"excerpt":{"rendered":"<p>Il Danubio sta navigando lungo diverse incredibili citt\u00e0 ungheresi, tutte rappresentanti diversi stili architettonici e frammenti di storia, quindi facendo un giro in barca sul Danubio e facendo brevi soste, si arriva a esplorare i vari volti dell&#8217;Ungheria. Magyarorsz\u00e1gom ha raccolto le citt\u00e0 pi\u00f9 importanti lungo l&#8217;ansa del Danubio che meritano una visita per saperne [&hellip;]<\/p>\n","protected":false},"author":13,"featured_media":0,"comment_status":"open","ping_status":"open","sticky":false,"template":"","format":"standard","meta":{"_display_image":"","footnotes":""},"categories":[1344],"tags":[1122,1069,1073],"class_list":["post-693074","post","type-post","status-publish","format-standard","hentry","category-speciale-ungheria","tag-danubio","tag-ungheria","tag-viaggi"],"blocksy_meta":[],"author_username":"kovacszsoka","telegram_post":"","public_post_metadata":{"breaking_news":"","important":"","csempe":"","center_tile":"","disable_thumbnail":"","target_lang":"","_featured_image_style":"","telegram_post":"","_xlat_group_id":""},"public_rank_math_data":{"title":"%titolo% %sep% %nomesito%","description":"","focus_keyword":"","canonical_url":"","robots":"","primary_category":"1344","breadcrumb_title":"","facebook_title":"","facebook_description":"","facebook_image":"","facebook_image_id":"","twitter_title":"","twitter_description":"","twitter_image":"","twitter_image_id":"","twitter_card_type":"","twitter_use_facebook":"","advanced_robots":"","pillar_content":"","seo_score":"","contentai_score":"","rich_snippet":""},"_links":{"self":[{"href":"https:\/\/dailynewshungary.com\/it\/wp-json\/wp\/v2\/posts\/693074","targetHints":{"allow":["GET"]}}],"collection":[{"href":"https:\/\/dailynewshungary.com\/it\/wp-json\/wp\/v2\/posts"}],"about":[{"href":"https:\/\/dailynewshungary.com\/it\/wp-json\/wp\/v2\/types\/post"}],"author":[{"embeddable":true,"href":"https:\/\/dailynewshungary.com\/it\/wp-json\/wp\/v2\/users\/13"}],"replies":[{"embeddable":true,"href":"https:\/\/dailynewshungary.com\/it\/wp-json\/wp\/v2\/comments?post=693074"}],"version-history":[{"count":0,"href":"https:\/\/dailynewshungary.com\/it\/wp-json\/wp\/v2\/posts\/693074\/revisions"}],"wp:attachment":[{"href":"https:\/\/dailynewshungary.com\/it\/wp-json\/wp\/v2\/media?parent=693074"}],"wp:term":[{"taxonomy":"category","embeddable":true,"href":"https:\/\/dailynewshungary.com\/it\/wp-json\/wp\/v2\/categories?post=693074"},{"taxonomy":"post_tag","embeddable":true,"href":"https:\/\/dailynewshungary.com\/it\/wp-json\/wp\/v2\/tags?post=693074"}],"curies":[{"name":"wp","href":"https:\/\/api.w.org\/{rel}","templated":true}]}}