{"id":694092,"date":"2019-06-13T22:52:51","date_gmt":"2019-06-13T20:52:51","guid":{"rendered":"https:\/\/dailynewshungary.com\/it\/il-primo-ministro-cambogiano-prak-sokhonn-visita-lungheria\/"},"modified":"2019-06-13T22:52:51","modified_gmt":"2019-06-13T20:52:51","slug":"il-primo-ministro-cambogiano-prak-sokhonn-visita-lungheria","status":"publish","type":"post","link":"https:\/\/dailynewshungary.com\/it\/il-primo-ministro-cambogiano-prak-sokhonn-visita-lungheria\/","title":{"rendered":"Il primo ministro cambogiano Prak Sokhonn visita l\u2019Ungheria"},"content":{"rendered":"<p><strong>Il primo ministro della Cambogia Hun Sen \u00e8 arrivato gioved\u00ec in Ungheria per una visita ufficiale e ha avuto colloqui con il primo ministro ungherese Viktor Orb\u00e1n. Il rapido sviluppo dei legami economici, commerciali e di investimento con il Sud-Est asiatico \u00e8 nell&#8217;interesse dell&#8217;Ungheria, ha detto gioved\u00ec il ministro degli Esteri P\u00e9ter Szijj\u00e1rt\u00f3 dopo i colloqui con la controparte cambogiana Prak Sokhonn.<\/strong><\/p>\n<h4>Orb\u00e1n incontra il Primo Ministro della Cambogia<\/h4>\n<p>Il primo ministro cambogiano Hun Sen \u00e8 arrivato gioved\u00ec in Ungheria per una visita ufficiale e nel pomeriggio ha avuto colloqui con l&#8217;omologo ungherese Viktor Orb\u00e1n nel suo ufficio, ha detto il capo della stampa del primo ministro.<\/p>\n<p>Hanno convenuto che Cambogia e Ungheria condividevano le stesse opinioni in molti settori e c&#8217;erano ulteriori opportunit\u00e0 di cooperazione bilaterale, principalmente nell&#8217;economia, nello sviluppo e nell&#8217;istruzione Un comitato misto economico ungherese-cambogiano inizier\u00e0 presto i suoi lavori, ha aggiunto.<\/p>\n<p>Orb\u00e1n ha affermato che l&#8217;Ungheria \u00e8 favorevole a rendere pi\u00f9 strette le relazioni commerciali tra l&#8217;Unione Europea e la Cambogia e che la questione deve essere gestita separatamente dalle questioni politiche, ha aggiunto Havasi.<\/p>\n<p>Le parti concordano sull&#8217;utilit\u00e0 di valutare la possibilit\u00e0 di riaprire le ambasciate nelle rispettive capitali, ha affermato.<\/p>\n<p>Hun Sen ha invitato Orb\u00e1n per una visita ufficiale in Cambogia.<\/p>\n<figure id=\"attachment_253249\" aria-describedby=\"caption-attachment-253249\" style=\"width: 1024px\" class=\"wp-caption aligncenter\"><img loading=\"lazy\" decoding=\"async\" class=\"size-large wp-image-253249\" src=\"https:\/\/dailynewshungary.com\/wp-content\/uploads\/2019\/06\/cambodia-Hungary-1024x683.jpg\" alt=\"Il ministro degli esteri cambogiano Prak Sokhonn\" width=\"1024\" height=\"683\" srcset=\"https:\/\/contentf5.dailynewshungary.com\/wp-content\/uploads\/2019\/06\/cambodia-Hungary-1024x683.jpg 1024w, https:\/\/contentf5.dailynewshungary.com\/wp-content\/uploads\/2019\/06\/cambodia-Hungary-300x200.jpg 300w, https:\/\/contentf5.dailynewshungary.com\/wp-content\/uploads\/2019\/06\/cambodia-Hungary-768x512.jpg 768w, https:\/\/contentf5.dailynewshungary.com\/wp-content\/uploads\/2019\/06\/cambodia-Hungary-800x533.jpg 800w, https:\/\/contentf5.dailynewshungary.com\/wp-content\/uploads\/2019\/06\/cambodia-Hungary-1160x773.jpg 1160w\" sizes=\"auto, (max-width: 1024px) 100vw, 1024px\"><figcaption id=\"caption-attachment-253249\" class=\"wp-caption-text\">Foto: MTI<\/figcaption><\/figure>\n<p>Il Sud-Est asiatico \u00e8 una delle regioni in pi\u00f9 rapida crescita al mondo, ha detto Szijj\u00e1rt\u00f3 in una conferenza stampa congiunta.<\/p>\n<blockquote>\n<p>\u201cLe prospettive di cooperazione&#8230; con la Cambogia sono positive perch\u00e9 il Paese ha lanciato alcuni importanti programmi di sviluppo che offrono grandi opportunit\u00e0 anche alle aziende ungheresi, ha affermato.<\/p>\n<\/blockquote>\n<p>La Cambogia ha bisogno di investimenti seri nella gestione dell\u2019acqua e le tecnologie ungheresi sono gi\u00e0 state implementate nella regione, ha affermato. Sono previsti investimenti significativi anche nella trasformazione alimentare ed \u00e8 attualmente in corso un programma di digitalizzazione dell\u2019amministrazione statale, ha aggiunto.<\/p>\n<p>Le aziende ungheresi riceveranno sussidi per partecipare a progetti di sviluppo in Cambogia, ha detto. \u00c8 stato firmato un accordo di cooperazione economica e sar\u00e0 istituito un comitato misto economico, ha aggiunto Eximbank aprir\u00e0 una linea di credito da 46 milioni di dollari per incoraggiare le aziende ungheresi e cambogiane a lavorare insieme. Inoltre, sono in corso trattative su un programma di prestiti per aiuti vincolati e l&#8217;Ungheria aprir\u00e0 una rappresentanza nella capitale cambogiana, ha affermato.<\/p>\n<p>Ha aggiunto che l&#8217;Ungheria ha offerto 15 borse di studio a studenti provenienti dalla Cambogia per studiare negli istituti di istruzione superiore ungheresi.<\/p>\n<blockquote>\n<p>La Cambogia si trova in un\u2019area soggetta a disastri naturali, che \u00e8 una delle cause profonde della migrazione dalla regione<\/p>\n<\/blockquote>\n<p>ha detto. La politica migratoria dell&#8217;Ungheria si basa sull&#8217;idea che si dovrebbe portare aiuto dove si trovano i problemi e quindi l&#8217;Ungheria ha proposto all&#8217;Unione Europea il sostegno allo sviluppo <a href=\"https:\/\/dailynewshungary.com\/?s=cambodia\" target=\"_blank\" rel=\"noopener noreferrer\">Cambogia<\/a> dovrebbe essere aumentato nel prossimo periodo di bilancio dell&#8217;UE, ha aggiunto.<\/p>\n<p>L&#8217;Ungheria incoraggia anche l&#8217;UE e le Nazioni Unite a intensificare la partecipazione a un programma di sminamento, ha detto L&#8217;Ungheria \u00e8 contraria al ritiro dei privilegi commerciali della Cambogia da parte dell&#8217;UE Invece di imporre punizioni, il sostegno dovrebbe essere potenziato, ha aggiunto Szijj\u00e1rt\u00f3.<\/p>\n<p>Sokhonn ha detto<\/p>\n<blockquote>\n<p>L\u2019Ungheria e la Cambogia hanno mantenuto una cooperazione duratura e un dialogo regolare.<\/p>\n<\/blockquote>\n<p>Entrambi i paesi si dedicano a dare un nuovo impulso alle relazioni bilaterali, ha aggiunto Ha espresso i suoi ringraziamenti all&#8217;Ungheria per aver sostenuto il suo paese nei forum internazionali.<\/p>\n<p>Prima della conferenza stampa \u00e8 stato firmato un memorandum d&#8217;intesa sulla cooperazione economica e accordi sulla cooperazione in materia di istruzione e sviluppo.<\/p>\n<\/p>\n<blockquote class=\"wp-embedded-content\" data-secret=\"z7D1i1wX28\"><p><a href=\"https:\/\/dailynewshungary.com\/it\/il-ministro-degli-esteri-discute-dei-legami-bilaterali-con-la-controparte-cambogiana\/\">Il ministro degli Esteri discute dei legami bilaterali con la controparte cambogiana<\/a><\/p><\/blockquote>\n<p><iframe loading=\"lazy\" class=\"wp-embedded-content\" sandbox=\"allow-scripts\" security=\"restricted\" style=\"position: absolute; visibility: hidden;\" title=\"\u201cForeign minister discusses bilateral ties with Cambodian counterpart\u201d \u2014 DailyNewsHungary\" src=\"https:\/\/dailynewshungary.com\/it\/il-ministro-degli-esteri-discute-dei-legami-bilaterali-con-la-controparte-cambogiana\/embed\/#?secret=sUDjDQBgfI#?secret=z7D1i1wX28\" data-secret=\"z7D1i1wX28\" width=\"600\" height=\"338\" frameborder=\"0\" marginwidth=\"0\" marginheight=\"0\" scrolling=\"no\"><\/iframe><\/p>\n","protected":false},"excerpt":{"rendered":"<p>Il primo ministro della Cambogia Hun Sen \u00e8 arrivato gioved\u00ec in Ungheria per una visita ufficiale e ha avuto colloqui con il primo ministro ungherese Viktor Orb\u00e1n. Il rapido sviluppo dei legami economici, commerciali e di investimento con il Sud-Est asiatico \u00e8 nell&#8217;interesse dell&#8217;Ungheria, ha detto gioved\u00ec il ministro degli Esteri P\u00e9ter Szijj\u00e1rt\u00f3 dopo i [&hellip;]<\/p>\n","protected":false},"author":2,"featured_media":694093,"comment_status":"open","ping_status":"open","sticky":false,"template":"","format":"standard","meta":{"_display_image":"","footnotes":""},"categories":[1185],"tags":[1157,1092,1069,1083],"class_list":["post-694092","post","type-post","status-publish","format-standard","has-post-thumbnail","hentry","category-politica-in-ungheria","tag-asia","tag-ministero-degli-affari-esteri-dellungheria","tag-ungheria","tag-viktor-orban"],"blocksy_meta":[],"author_username":"alk","telegram_post":"","public_post_metadata":{"breaking_news":"","important":"","csempe":"","center_tile":"","disable_thumbnail":"","target_lang":"","_featured_image_style":"","telegram_post":"","_xlat_group_id":""},"public_rank_math_data":{"title":"%titolo% %sep% %nomesito%","description":"","focus_keyword":"","canonical_url":"","robots":"","primary_category":"1185","breadcrumb_title":"","facebook_title":"","facebook_description":"","facebook_image":"","facebook_image_id":"","twitter_title":"","twitter_description":"","twitter_image":"","twitter_image_id":"","twitter_card_type":"","twitter_use_facebook":"","advanced_robots":"","pillar_content":"","seo_score":"","contentai_score":"","rich_snippet":""},"_links":{"self":[{"href":"https:\/\/dailynewshungary.com\/it\/wp-json\/wp\/v2\/posts\/694092","targetHints":{"allow":["GET"]}}],"collection":[{"href":"https:\/\/dailynewshungary.com\/it\/wp-json\/wp\/v2\/posts"}],"about":[{"href":"https:\/\/dailynewshungary.com\/it\/wp-json\/wp\/v2\/types\/post"}],"author":[{"embeddable":true,"href":"https:\/\/dailynewshungary.com\/it\/wp-json\/wp\/v2\/users\/2"}],"replies":[{"embeddable":true,"href":"https:\/\/dailynewshungary.com\/it\/wp-json\/wp\/v2\/comments?post=694092"}],"version-history":[{"count":0,"href":"https:\/\/dailynewshungary.com\/it\/wp-json\/wp\/v2\/posts\/694092\/revisions"}],"wp:featuredmedia":[{"embeddable":true,"href":"https:\/\/dailynewshungary.com\/it\/wp-json\/wp\/v2\/media\/694093"}],"wp:attachment":[{"href":"https:\/\/dailynewshungary.com\/it\/wp-json\/wp\/v2\/media?parent=694092"}],"wp:term":[{"taxonomy":"category","embeddable":true,"href":"https:\/\/dailynewshungary.com\/it\/wp-json\/wp\/v2\/categories?post=694092"},{"taxonomy":"post_tag","embeddable":true,"href":"https:\/\/dailynewshungary.com\/it\/wp-json\/wp\/v2\/tags?post=694092"}],"curies":[{"name":"wp","href":"https:\/\/api.w.org\/{rel}","templated":true}]}}