{"id":694216,"date":"2019-06-07T21:30:48","date_gmt":"2019-06-07T19:30:48","guid":{"rendered":"https:\/\/dailynewshungary.com\/it\/il-potere-di-lobbying-della-cee-e-piu-forte-dopo-le-elezioni-del-parlamento-europeo-afferma-la-fm-ungherese\/"},"modified":"2019-06-07T21:30:48","modified_gmt":"2019-06-07T19:30:48","slug":"il-potere-di-lobbying-della-cee-e-piu-forte-dopo-le-elezioni-del-parlamento-europeo-afferma-la-fm-ungherese","status":"publish","type":"post","link":"https:\/\/dailynewshungary.com\/it\/il-potere-di-lobbying-della-cee-e-piu-forte-dopo-le-elezioni-del-parlamento-europeo-afferma-la-fm-ungherese\/","title":{"rendered":"Il potere di lobbying della CEE \u00e8 pi\u00f9 forte dopo le elezioni del Parlamento europeo, afferma la FM ungherese"},"content":{"rendered":"<p><strong>Il potere di lobbying dell&#8217;Europa centrale e orientale \u00e8 visibilmente cresciuto dopo le elezioni parlamentari europee di maggio, anche se nel successivo ciclo di contrattazioni post-elettorali sono prevedibili dibattiti accurati, ha detto venerd\u00ec il ministro degli Esteri.<\/strong><\/p>\n<p>Parlando con i giornalisti a margine della conferenza Globsec sulla politica di sicurezza a Bratislava, P\u00e9ter Szijj\u00e1rt\u00f3 ha osservato che ai partiti al potere ungherese e polacco \u00e8 stato concesso il pi\u00f9 grande sostegno interno all\u2019interno del blocco, suggerendo che<a href=\"https:\/\/dailynewshungary.com\/it\/europa-centrale-vincitrice-del-nuovo-ordine-mondiale-dice-ministro-degli-esteri\/\"> gli europei centrali sono impegnati a favore di un\u2019UE forte ma vogliono un\u2019unione basata su Stati membri forti\u201d<\/a> e non gli Stati Uniti d\u2019Europa promossi dalla mainstream\u201d.<\/p>\n<p>Anche una performance economica solida \u00e8 <a href=\"https:\/\/dailynewshungary.com\/ep-election-hungary-results-fidesz-wins-ep-election-with-52-14-pc\/\">alla radice della crescente influenza regionale<\/a>, ha detto Szijj\u00e1rt\u00f3.<\/p>\n<blockquote>\n<p>\u201cPrendiamo decisioni ragionevoli, abbassiamo le tasse e mettiamo in primo piano la sicurezza dei nostri cittadini, ha affermato.<\/p>\n<\/blockquote>\n<p>Il successo delle politiche economiche della regione pu\u00f2 essere misurato dal crescente interesse per l&#8217;Europa centrale e orientale da parte delle economie in pi\u00f9 rapida crescita del mondo in Estremo Oriente, ha affermato Szijj\u00e1rt\u00f3. Le case automobilistiche sudcoreane, ad esempio, hanno portato investimenti per circa 500 miliardi di fiorini (1,5 miliardi di euro) nel paese, creando oltre 3.200 posti di lavoro in posizioni ad alto valore aggiunto in ricerca e sviluppo, ha affermato.<\/p>\n<p>Tre delle cinque aziende dell&#8217;Estremo Oriente che producono auto elettriche in Europa hanno scelto l&#8217;Ungheria, ha affermato.<\/p>\n<blockquote>\n<p>Il governo ungherese contribuisce a questa tendenza grazie alle basse imposte sulle societ\u00e0, ai minori costi salariali e ai finanziamenti per la ricerca, ha aggiunto.<\/p>\n<\/blockquote>\n<p>Venerd\u00ec, secondo giorno della conferenza Globsec, Szijj\u00e1rt\u00f3 ha preso parte ad una tavola rotonda sull&#8217;equilibrio politico delle forze dopo le elezioni del Parlamento europeo, insieme al ministro degli Esteri ceco Tomas Petricek e George Ciamba, ministro rumeno per gli affari europei.<\/p>\n<p>Szijj\u00e1rt\u00f3 ha osservato che tra tutti i partiti in corsa alle elezioni, Fidesz ha raccolto il pi\u00f9 alto rapporto di voti, il 52%. \u201cQuesto deve essere rispettato Nessuno ha il diritto di mettere in discussione la volont\u00e0 del popolo ungherese, ha detto\u201d.<\/p>\n<blockquote>\n<p>I partiti di maggior successo alle elezioni del Parlamento europeo, dopo Fidesz, sono stati il partito polacco Diritto e Giustizia, il Partito popolare austriaco e la Liga italiana, ha affermato.<\/p>\n<\/blockquote>\n<p>Questi partiti non sono euroscettici ma differiscono dagli altri nella loro visione di creare un&#8217;Europa forte mentre promuovono un&#8217;Europa di stati nazionali forti, ha detto Szijj\u00e1rt\u00f3 Il Partito popolare europeo deve essere pronto a cooperare con partiti di successo della destra dello spettro politico, ha detto.<\/p>\n<p>\u201cIl punto di vista di questi partiti era in minoranza prima delle elezioni. Ma il PPE non pu\u00f2 separare i risultati elettorali dal dibattito sul futuro dell&#8217;Europa, ha affermato.<\/p>\n<p>Quel dibattito \u00e8 ora soggetto a \u201cstoric challenges\u201d, ha detto Szijj\u00e1rt\u00f3, come la migrazione, il cambiamento climatico e le questioni di sicurezza Devono essere affrontate in cooperazione e in modo razionale, ha detto.<\/p>\n<blockquote>\n<p>Nel corso della discussione Szijj\u00e1rt\u00f3 ha anche espresso sostegno all&#8217;allargamento dell&#8217;UE ai Balcani.<\/p>\n<\/blockquote>\n<p>Ha chiesto all&#8217;UE di aprire tutti i restanti capitoli di adesione con la Serbia, avviare l&#8217;ultima fase con il Montenegro e iniziare il processo con l&#8217;Albania e la Macedonia del Nord I legami serbo-ungheresi sono migliorati enormemente e la Serbia garantisce i pi\u00f9 ampi diritti possibili alle sue minoranze ungheresi, ha detto.<\/p>\n","protected":false},"excerpt":{"rendered":"<p>Il potere di lobbying dell&#8217;Europa centrale e orientale \u00e8 visibilmente cresciuto dopo le elezioni parlamentari europee di maggio, anche se nel successivo ciclo di contrattazioni post-elettorali sono prevedibili dibattiti accurati, ha detto venerd\u00ec il ministro degli Esteri. Parlando con i giornalisti a margine della conferenza Globsec sulla politica di sicurezza a Bratislava, P\u00e9ter Szijj\u00e1rt\u00f3 ha [&hellip;]<\/p>\n","protected":false},"author":33,"featured_media":694217,"comment_status":"open","ping_status":"open","sticky":false,"template":"","format":"standard","meta":{"_display_image":"","footnotes":""},"categories":[1185],"tags":[1132,1953,1340,1092,1069,1075],"class_list":["post-694216","post","type-post","status-publish","format-standard","has-post-thumbnail","hentry","category-politica-in-ungheria","tag-economia","tag-elezioni-ep-2019","tag-europa-centrale","tag-ministero-degli-affari-esteri-dellungheria","tag-ungheria","tag-unione-europea"],"blocksy_meta":[],"author_username":"ugyelet","telegram_post":"","public_post_metadata":{"breaking_news":"","important":"","csempe":"","center_tile":"","disable_thumbnail":"","target_lang":"","_featured_image_style":"","telegram_post":"","_xlat_group_id":""},"public_rank_math_data":{"title":"%titolo% %sep% %nomesito%","description":"","focus_keyword":"","canonical_url":"","robots":"","primary_category":"1185","breadcrumb_title":"","facebook_title":"","facebook_description":"","facebook_image":"","facebook_image_id":"","twitter_title":"","twitter_description":"","twitter_image":"","twitter_image_id":"","twitter_card_type":"","twitter_use_facebook":"","advanced_robots":"","pillar_content":"","seo_score":"","contentai_score":"","rich_snippet":""},"_links":{"self":[{"href":"https:\/\/dailynewshungary.com\/it\/wp-json\/wp\/v2\/posts\/694216","targetHints":{"allow":["GET"]}}],"collection":[{"href":"https:\/\/dailynewshungary.com\/it\/wp-json\/wp\/v2\/posts"}],"about":[{"href":"https:\/\/dailynewshungary.com\/it\/wp-json\/wp\/v2\/types\/post"}],"author":[{"embeddable":true,"href":"https:\/\/dailynewshungary.com\/it\/wp-json\/wp\/v2\/users\/33"}],"replies":[{"embeddable":true,"href":"https:\/\/dailynewshungary.com\/it\/wp-json\/wp\/v2\/comments?post=694216"}],"version-history":[{"count":0,"href":"https:\/\/dailynewshungary.com\/it\/wp-json\/wp\/v2\/posts\/694216\/revisions"}],"wp:featuredmedia":[{"embeddable":true,"href":"https:\/\/dailynewshungary.com\/it\/wp-json\/wp\/v2\/media\/694217"}],"wp:attachment":[{"href":"https:\/\/dailynewshungary.com\/it\/wp-json\/wp\/v2\/media?parent=694216"}],"wp:term":[{"taxonomy":"category","embeddable":true,"href":"https:\/\/dailynewshungary.com\/it\/wp-json\/wp\/v2\/categories?post=694216"},{"taxonomy":"post_tag","embeddable":true,"href":"https:\/\/dailynewshungary.com\/it\/wp-json\/wp\/v2\/tags?post=694216"}],"curies":[{"name":"wp","href":"https:\/\/api.w.org\/{rel}","templated":true}]}}