{"id":694258,"date":"2019-06-06T13:40:08","date_gmt":"2019-06-06T11:40:08","guid":{"rendered":"https:\/\/dailynewshungary.com\/it\/il-futuro-di-budapest-come-cambiera-la-capitale-ungherese\/"},"modified":"2019-06-06T13:40:08","modified_gmt":"2019-06-06T11:40:08","slug":"il-futuro-di-budapest-come-cambiera-la-capitale-ungherese","status":"publish","type":"post","link":"https:\/\/dailynewshungary.com\/it\/il-futuro-di-budapest-come-cambiera-la-capitale-ungherese\/","title":{"rendered":"Il futuro di Budapest Come cambier\u00e0 la capitale ungherese?"},"content":{"rendered":"<p><strong>I piani si concentrano sull&#8217;alleggerimento del traffico nel centro di Budapest in parte estendendo le linee della metropolitana e in parte introducendo una tassa sulla congestione Altri piani includono la realizzazione della riva del Danubio pi\u00f9 accessibile e il sostegno ai ciclisti.<\/strong><\/p>\n<p>Secondo il Piano di mobilit\u00e0 di Budapest che l&#8217;assemblea generale della capitale ha gi\u00e0 concordato, Budapest sar\u00e0 una citt\u00e0 pi\u00f9 verde e pi\u00f9 a misura di cittadino con meno auto che passeranno una volta che i piani saranno effettivamente realizzati Secondo <a href=\"http:\/\/pestbuda.hu\/cikk\/20190602_domonkos_csaba_kevesebb_auto_viszont_tobb_kerekparut_es_gyalogos_zona\" target=\"_blank\" rel=\"noopener noreferrer\"><em>PestBuda<\/em><\/a>, finora, il <a href=\"https:\/\/dailynewshungary.com\/it\/la-tassa-di-congestione-e-inclusa-nel-nuovo-piano-di-mobilita-di-budapest\/\" target=\"_blank\" rel=\"noopener noreferrer\">tassa di congestione che fa parte dei piani<\/a> ricevuto la maggior parte dell&#8217;attenzione dai media; tuttavia, c&#8217;\u00e8 di pi\u00f9 nei piani di quello Il piano di mobilit\u00e0 comprende i compiti dei prossimi 11 anni, con l&#8217;obiettivo di rendere il capitale pi\u00f9 vivibile.<\/p>\n<p>Alcuni lavori di ristrutturazione sono gi\u00e0 iniziati e sono in realt\u00e0 prossimi alla conclusione, come la ristrutturazione di piazza Blaha Lujza o l&#8217;estensione della linea metropolitana M1. D&#8217;altra parte, altri sono solo piani lontani che difficilmente verranno realizzati a meno che la citt\u00e0 non riceva finanziamenti molto generosi.<\/p>\n<figure id=\"attachment_135487\" aria-describedby=\"caption-attachment-135487\" style=\"width: 1024px\" class=\"wp-caption aligncenter\"><img loading=\"lazy\" decoding=\"async\" class=\"size-large wp-image-135487\" src=\"https:\/\/dailynewshungary.com\/wp-content\/uploads\/2017\/08\/1200px-1-es_villamos_2105-1024x667.jpg\" alt=\"Px Es Villamos X\" width=\"1024\" height=\"667\" srcset=\"https:\/\/contentf5.dailynewshungary.com\/wp-content\/uploads\/2017\/08\/1200px-1-es_villamos_2105-1024x667.jpg 1024w, https:\/\/contentf5.dailynewshungary.com\/wp-content\/uploads\/2017\/08\/1200px-1-es_villamos_2105-300x196.jpg 300w, https:\/\/contentf5.dailynewshungary.com\/wp-content\/uploads\/2017\/08\/1200px-1-es_villamos_2105-768x500.jpg 768w, https:\/\/contentf5.dailynewshungary.com\/wp-content\/uploads\/2017\/08\/1200px-1-es_villamos_2105-220x143.jpg 220w, https:\/\/contentf5.dailynewshungary.com\/wp-content\/uploads\/2017\/08\/1200px-1-es_villamos_2105-600x391.jpg 600w, https:\/\/contentf5.dailynewshungary.com\/wp-content\/uploads\/2017\/08\/1200px-1-es_villamos_2105-200x130.jpg 200w, https:\/\/contentf5.dailynewshungary.com\/wp-content\/uploads\/2017\/08\/1200px-1-es_villamos_2105-1080x704.jpg 1080w, https:\/\/contentf5.dailynewshungary.com\/wp-content\/uploads\/2017\/08\/1200px-1-es_villamos_2105.jpg 1200w\" sizes=\"auto, (max-width: 1024px) 100vw, 1024px\"><figcaption id=\"caption-attachment-135487\" class=\"wp-caption-text\">Tram 1<br \/>Foto: Kemenymate\/wikipedia<\/figcaption><\/figure>\n<p>Se tutti gli elementi della lista venissero realizzati, ci\u00f2 richiederebbe un budget di 6.500 miliardi di fiorini (20.208.500.000 euro). Se consideriamo quegli elementi che sono gi\u00e0 stati decisi o che sono richiesti dai doveri dello Stato o del governo locale, la somma sarebbe comunque di 2.500 miliardi di fiorini (7.772.500.000 euro).<\/p>\n<blockquote>\n<p><span style=\"color: #33cccc;\">L&#8217;idea centrale di tutti i piani \u00e8 una capitale il pi\u00f9 possibile senza auto, il che significa che il traffico verrebbe interrotto nei quartieri esterni di Budapest o deviato su altri percorsi che evitino di attraversare il centro.<\/span><\/p>\n<\/blockquote>\n<p>In cambio, le linee della metropolitana verrebbero estese, e nei piani sono incluse anche piste ciclabili unificate.<\/p>\n<figure id=\"attachment_230290\" aria-describedby=\"caption-attachment-230290\" style=\"width: 1024px\" class=\"wp-caption aligncenter\"><img loading=\"lazy\" decoding=\"async\" class=\"wp-image-230290 size-large\" src=\"https:\/\/dailynewshungary.com\/wp-content\/uploads\/2019\/01\/Budapest-parliament-winter-Danube-1024x683.jpg\" alt=\"Parlamento di Budapest inverno Danubio\" width=\"1024\" height=\"683\" srcset=\"https:\/\/contentf5.dailynewshungary.com\/wp-content\/uploads\/2019\/01\/Budapest-parliament-winter-Danube-1024x683.jpg 1024w, https:\/\/contentf5.dailynewshungary.com\/wp-content\/uploads\/2019\/01\/Budapest-parliament-winter-Danube-300x200.jpg 300w, https:\/\/contentf5.dailynewshungary.com\/wp-content\/uploads\/2019\/01\/Budapest-parliament-winter-Danube-768x512.jpg 768w, https:\/\/contentf5.dailynewshungary.com\/wp-content\/uploads\/2019\/01\/Budapest-parliament-winter-Danube-220x147.jpg 220w, https:\/\/contentf5.dailynewshungary.com\/wp-content\/uploads\/2019\/01\/Budapest-parliament-winter-Danube-600x400.jpg 600w, https:\/\/contentf5.dailynewshungary.com\/wp-content\/uploads\/2019\/01\/Budapest-parliament-winter-Danube-200x133.jpg 200w, https:\/\/contentf5.dailynewshungary.com\/wp-content\/uploads\/2019\/01\/Budapest-parliament-winter-Danube-1080x720.jpg 1080w, https:\/\/contentf5.dailynewshungary.com\/wp-content\/uploads\/2019\/01\/Budapest-parliament-winter-Danube.jpg 2048w\" sizes=\"auto, (max-width: 1024px) 100vw, 1024px\"><figcaption id=\"caption-attachment-230290\" class=\"wp-caption-text\">Foto: Alp\u00e1r Kat\u00f3 \u00a9<\/figcaption><\/figure>\n<p><span style=\"display: inline !important; float: none; background-color: transparent; color: #191e23; cursor: text; font-family: -apple-system,BlinkMacSystemFont,'Segoe UI',Roboto,Oxygen-Sans,Ubuntu,Cantarell,'Helvetica Neue',sans-serif; font-size: 16px; font-style: normal; font-variant: normal; font-weight: 400; letter-spacing: normal; orphans: 2; text-align: left; text-decoration: none; text-indent: 0px; text-transform: none; -webkit-text-stroke-width: 0px; white-space: normal; word-spacing: 0px;\">Anche il Danubio, la nautica da diporto e l&#8217;accessibilit\u00e0 delle coste ricevono attenzione (soprattutto adesso <a href=\"https:\/\/dailynewshungary.com\/it\/barca-turistica-capovolta-a-budapest-almeno-7-morti-update-foto\/\" target=\"_blank\" rel=\"noopener noreferrer\">alla luce degli avvenimenti della scorsa settimana<\/a>); tuttavia, non si parla ancora di costruire un ponte pedonale.<\/span><\/p>\n<p>Il piano di mobilit\u00e0 stima anche i risultati attesi e gli effetti delle modifiche apportate. Sulla base di questi, hanno classificato gli elementi dell&#8217;elenco in termini di urgenza o di possibilit\u00e0 di essere rinviati a dopo il 2030. Il piano comprende anche progetti di investimento pubblico come il rinnovamento delle stazioni ferroviarie di Keleti e Nyugati o la realizzazione del <a href=\"https:\/\/dailynewshungary.com\/it\/andare-allaeroporto-di-budapest-con-il-treno-succedera-mai\/\" target=\"_blank\" rel=\"noopener noreferrer\">linea ferroviaria diretta all&#8217;aeroporto di Budapest<\/a>.<\/p>\n<\/p>\n<blockquote class=\"wp-embedded-content\" data-secret=\"jEHfwWkznI\"><p><a href=\"https:\/\/dailynewshungary.com\/it\/buono-a-sapersi-aree-intorno-al-ponte-delle-catene-da-rinnovare\/\">Buono a sapersi: Aree intorno al Ponte delle Catene da rinnovare<\/a><\/p><\/blockquote>\n<p><iframe loading=\"lazy\" class=\"wp-embedded-content\" sandbox=\"allow-scripts\" security=\"restricted\" style=\"position: absolute; visibility: hidden;\" title=\"\u201cGood to know: Areas around Chain Bridge to be revamped\u201d \u2014 DailyNewsHungary\" src=\"https:\/\/dailynewshungary.com\/it\/buono-a-sapersi-aree-intorno-al-ponte-delle-catene-da-rinnovare\/embed\/#?secret=q8d2eGMpaZ#?secret=jEHfwWkznI\" data-secret=\"jEHfwWkznI\" width=\"600\" height=\"338\" frameborder=\"0\" marginwidth=\"0\" marginheight=\"0\" scrolling=\"no\"><\/iframe><\/p>\n<p>&nbsp;<\/p>\n<p>&nbsp;<\/p>\n","protected":false},"excerpt":{"rendered":"<p>I piani si concentrano sull&#8217;alleggerimento del traffico nel centro di Budapest in parte estendendo le linee della metropolitana e in parte introducendo una tassa sulla congestione Altri piani includono la realizzazione della riva del Danubio pi\u00f9 accessibile e il sostegno ai ciclisti. Secondo il Piano di mobilit\u00e0 di Budapest che l&#8217;assemblea generale della capitale ha [&hellip;]<\/p>\n","protected":false},"author":23,"featured_media":0,"comment_status":"open","ping_status":"open","sticky":false,"template":"","format":"standard","meta":{"_display_image":"","footnotes":""},"categories":[1207],"tags":[1158,1393,1188,1069],"class_list":["post-694258","post","type-post","status-publish","format-standard","hentry","category-societa-in-ungheria","tag-budapest","tag-consiglio-di-budapest","tag-sviluppo","tag-ungheria"],"blocksy_meta":[],"author_username":"annawynn","telegram_post":"","public_post_metadata":{"breaking_news":"","important":"","csempe":"","center_tile":"","disable_thumbnail":"","target_lang":"","_featured_image_style":"","telegram_post":"","_xlat_group_id":""},"public_rank_math_data":{"title":"%titolo% %sep% %nomesito%","description":"","focus_keyword":"","canonical_url":"","robots":"","primary_category":"1207","breadcrumb_title":"","facebook_title":"","facebook_description":"","facebook_image":"","facebook_image_id":"","twitter_title":"","twitter_description":"","twitter_image":"","twitter_image_id":"","twitter_card_type":"","twitter_use_facebook":"","advanced_robots":"","pillar_content":"","seo_score":"","contentai_score":"","rich_snippet":""},"_links":{"self":[{"href":"https:\/\/dailynewshungary.com\/it\/wp-json\/wp\/v2\/posts\/694258","targetHints":{"allow":["GET"]}}],"collection":[{"href":"https:\/\/dailynewshungary.com\/it\/wp-json\/wp\/v2\/posts"}],"about":[{"href":"https:\/\/dailynewshungary.com\/it\/wp-json\/wp\/v2\/types\/post"}],"author":[{"embeddable":true,"href":"https:\/\/dailynewshungary.com\/it\/wp-json\/wp\/v2\/users\/23"}],"replies":[{"embeddable":true,"href":"https:\/\/dailynewshungary.com\/it\/wp-json\/wp\/v2\/comments?post=694258"}],"version-history":[{"count":0,"href":"https:\/\/dailynewshungary.com\/it\/wp-json\/wp\/v2\/posts\/694258\/revisions"}],"wp:attachment":[{"href":"https:\/\/dailynewshungary.com\/it\/wp-json\/wp\/v2\/media?parent=694258"}],"wp:term":[{"taxonomy":"category","embeddable":true,"href":"https:\/\/dailynewshungary.com\/it\/wp-json\/wp\/v2\/categories?post=694258"},{"taxonomy":"post_tag","embeddable":true,"href":"https:\/\/dailynewshungary.com\/it\/wp-json\/wp\/v2\/tags?post=694258"}],"curies":[{"name":"wp","href":"https:\/\/api.w.org\/{rel}","templated":true}]}}