{"id":694481,"date":"2019-05-27T18:00:38","date_gmt":"2019-05-27T16:00:38","guid":{"rendered":"https:\/\/dailynewshungary.com\/it\/lungheria-agli-occhi-degli-olandesi-molto-piu-che-semplici-langos-e-kurt-andskalacs\/"},"modified":"2019-05-27T18:00:38","modified_gmt":"2019-05-27T16:00:38","slug":"lungheria-agli-occhi-degli-olandesi-molto-piu-che-semplici-langos-e-kurt-andskalacs","status":"publish","type":"post","link":"https:\/\/dailynewshungary.com\/it\/lungheria-agli-occhi-degli-olandesi-molto-piu-che-semplici-langos-e-kurt-andskalacs\/","title":{"rendered":"L\u2019Ungheria agli occhi degli olandesi: molto pi\u00f9 che semplici l\u00e1ngos e k\u00fcrt andskal\u00e1cs"},"content":{"rendered":"<p><strong>I Paesi Bassi sono solitamente associati a biciclette, Rembrandt, progetti moderni, campi di tulipani e turbine eoliche, mentre le prime parole che ti vengono in mente riguardo all&#8217;Ungheria sono k\u00fcrt theskal\u00e1cs, l\u00e1ngos, p\u00e1linka, arte popolare. Ma come vedono la loro cultura d&#8217;origine e l&#8217;Ungheria gli olandesi che hanno vissuto la vita in entrambi i paesi?<\/strong><\/p>\n<p><a href=\"https:\/\/index.hu\/bcs\/2019\/05\/23\/magyarorszagon-elo-hollandok-video\/\" target=\"_blank\" rel=\"noopener noreferrer\">Indice<\/a> ha deciso di chiedere ad alcuni olandesi che vivevano in Ungheria ormai da anni di confrontare la vita in Ungheria con la vita nei Paesi Bassi.<\/p>\n<p>Migliaia di olandesi si sono trasferiti in Ungheria negli ultimi decenni e, mentre la maggior parte degli immigrati preferisce la capitale, gli olandesi sono pi\u00f9 attratti dalla campagna, la maggior parte di loro vive nelle contee di Baranya, Somogy e N\u00f3gr\u00e1d I prezzi degli immobili sono pi\u00f9 bassi in queste aree, ma anche il clima \u00e8 un fattore importante nella scelta della posizione.<\/p>\n<blockquote>\n<p><span style=\"color: #008080;\">Dicono che la vita \u00e8 pi\u00f9 equilibrata in Ungheria che nei Paesi Bassi.<\/span><\/p>\n<\/blockquote>\n<p>Sebbene la barriera linguistica presenti alcune difficolt\u00e0 in materia di assimilazione (il numero di ungheresi che parlano tedesco o inglese \u00e8 ancora basso), gli olandesi affermano che gli ungheresi sono solitamente accoglienti e aperti.<\/p>\n<p>Nel video qui sotto, le persone parlano dei valori ungheresi che hanno trovato importanti e che potrebbero eventualmente essere integrati nella vita olandese.<\/p>\n<p><iframe loading=\"lazy\" id=\"player-5afc587b12\" class=\"indavideo-player\" title=\"indavideo video player\" src=\"\/\/embed.indavideo.hu\/player\/video\/5afc587b12\" width=\"640\" height=\"360\" frameborder=\"0\" scrolling=\"no\" allowfullscreen=\"allowfullscreen\"><\/iframe><\/p>\n<p>Claudia Kussel \u00e8 una curatrice d&#8217;arte presso la galleria d&#8217;arte Mai Man\u00f3 H\u00e1z, si \u00e8 trasferita in Ungheria due anni fa con la sua famiglia La prima cosa che mette in evidenza l&#8217;Ungheria \u00e8 che le attrezzature per l&#8217;allenamento sono installate nella maggior parte dei parchi (o Paesi Bassi) qualcosa che non puoi trovare un&#8217;altra cosa positiva per lei \u00e8 la celebrazione della Giornata dei bambini, che a suo avviso potrebbe essere introdotta anche nei Paesi Bassi, poich\u00e9 l\u00ec si celebra solo la Festa della mamma e del pap\u00e0.<\/p>\n<blockquote>\n<p><span style=\"color: #008080;\">Claudia ha detto che non vedevano l&#8217;ora di provare i langos e i k\u00fcrt.skal\u00e1cs prima di trasferirsi in Ungheria, poich\u00e9 gli olandesi sono appassionati di cibo buono e delizioso.<\/span><\/p>\n<\/blockquote>\n<p>Tom de Smet trascorre met\u00e0 dell&#8217;anno ad Amsterdam, l&#8217;altra met\u00e0 a Budapest, ha visitato per la prima volta l&#8217;Ungheria nel 1986, e 9 anni dopo ha iniziato le sue ricerche sulla gastronomia ungherese, e ora \u00e8 chef al Kelet Caf\u00e9, secondo lui i gastrofestival in Ungheria sono una delle cose migliori che accadono a una comunit\u00e0 Il suo preferito \u00e8 il <a href=\"https:\/\/dailynewshungary.com\/it\/5-fatti-interessanti-su-bekescsaba-che-probabilmente-non-hai-conosciuto\/\" target=\"_blank\" rel=\"noopener noreferrer\">Sagra della Salsiccia a B\u00e9k\u00e9scsaba<\/a>, dove \u00e8 sempre stupito dal fatto che 3000 persone si riuniscono per cucinare e ballare, cosa insolita per gli olandesi.<\/p>\n<blockquote>\n<p><span style=\"color: #008080;\">Tuttavia, \u00e8 spesso infastidito dai pedoni, che non rispettano i motociclisti.<\/span><\/p>\n<\/blockquote>\n<p>Poi troviamo anche Elroy Th\u00fcmmler, che era <a href=\"https:\/\/dailynewshungary.com\/it\/un-olandese-ha-appena-comprato-un-intero-villaggio-ungherese\/\" target=\"_blank\" rel=\"noopener noreferrer\">presentato spesso nei media ungheresi<\/a> nel 2017. \u00e8 venuto a Bedepuszta nel 2003, e ha comprato le case l\u00ec con i suoi amici (per lo pi\u00f9 ungheresi), che alla fine se ne sono andati Per le famiglie rom, che vivevano nel piccolo villaggio, Th\u00fcmmler ha comprato case migliori nei villaggi vicini Th\u00fcmmler ha legami anche con Sziget Festival, ma gli piacciono i pub in rovina, i k\u00fcrt inveceskal\u00e1cs e anche i T\u00far\u00f3 Rudi.<\/p>\n<p>Ha detto a Index che non ci sono spazi verdi e aperti nei Paesi Bassi come in Ungheria, e all&#8217;inizio ha trovato strano che ci siano a malapena persone che camminano nelle foreste: secondo la sua esperienza, le foreste olandesi sono sempre piene di gente.<\/p>\n<blockquote>\n<p><span style=\"color: #008080;\">I valori ungheresi pi\u00f9 importanti a suo avviso sono l&#8217;attaccamento del popolo alla terra e il rispetto della propria cultura.<\/span><\/p>\n<\/blockquote>\n<p>Infine, il video presenta L\u00f3r\u00e1nt Kib\u00e9di Varga, l&#8217;amministratore delegato di CBRE, che vive a Budapest da 25 anni. Ha osservato argutamente di avere un &#8220;hardware ungherese e un software olandese&#8221;. Sottolinea la capacit\u00e0 del popolo olandese di cercare compromessi, che trova utili in Ungheria.<\/p>\n<blockquote>\n<p><span style=\"color: #008080;\">Tuttavia, pensa che il <a href=\"https:\/\/dailynewshungary.com\/it\/bizzarro-lista-dei-secchi-alimentari-ungheresi-parte-1\/\" target=\"_blank\" rel=\"noopener noreferrer\"><em>pacalp\u00f6rk\u00f6lt<\/em> (stufato trippa)<\/a> sarebbe troppo duro per uno stomaco olandese.<\/span><\/p>\n<\/blockquote>\n<p><em>immagine in primo piano: www.facebook.com\/ujgurmagyar<\/em><\/p>\n","protected":false},"excerpt":{"rendered":"<p>I Paesi Bassi sono solitamente associati a biciclette, Rembrandt, progetti moderni, campi di tulipani e turbine eoliche, mentre le prime parole che ti vengono in mente riguardo all&#8217;Ungheria sono k\u00fcrt theskal\u00e1cs, l\u00e1ngos, p\u00e1linka, arte popolare. Ma come vedono la loro cultura d&#8217;origine e l&#8217;Ungheria gli olandesi che hanno vissuto la vita in entrambi i paesi? [&hellip;]<\/p>\n","protected":false},"author":13,"featured_media":0,"comment_status":"open","ping_status":"open","sticky":false,"template":"","format":"standard","meta":{"_display_image":"","footnotes":""},"categories":[1207],"tags":[1258,1168,1671,1312,1069],"class_list":["post-694481","post","type-post","status-publish","format-standard","hentry","category-societa-in-ungheria","tag-espatriati-in-ungheria","tag-gastronomia","tag-torta-di-camino-kurtoskalacs","tag-tradizione","tag-ungheria"],"blocksy_meta":[],"author_username":"kovacszsoka","telegram_post":"","public_post_metadata":{"breaking_news":"","important":"","csempe":"","center_tile":"","disable_thumbnail":"","target_lang":"","_featured_image_style":"","telegram_post":"","_xlat_group_id":""},"public_rank_math_data":{"title":"%titolo% %sep% %nomesito%","description":"","focus_keyword":"","canonical_url":"","robots":"","primary_category":"1207","breadcrumb_title":"","facebook_title":"","facebook_description":"","facebook_image":"","facebook_image_id":"","twitter_title":"","twitter_description":"","twitter_image":"","twitter_image_id":"","twitter_card_type":"","twitter_use_facebook":"","advanced_robots":"","pillar_content":"","seo_score":"","contentai_score":"","rich_snippet":""},"_links":{"self":[{"href":"https:\/\/dailynewshungary.com\/it\/wp-json\/wp\/v2\/posts\/694481","targetHints":{"allow":["GET"]}}],"collection":[{"href":"https:\/\/dailynewshungary.com\/it\/wp-json\/wp\/v2\/posts"}],"about":[{"href":"https:\/\/dailynewshungary.com\/it\/wp-json\/wp\/v2\/types\/post"}],"author":[{"embeddable":true,"href":"https:\/\/dailynewshungary.com\/it\/wp-json\/wp\/v2\/users\/13"}],"replies":[{"embeddable":true,"href":"https:\/\/dailynewshungary.com\/it\/wp-json\/wp\/v2\/comments?post=694481"}],"version-history":[{"count":0,"href":"https:\/\/dailynewshungary.com\/it\/wp-json\/wp\/v2\/posts\/694481\/revisions"}],"wp:attachment":[{"href":"https:\/\/dailynewshungary.com\/it\/wp-json\/wp\/v2\/media?parent=694481"}],"wp:term":[{"taxonomy":"category","embeddable":true,"href":"https:\/\/dailynewshungary.com\/it\/wp-json\/wp\/v2\/categories?post=694481"},{"taxonomy":"post_tag","embeddable":true,"href":"https:\/\/dailynewshungary.com\/it\/wp-json\/wp\/v2\/tags?post=694481"}],"curies":[{"name":"wp","href":"https:\/\/api.w.org\/{rel}","templated":true}]}}