{"id":694496,"date":"2019-05-27T11:30:07","date_gmt":"2019-05-27T09:30:07","guid":{"rendered":"https:\/\/dailynewshungary.com\/it\/elezioni-del-parlamento-europeo-pom-di-assistenza-sanitaria-istruzione-e-mezzi-di-sussistenza\/"},"modified":"2019-05-27T11:30:07","modified_gmt":"2019-05-27T09:30:07","slug":"elezioni-del-parlamento-europeo-pom-di-assistenza-sanitaria-istruzione-e-mezzi-di-sussistenza","status":"publish","type":"post","link":"https:\/\/dailynewshungary.com\/it\/elezioni-del-parlamento-europeo-pom-di-assistenza-sanitaria-istruzione-e-mezzi-di-sussistenza\/","title":{"rendered":"Elezioni del Parlamento europeo \u2018Pom di assistenza sanitaria, istruzione e mezzi di sussistenza\u2019"},"content":{"rendered":"<p><strong>Il leader del Movimento Momentum, che ha fatto un passo avanti nelle elezioni del Parlamento europeo di domenica assicurandosi quasi il 10% dei voti, ha affermato che il suo partito di opposizione deve mettere l&#8217;assistenza sanitaria, l&#8217;istruzione e i mezzi di sussistenza delle persone al centro della sua missione.<\/strong><\/p>\n<p>Andras Fekete Gy.r ha detto ai sostenitori esultanti che Momentum \u00e8 l&#8217;unico partito in grado di fornire soluzioni reali a problemi reali.<\/p>\n<p>I risultati lo mostrano <a href=\"https:\/\/dailynewshungary.com\/it\/la-grande-rapina-al-treno-britannico-come-una-banda-di-15-uomini-rubo-26-milioni-di-sterline-nel-1963\/\" target=\"_blank\" rel=\"noopener noreferrer\">Momento<\/a> ha ricevuto circa 330.000 voti, ma questo gli \u00e8 bastato per inviare due rappresentanti al Parlamento europeo, ha detto, aggiungendo che l&#8217;umilt\u00e0 \u00e8 necessaria perch\u00e9 non hanno vinto.<\/p>\n<figure id=\"attachment_250584\" aria-describedby=\"caption-attachment-250584\" style=\"width: 1024px\" class=\"wp-caption aligncenter\"><img loading=\"lazy\" decoding=\"async\" class=\"size-large wp-image-250584\" src=\"https:\/\/dailynewshungary.com\/wp-content\/uploads\/2019\/05\/Momentum-movement-Ep-election-2019-hungary-1024x656.jpg\" alt=\"Movimento di slancio 2019\" width=\"1024\" height=\"656\" srcset=\"https:\/\/contentf5.dailynewshungary.com\/wp-content\/uploads\/2019\/05\/Momentum-movement-Ep-election-2019-hungary-1024x656.jpg 1024w, https:\/\/contentf5.dailynewshungary.com\/wp-content\/uploads\/2019\/05\/Momentum-movement-Ep-election-2019-hungary-300x192.jpg 300w, https:\/\/contentf5.dailynewshungary.com\/wp-content\/uploads\/2019\/05\/Momentum-movement-Ep-election-2019-hungary-768x492.jpg 768w, https:\/\/contentf5.dailynewshungary.com\/wp-content\/uploads\/2019\/05\/Momentum-movement-Ep-election-2019-hungary-800x513.jpg 800w, https:\/\/contentf5.dailynewshungary.com\/wp-content\/uploads\/2019\/05\/Momentum-movement-Ep-election-2019-hungary-1160x744.jpg 1160w\" sizes=\"auto, (max-width: 1024px) 100vw, 1024px\"><figcaption id=\"caption-attachment-250584\" class=\"wp-caption-text\">Foto: MTI<\/figcaption><\/figure>\n<p>Katalin Cseh, che supera quella di Momentum <a href=\"https:\/\/dailynewshungary.com\/it\/la-grande-rapina-al-treno-britannico-come-una-banda-di-15-uomini-rubo-26-milioni-di-sterline-nel-1963\/\" target=\"_blank\" rel=\"noopener noreferrer\">Elezione del PE<\/a> lista, detto<\/p>\n<blockquote>\n<p>bisogna dare alle persone la possibilit\u00e0 di sognare di nuovo Momentum, ha aggiunto, \u00e8 stata la prova che i miracoli esistono ancora e che \u00e8 stato possibile costruire una festa da zero.<\/p>\n<\/blockquote>\n","protected":false},"excerpt":{"rendered":"<p>Il leader del Movimento Momentum, che ha fatto un passo avanti nelle elezioni del Parlamento europeo di domenica assicurandosi quasi il 10% dei voti, ha affermato che il suo partito di opposizione deve mettere l&#8217;assistenza sanitaria, l&#8217;istruzione e i mezzi di sussistenza delle persone al centro della sua missione. Andras Fekete Gy.r ha detto ai [&hellip;]<\/p>\n","protected":false},"author":88,"featured_media":694497,"comment_status":"open","ping_status":"open","sticky":false,"template":"","format":"standard","meta":{"_display_image":"","footnotes":""},"categories":[1185],"tags":[1953,1166,1069,1075],"class_list":["post-694496","post","type-post","status-publish","format-standard","has-post-thumbnail","hentry","category-politica-in-ungheria","tag-elezioni-ep-2019","tag-movimento-di-slancio","tag-ungheria","tag-unione-europea"],"blocksy_meta":[],"author_username":"alpar.kato","telegram_post":"","public_post_metadata":{"breaking_news":"","important":"","csempe":"","center_tile":"","disable_thumbnail":"","target_lang":"","_featured_image_style":"","telegram_post":"","_xlat_group_id":""},"public_rank_math_data":{"title":"%titolo% %sep% %nomesito%","description":"","focus_keyword":"","canonical_url":"","robots":"","primary_category":"1185","breadcrumb_title":"","facebook_title":"","facebook_description":"","facebook_image":"","facebook_image_id":"","twitter_title":"","twitter_description":"","twitter_image":"","twitter_image_id":"","twitter_card_type":"","twitter_use_facebook":"","advanced_robots":"","pillar_content":"","seo_score":"","contentai_score":"","rich_snippet":""},"_links":{"self":[{"href":"https:\/\/dailynewshungary.com\/it\/wp-json\/wp\/v2\/posts\/694496","targetHints":{"allow":["GET"]}}],"collection":[{"href":"https:\/\/dailynewshungary.com\/it\/wp-json\/wp\/v2\/posts"}],"about":[{"href":"https:\/\/dailynewshungary.com\/it\/wp-json\/wp\/v2\/types\/post"}],"author":[{"embeddable":true,"href":"https:\/\/dailynewshungary.com\/it\/wp-json\/wp\/v2\/users\/88"}],"replies":[{"embeddable":true,"href":"https:\/\/dailynewshungary.com\/it\/wp-json\/wp\/v2\/comments?post=694496"}],"version-history":[{"count":0,"href":"https:\/\/dailynewshungary.com\/it\/wp-json\/wp\/v2\/posts\/694496\/revisions"}],"wp:featuredmedia":[{"embeddable":true,"href":"https:\/\/dailynewshungary.com\/it\/wp-json\/wp\/v2\/media\/694497"}],"wp:attachment":[{"href":"https:\/\/dailynewshungary.com\/it\/wp-json\/wp\/v2\/media?parent=694496"}],"wp:term":[{"taxonomy":"category","embeddable":true,"href":"https:\/\/dailynewshungary.com\/it\/wp-json\/wp\/v2\/categories?post=694496"},{"taxonomy":"post_tag","embeddable":true,"href":"https:\/\/dailynewshungary.com\/it\/wp-json\/wp\/v2\/tags?post=694496"}],"curies":[{"name":"wp","href":"https:\/\/api.w.org\/{rel}","templated":true}]}}