{"id":694500,"date":"2019-05-27T10:30:29","date_gmt":"2019-05-27T08:30:29","guid":{"rendered":"https:\/\/dailynewshungary.com\/it\/elezioni-del-parlamento-europeo-orban-saluta-la-vittoria-record-in-unaffluenza-record\/"},"modified":"2019-05-27T10:30:29","modified_gmt":"2019-05-27T08:30:29","slug":"elezioni-del-parlamento-europeo-orban-saluta-la-vittoria-record-in-unaffluenza-record","status":"publish","type":"post","link":"https:\/\/dailynewshungary.com\/it\/elezioni-del-parlamento-europeo-orban-saluta-la-vittoria-record-in-unaffluenza-record\/","title":{"rendered":"Elezioni del Parlamento europeo Orb\u00e1n saluta la vittoria record in un\u2019affluenza record"},"content":{"rendered":"<p><strong>Il primo ministro Viktor Orb\u00e1n ha salutato la vittoria della sua alleanza Fidesz-Democratico Cristiano nelle elezioni del Parlamento Europeo di domenica come una vittoria\u201cepochal\u201d.<\/strong><\/p>\n<p>Come abbiamo scritto ieri, Fidesz ha vinto le elezioni con il 52,14% dei voti, consegnando al partito 13 seggi al Parlamento europeo <a href=\"https:\/\/dailynewshungary.com\/ep-election-hungary-results-fidesz-wins-ep-election-with-52-14-pc\/\" target=\"_blank\" rel=\"noopener noreferrer\">dettagli QUI<\/a>.<\/p>\n<blockquote>\n<p>\u201cPer noi l&#8217;Ungheria viene prima anche a Bruxelles, ha detto il\u201d Orb\u00e1n alle folle radunate sulle rive del Danubio.<\/p>\n<\/blockquote>\n<p>\u201cAbbiamo ottenuto una vittoria record in un contesto di affluenza record, ha detto il primo ministro. \u201cSappiamo tutti che l&#8217;ondata migratoria ha lanciato l&#8217;inizio di una nuova era nella politica europea, quindi possiamo tranquillamente dire che abbiamo ottenuto una vittoria epocale.\u201d<\/p>\n<p>Orb\u00e1n ha ringraziato gli elettori il cui sostegno ha espresso che l&#8217;Ungheria dovrebbe rimanere un paese ungherese e l&#8217;Europa dovrebbe appartenere all&#8217;European\u201d.<\/p>\n<p>Riflettendo sulla vittoria del suo partito Fidesz, ha detto che gli ungheresi hanno affidato all&#8217;alleanza di governo tre obiettivi: fermare l&#8217;immigrazione in tutta Europa, proteggere l&#8217;Europa delle nazioni e proteggere la cultura cristiana in Europa.<\/p>\n<p>Orb\u00e1n lo ha detto<\/p>\n<blockquote>\n<p>era ormai chiaro che gli ungheresi pensano che a Bruxelles sia necessario un cambiamento.<\/p>\n<\/blockquote>\n<p>Sono necessari leader che rappresentino gli interessi dei popoli europei e che rispettino le nazioni europee, ha affermato. Sono richiesti anche leader \u201c orgogliosi della nostra cultura cristiana di duemila anni, ha aggiunto Orb\u00e1n.<\/p>\n<p>Ha detto che gli interessi dell&#8217;Ungheria saranno sempre messi al primo posto a Bruxelles e che si cercher\u00e0 la cooperazione con coloro che vogliono fermare l&#8217;immigrazione.<\/p>\n<p>Orb\u00e1n lo ha detto con l&#8217;elevata affluenza alle urne<\/p>\n<blockquote>\n<p>L&#8217;Ungheria aveva dimostrato che \u201cit \u00e8 una nazione europea, un paese europeo, che il nostro posto \u00e8 in Europa, che l&#8217;Europa \u00e8 anche la nostra casa, e quindi vogliamo cambiarla.\u201d<\/p>\n<\/blockquote>\n<p>Il primo ministro ha espresso la sua gratitudine agli elettori e ai sostenitori del suo partito.<\/p>\n<p>Ha definito le elezioni una grande possibilit\u00e0 una tantum di unificare la nazione\u201d, sostenendo che anche le comunit\u00e0 etniche ungheresi \u201c saranno l\u00ec con noi a Bruxelles e rappresenteremo insieme gli interessi dell&#8217;intera nazione ungherese\u201d.<\/p>\n<blockquote>\n<p>\u201cPer noi, l&#8217;Ungheria verr\u00e0 prima anche a Bruxelles, e collaboreremo con tutti coloro che vogliono fermare l&#8217;immigrazione,\u201d<\/p>\n<\/blockquote>\n<p>Orb\u00e1n ha detto. \u201cOggi abbiamo dimostrato che l&#8217;Ungheria \u00e8 forte perch\u00e9 gli ungheresi sono uniti Negli anni a venire, l&#8217;obiettivo sar\u00e0 preservare questa grande unit\u00e0 Vi prometto che faremo tutto il possibile per raggiungere questo obiettivo, ha concluso il primo ministro.<\/p>\n<ul>\n<li>\n<h4>Leggi di pi\u00f9 su <a href=\"https:\/\/dailynewshungary.com\/it\/la-grande-rapina-al-treno-britannico-come-una-banda-di-15-uomini-rubo-26-milioni-di-sterline-nel-1963\/\" target=\"_blank\" rel=\"noopener noreferrer\">ELEZIONI DEL PE 2019<\/a><\/h4>\n<\/li>\n<\/ul>\n","protected":false},"excerpt":{"rendered":"<p>Il primo ministro Viktor Orb\u00e1n ha salutato la vittoria della sua alleanza Fidesz-Democratico Cristiano nelle elezioni del Parlamento Europeo di domenica come una vittoria\u201cepochal\u201d. Come abbiamo scritto ieri, Fidesz ha vinto le elezioni con il 52,14% dei voti, consegnando al partito 13 seggi al Parlamento europeo dettagli QUI. \u201cPer noi l&#8217;Ungheria viene prima anche a [&hellip;]<\/p>\n","protected":false},"author":88,"featured_media":0,"comment_status":"open","ping_status":"open","sticky":false,"template":"","format":"standard","meta":{"_display_image":"","footnotes":""},"categories":[1185],"tags":[1953,1078,1069,1075],"class_list":["post-694500","post","type-post","status-publish","format-standard","hentry","category-politica-in-ungheria","tag-elezioni-ep-2019","tag-fidesz","tag-ungheria","tag-unione-europea"],"blocksy_meta":[],"author_username":"alpar.kato","telegram_post":"","public_post_metadata":{"breaking_news":"","important":"","csempe":"","center_tile":"","disable_thumbnail":"","target_lang":"","_featured_image_style":"","telegram_post":"","_xlat_group_id":""},"public_rank_math_data":{"title":"%titolo% %sep% %nomesito%","description":"","focus_keyword":"","canonical_url":"","robots":"","primary_category":"1185","breadcrumb_title":"","facebook_title":"","facebook_description":"","facebook_image":"","facebook_image_id":"","twitter_title":"","twitter_description":"","twitter_image":"","twitter_image_id":"","twitter_card_type":"","twitter_use_facebook":"","advanced_robots":"","pillar_content":"","seo_score":"","contentai_score":"","rich_snippet":""},"_links":{"self":[{"href":"https:\/\/dailynewshungary.com\/it\/wp-json\/wp\/v2\/posts\/694500","targetHints":{"allow":["GET"]}}],"collection":[{"href":"https:\/\/dailynewshungary.com\/it\/wp-json\/wp\/v2\/posts"}],"about":[{"href":"https:\/\/dailynewshungary.com\/it\/wp-json\/wp\/v2\/types\/post"}],"author":[{"embeddable":true,"href":"https:\/\/dailynewshungary.com\/it\/wp-json\/wp\/v2\/users\/88"}],"replies":[{"embeddable":true,"href":"https:\/\/dailynewshungary.com\/it\/wp-json\/wp\/v2\/comments?post=694500"}],"version-history":[{"count":0,"href":"https:\/\/dailynewshungary.com\/it\/wp-json\/wp\/v2\/posts\/694500\/revisions"}],"wp:attachment":[{"href":"https:\/\/dailynewshungary.com\/it\/wp-json\/wp\/v2\/media?parent=694500"}],"wp:term":[{"taxonomy":"category","embeddable":true,"href":"https:\/\/dailynewshungary.com\/it\/wp-json\/wp\/v2\/categories?post=694500"},{"taxonomy":"post_tag","embeddable":true,"href":"https:\/\/dailynewshungary.com\/it\/wp-json\/wp\/v2\/tags?post=694500"}],"curies":[{"name":"wp","href":"https:\/\/api.w.org\/{rel}","templated":true}]}}