{"id":694546,"date":"2019-05-24T20:20:56","date_gmt":"2019-05-24T18:20:56","guid":{"rendered":"https:\/\/dailynewshungary.com\/it\/fm-ungherese-la-violenza-sessuale-in-tempo-di-guerra-non-deve-essere-lasciata-impunita\/"},"modified":"2019-05-24T20:20:56","modified_gmt":"2019-05-24T18:20:56","slug":"fm-ungherese-la-violenza-sessuale-in-tempo-di-guerra-non-deve-essere-lasciata-impunita","status":"publish","type":"post","link":"https:\/\/dailynewshungary.com\/it\/fm-ungherese-la-violenza-sessuale-in-tempo-di-guerra-non-deve-essere-lasciata-impunita\/","title":{"rendered":"FM ungherese: la violenza sessuale in tempo di guerra non deve essere lasciata impunita"},"content":{"rendered":"<p><strong>L&#8217;Ungheria \u00e8 impegnata a porre fine alla pratica di \u201cinaccettabile e scandalosa\u201d di lasciare impunite le violenze sessuali commesse in tempo di guerra contro donne e ragazze, ha detto venerd\u00ec il ministro degli Esteri ungherese.<\/strong><\/p>\n<p>Il governo ungherese conceder\u00e0 12 milioni di fiorini (36.800 euro) alla Croce Rossa Internazionale e alle organizzazioni per i diritti delle donne delle Nazioni Unite per aiutare le donne e i bambini esposti <a href=\"https:\/\/dailynewshungary.com\/it\/richiedente-asilo-afghano-accusato-di-una-serie-di-reati-sessuali-in-ungheria\/\">violenza sessuale nelle aree di conflitto<\/a>, ha detto P\u00e9ter Szijj\u00e1rt\u00f3 ad una conferenza internazionale a Oslo.<\/p>\n<blockquote>\n<p><a href=\"https:\/\/dailynewshungary.com\/it\/le-malattie-sessuali-si-stanno-diffondendo-velocemente-in-ungheria\/\">Violenza contro civili indifesi, soprattutto donne e ragazze<\/a>, \u00e8 in aumento nei conflitti internazionali ma non ha praticamente conseguenze, ha detto Szijj\u00e1rt\u00f3.<\/p>\n<\/blockquote>\n<p>Gli autori del reato sono difficilmente chiamati a risponderne, il che li incoraggia a ripetere i loro crimini, ha aggiunto.<\/p>\n<p>Come l&#8217;Ungheria ha sofferto anche di tali atti durante il 20\u00b0 secolo, vuole chiarire che tutti i crimini contro l&#8217;umanit\u00e0 commessi durante i conflitti armati devono portare la punizione, ha detto Di conseguenza, il governo chiede un meccanismo legale internazionale stabile e forte per porre fine a \u201cla cultura della mancanza di punizione\u201d, ha aggiunto.<\/p>\n<blockquote>\n<p>Szijj\u00e1rt\u00f3 ha affermato che l&#8217;Ungheria collaborer\u00e0 strettamente con la Norvegia a questo scopo.<\/p>\n<\/blockquote>\n<p>Il governo norvegese sarebbe stato segnalato per sostenere la lotta contro la violenza sessuale commessa durante le crisi umanitarie con 100 milioni di euro.<\/p>\n<p>A margine della conferenza di Oslo, Szijj\u00e1rt\u00f3 ha tenuto colloqui bilaterali con la controparte norvegese Ine Eriksen Soreide e la controparte dello Sri Lanka Tilak Marapana.<\/p>\n","protected":false},"excerpt":{"rendered":"<p>L&#8217;Ungheria \u00e8 impegnata a porre fine alla pratica di \u201cinaccettabile e scandalosa\u201d di lasciare impunite le violenze sessuali commesse in tempo di guerra contro donne e ragazze, ha detto venerd\u00ec il ministro degli Esteri ungherese. Il governo ungherese conceder\u00e0 12 milioni di fiorini (36.800 euro) alla Croce Rossa Internazionale e alle organizzazioni per i diritti [&hellip;]<\/p>\n","protected":false},"author":33,"featured_media":694547,"comment_status":"open","ping_status":"open","sticky":false,"template":"","format":"standard","meta":{"_display_image":"","footnotes":""},"categories":[1185],"tags":[1385,1507,1154,1092,1069],"class_list":["post-694546","post","type-post","status-publish","format-standard","has-post-thumbnail","hentry","category-politica-in-ungheria","tag-bambini","tag-carita","tag-guerra","tag-ministero-degli-affari-esteri-dellungheria","tag-ungheria"],"blocksy_meta":[],"author_username":"ugyelet","telegram_post":"","public_post_metadata":{"breaking_news":"","important":"","csempe":"","center_tile":"","disable_thumbnail":"","target_lang":"","_featured_image_style":"","telegram_post":"","_xlat_group_id":""},"public_rank_math_data":{"title":"%titolo% %sep% %nomesito%","description":"","focus_keyword":"","canonical_url":"","robots":"","primary_category":"1185","breadcrumb_title":"","facebook_title":"","facebook_description":"","facebook_image":"","facebook_image_id":"","twitter_title":"","twitter_description":"","twitter_image":"","twitter_image_id":"","twitter_card_type":"","twitter_use_facebook":"","advanced_robots":"","pillar_content":"","seo_score":"","contentai_score":"","rich_snippet":""},"_links":{"self":[{"href":"https:\/\/dailynewshungary.com\/it\/wp-json\/wp\/v2\/posts\/694546","targetHints":{"allow":["GET"]}}],"collection":[{"href":"https:\/\/dailynewshungary.com\/it\/wp-json\/wp\/v2\/posts"}],"about":[{"href":"https:\/\/dailynewshungary.com\/it\/wp-json\/wp\/v2\/types\/post"}],"author":[{"embeddable":true,"href":"https:\/\/dailynewshungary.com\/it\/wp-json\/wp\/v2\/users\/33"}],"replies":[{"embeddable":true,"href":"https:\/\/dailynewshungary.com\/it\/wp-json\/wp\/v2\/comments?post=694546"}],"version-history":[{"count":0,"href":"https:\/\/dailynewshungary.com\/it\/wp-json\/wp\/v2\/posts\/694546\/revisions"}],"wp:featuredmedia":[{"embeddable":true,"href":"https:\/\/dailynewshungary.com\/it\/wp-json\/wp\/v2\/media\/694547"}],"wp:attachment":[{"href":"https:\/\/dailynewshungary.com\/it\/wp-json\/wp\/v2\/media?parent=694546"}],"wp:term":[{"taxonomy":"category","embeddable":true,"href":"https:\/\/dailynewshungary.com\/it\/wp-json\/wp\/v2\/categories?post=694546"},{"taxonomy":"post_tag","embeddable":true,"href":"https:\/\/dailynewshungary.com\/it\/wp-json\/wp\/v2\/tags?post=694546"}],"curies":[{"name":"wp","href":"https:\/\/api.w.org\/{rel}","templated":true}]}}