{"id":694787,"date":"2019-05-14T14:30:29","date_gmt":"2019-05-14T12:30:29","guid":{"rendered":"https:\/\/dailynewshungary.com\/it\/orban-rafforzata-lalleanza-strategica-ungheria-usa\/"},"modified":"2019-05-14T14:30:29","modified_gmt":"2019-05-14T12:30:29","slug":"orban-rafforzata-lalleanza-strategica-ungheria-usa","status":"publish","type":"post","link":"https:\/\/dailynewshungary.com\/it\/orban-rafforzata-lalleanza-strategica-ungheria-usa\/","title":{"rendered":"Orb\u00e1n: rafforzata l\u2019alleanza strategica Ungheria-USA"},"content":{"rendered":"<p><strong>L&#8217;alleanza strategica tra Ungheria e Stati Uniti \u00e8 stata rafforzata con successo sotto ogni aspetto, ha detto marted\u00ec il primo ministro Viktor Orb\u00e1n al ritorno da Washington, DC.<\/strong><\/p>\n<p>Commentando dopo il suo incontro con il presidente Donald Trump, ha detto Orb\u00e1n<\/p>\n<blockquote>\n<p>il mondo ha dovuto affrontare grandi cambiamenti e presto sentiremo i venti contrari di quella\u201d.<\/p>\n<\/blockquote>\n<p>Intervenendo in una conferenza stampa tenutasi su un argomento diverso ha aggiunto: \u201cAbbiamo fatto una buona valutazione della situazione all&#8217;inizio degli anni 2010.\u201d<\/p>\n<p>Commentando le prossime elezioni del Parlamento europeo, ha affermato che \u00e8 in gioco la preservazione della cultura ungherese.<\/p>\n<blockquote>\n<p>Attualmente l&#8217;Europa \u00e8 gestita da persone che si dedicano a rinunciare alla propria cultura\u201d e \u201cnon gli importa se il nostro continente rinuncia alla propria cultura\u201d,<\/p>\n<\/blockquote>\n<p>ha detto. Eppure, per gli ungheresi nulla \u00e8 pi\u00f9 importante che mantenere ci\u00f2 che siamo sempre stati una\u201d, ha detto Orb\u00e1n.<\/p>\n<p>\u201cEcco perch\u00e9 vogliamo inviare al Parlamento europeo rappresentanti che rappresenteranno l\u00ec gli interessi nazionali dell&#8217;Ungheria e non alcuni interessi di partito dell&#8217;uno o dell&#8217;altro gruppo di partito,\u201d <a href=\"https:\/\/dailynewshungary.com\/it\/la-grande-rapina-al-treno-britannico-come-una-banda-di-15-uomini-rubo-26-milioni-di-sterline-nel-1963\/\" target=\"_blank\" rel=\"noopener noreferrer\">Orb\u00e1n<\/a> detto.<\/p>\n<blockquote class=\"wp-embedded-content\" data-secret=\"8ir5dLxd9w\">\n<p><a href=\"https:\/\/dailynewshungary.com\/it\/trump-incontra-orban-alla-casa-bianca-foto-video\/\">Trump incontra Orb\u00e1n alla Casa Bianca FOTO, VIDEO<\/a><\/p>\n<\/blockquote>\n<p><iframe loading=\"lazy\" class=\"wp-embedded-content\" sandbox=\"allow-scripts\" security=\"restricted\" style=\"position: absolute; visibility: hidden;\" title=\"\u201cTrump meets Orb\u00e1n at White House \u2013 PHOTOS, VIDEO\u201d \u2014 DailyNewsHungary\" src=\"https:\/\/dailynewshungary.com\/it\/trump-incontra-orban-alla-casa-bianca-foto-video\/embed\/#?secret=i2PVcTe7TI#?secret=8ir5dLxd9w\" data-secret=\"8ir5dLxd9w\" width=\"600\" height=\"338\" frameborder=\"0\" marginwidth=\"0\" marginheight=\"0\" scrolling=\"no\"><\/iframe><\/p>\n","protected":false},"excerpt":{"rendered":"<p>L&#8217;alleanza strategica tra Ungheria e Stati Uniti \u00e8 stata rafforzata con successo sotto ogni aspetto, ha detto marted\u00ec il primo ministro Viktor Orb\u00e1n al ritorno da Washington, DC. Commentando dopo il suo incontro con il presidente Donald Trump, ha detto Orb\u00e1n il mondo ha dovuto affrontare grandi cambiamenti e presto sentiremo i venti contrari di [&hellip;]<\/p>\n","protected":false},"author":88,"featured_media":694788,"comment_status":"open","ping_status":"open","sticky":false,"template":"","format":"standard","meta":{"_display_image":"","footnotes":""},"categories":[1185],"tags":[1091,1970,1092,1111,1069,1083,1130],"class_list":["post-694787","post","type-post","status-publish","format-standard","has-post-thumbnail","hentry","category-politica-in-ungheria","tag-diplomazia","tag-elezioni-ep-del-2019","tag-ministero-degli-affari-esteri-dellungheria","tag-stati-uniti","tag-ungheria","tag-viktor-orban","tag-visita"],"blocksy_meta":[],"author_username":"alpar.kato","telegram_post":"","public_post_metadata":{"breaking_news":"","important":"","csempe":"","center_tile":"","disable_thumbnail":"","target_lang":"","_featured_image_style":"","telegram_post":"","_xlat_group_id":""},"public_rank_math_data":{"title":"%titolo% %sep% %nomesito%","description":"","focus_keyword":"","canonical_url":"","robots":"","primary_category":"1185","breadcrumb_title":"","facebook_title":"","facebook_description":"","facebook_image":"","facebook_image_id":"","twitter_title":"","twitter_description":"","twitter_image":"","twitter_image_id":"","twitter_card_type":"","twitter_use_facebook":"","advanced_robots":"","pillar_content":"","seo_score":"","contentai_score":"","rich_snippet":""},"_links":{"self":[{"href":"https:\/\/dailynewshungary.com\/it\/wp-json\/wp\/v2\/posts\/694787","targetHints":{"allow":["GET"]}}],"collection":[{"href":"https:\/\/dailynewshungary.com\/it\/wp-json\/wp\/v2\/posts"}],"about":[{"href":"https:\/\/dailynewshungary.com\/it\/wp-json\/wp\/v2\/types\/post"}],"author":[{"embeddable":true,"href":"https:\/\/dailynewshungary.com\/it\/wp-json\/wp\/v2\/users\/88"}],"replies":[{"embeddable":true,"href":"https:\/\/dailynewshungary.com\/it\/wp-json\/wp\/v2\/comments?post=694787"}],"version-history":[{"count":0,"href":"https:\/\/dailynewshungary.com\/it\/wp-json\/wp\/v2\/posts\/694787\/revisions"}],"wp:featuredmedia":[{"embeddable":true,"href":"https:\/\/dailynewshungary.com\/it\/wp-json\/wp\/v2\/media\/694788"}],"wp:attachment":[{"href":"https:\/\/dailynewshungary.com\/it\/wp-json\/wp\/v2\/media?parent=694787"}],"wp:term":[{"taxonomy":"category","embeddable":true,"href":"https:\/\/dailynewshungary.com\/it\/wp-json\/wp\/v2\/categories?post=694787"},{"taxonomy":"post_tag","embeddable":true,"href":"https:\/\/dailynewshungary.com\/it\/wp-json\/wp\/v2\/tags?post=694787"}],"curies":[{"name":"wp","href":"https:\/\/api.w.org\/{rel}","templated":true}]}}