{"id":694826,"date":"2019-05-13T09:30:49","date_gmt":"2019-05-13T07:30:49","guid":{"rendered":"https:\/\/dailynewshungary.com\/it\/gabinetto-orban-la-commissione-europea-respinge-il-sussidio-prenatale\/"},"modified":"2019-05-13T09:30:49","modified_gmt":"2019-05-13T07:30:49","slug":"gabinetto-orban-la-commissione-europea-respinge-il-sussidio-prenatale","status":"publish","type":"post","link":"https:\/\/dailynewshungary.com\/it\/gabinetto-orban-la-commissione-europea-respinge-il-sussidio-prenatale\/","title":{"rendered":"Gabinetto Orb\u00e1n: la Commissione europea respinge il sussidio prenatale"},"content":{"rendered":"<p><strong>La Commissione europea, dopo aver criticato i sussidi prenatali del governo ungherese, ha deciso di respingere il progetto, ha detto domenica il portavoce del governo.<\/strong><\/p>\n<p>Ogni volta che il governo si prepara a introdurre un sussidio come il sostegno prenatale, consulta sempre il <a href=\"https:\/\/dailynewshungary.com\/it\/la-grande-rapina-al-treno-britannico-come-una-banda-di-15-uomini-rubo-26-milioni-di-sterline-nel-1963\/\" target=\"_blank\" rel=\"noopener noreferrer\">Commissione europea<\/a> in anticipo, ha detto Istv\u00e1n Hollik ai giornalisti. La ragione di ci\u00f2, ha detto, \u00e8 che con il pagamento dei sussidi effettuato attraverso le banche, il sussidio potrebbe essere visto come un sussidio rivolto alle banche.<\/p>\n<blockquote>\n<p>Hollik ha affermato che le affermazioni secondo cui la CE non aveva problemi con il sussidio prenatale erano \u201cunfondate\u201d, sostenendo che le consultazioni preliminari si erano svolte con il dipartimento della concorrenza della CE.<\/p>\n<\/blockquote>\n<p>Ha detto che il governo ha anche tenuto consultazioni con la CE prima dell&#8217;introduzione <a href=\"https:\/\/dailynewshungary.com\/it\/la-grande-rapina-al-treno-britannico-come-una-banda-di-15-uomini-rubo-26-milioni-di-sterline-nel-1963\/\" target=\"_blank\" rel=\"noopener noreferrer\">il programma di sussidi per l&#8217;alloggio della CSOK<\/a>, che l&#8217;organismo alla fine ha approvato.<\/p>\n<p>Hollik ha detto che l&#8217;unica ragione per cui la commissione non aveva ancora avviato un&#8217;indagine sul sussidio era che poteva farlo solo una volta entrato in vigore.<\/p>\n<p>Ha detto che i verbali delle consultazioni con il dipartimento della concorrenza dimostrano che la CE ha sollevato preoccupazioni riguardo al sussidio, aggiungendo che, se necessario, il governo li rilascer\u00e0 al pubblico.<\/p>\n<p>Il governo \u00e8 impegnato a lanciare il sostegno il 1\u00b0 luglio, ha aggiunto.<\/p>\n<blockquote>\n<p>Domenica scorsa, la CE ha dichiarato di non aver n\u00e9 contestato n\u00e9 indagato sul progetto.<\/p>\n<\/blockquote>\n<blockquote class=\"wp-embedded-content\" data-secret=\"VWFlfFn16u\">\n<p><a href=\"https:\/\/dailynewshungary.com\/it\/due-terzi-sostengono-il-programma-di-sostegno-familiare-del-primo-ministro-orban-survey-2019\/\">Due terzi sostengono il programma di sostegno familiare del Primo Ministro Orb\u00e1n Survey (2019)<\/a><\/p>\n<\/blockquote>\n<p><iframe loading=\"lazy\" class=\"wp-embedded-content\" sandbox=\"allow-scripts\" security=\"restricted\" style=\"position: absolute; visibility: hidden;\" title=\"\u201cTwo-thirds back PM Orb\u00e1n\u2019s family support scheme \u2013 Survey\u201d \u2014 DailyNewsHungary\" src=\"https:\/\/dailynewshungary.com\/it\/due-terzi-sostengono-il-programma-di-sostegno-familiare-del-primo-ministro-orban-survey-2019\/embed\/#?secret=MLa616hPez#?secret=VWFlfFn16u\" data-secret=\"VWFlfFn16u\" width=\"600\" height=\"338\" frameborder=\"0\" marginwidth=\"0\" marginheight=\"0\" scrolling=\"no\"><\/iframe><\/p>\n","protected":false},"excerpt":{"rendered":"<p>La Commissione europea, dopo aver criticato i sussidi prenatali del governo ungherese, ha deciso di respingere il progetto, ha detto domenica il portavoce del governo. Ogni volta che il governo si prepara a introdurre un sussidio come il sostegno prenatale, consulta sempre il Commissione europea in anticipo, ha detto Istv\u00e1n Hollik ai giornalisti. La ragione [&hellip;]<\/p>\n","protected":false},"author":88,"featured_media":694827,"comment_status":"open","ping_status":"open","sticky":false,"template":"","format":"standard","meta":{"_display_image":"","footnotes":""},"categories":[1185],"tags":[1069],"class_list":["post-694826","post","type-post","status-publish","format-standard","has-post-thumbnail","hentry","category-politica-in-ungheria","tag-ungheria"],"blocksy_meta":[],"author_username":"alpar.kato","telegram_post":"","public_post_metadata":{"breaking_news":"","important":"","csempe":"","center_tile":"","disable_thumbnail":"","target_lang":"","_featured_image_style":"","telegram_post":"","_xlat_group_id":""},"public_rank_math_data":{"title":"%titolo% %sep% %nomesito%","description":"","focus_keyword":"","canonical_url":"","robots":"","primary_category":"1185","breadcrumb_title":"","facebook_title":"","facebook_description":"","facebook_image":"","facebook_image_id":"","twitter_title":"","twitter_description":"","twitter_image":"","twitter_image_id":"","twitter_card_type":"","twitter_use_facebook":"","advanced_robots":"","pillar_content":"","seo_score":"","contentai_score":"","rich_snippet":""},"_links":{"self":[{"href":"https:\/\/dailynewshungary.com\/it\/wp-json\/wp\/v2\/posts\/694826","targetHints":{"allow":["GET"]}}],"collection":[{"href":"https:\/\/dailynewshungary.com\/it\/wp-json\/wp\/v2\/posts"}],"about":[{"href":"https:\/\/dailynewshungary.com\/it\/wp-json\/wp\/v2\/types\/post"}],"author":[{"embeddable":true,"href":"https:\/\/dailynewshungary.com\/it\/wp-json\/wp\/v2\/users\/88"}],"replies":[{"embeddable":true,"href":"https:\/\/dailynewshungary.com\/it\/wp-json\/wp\/v2\/comments?post=694826"}],"version-history":[{"count":0,"href":"https:\/\/dailynewshungary.com\/it\/wp-json\/wp\/v2\/posts\/694826\/revisions"}],"wp:featuredmedia":[{"embeddable":true,"href":"https:\/\/dailynewshungary.com\/it\/wp-json\/wp\/v2\/media\/694827"}],"wp:attachment":[{"href":"https:\/\/dailynewshungary.com\/it\/wp-json\/wp\/v2\/media?parent=694826"}],"wp:term":[{"taxonomy":"category","embeddable":true,"href":"https:\/\/dailynewshungary.com\/it\/wp-json\/wp\/v2\/categories?post=694826"},{"taxonomy":"post_tag","embeddable":true,"href":"https:\/\/dailynewshungary.com\/it\/wp-json\/wp\/v2\/tags?post=694826"}],"curies":[{"name":"wp","href":"https:\/\/api.w.org\/{rel}","templated":true}]}}