{"id":694895,"date":"2019-05-10T14:00:00","date_gmt":"2019-05-10T12:00:00","guid":{"rendered":"https:\/\/dailynewshungary.com\/it\/elezioni-del-parlamento-europeo-i-cittadini-di-timban-devono-assumersi-la-responsabilita-della-migrazione\/"},"modified":"2019-05-10T14:00:00","modified_gmt":"2019-05-10T12:00:00","slug":"elezioni-del-parlamento-europeo-i-cittadini-di-timban-devono-assumersi-la-responsabilita-della-migrazione","status":"publish","type":"post","link":"https:\/\/dailynewshungary.com\/it\/elezioni-del-parlamento-europeo-i-cittadini-di-timban-devono-assumersi-la-responsabilita-della-migrazione\/","title":{"rendered":"Elezioni del Parlamento europeo: i cittadini di TimB\u00e1n devono assumersi la responsabilit\u00e0 della migrazione"},"content":{"rendered":"<p><strong>Il primo vicepresidente della Commissione europea Frans Timmermans deve assumersi la responsabilit\u00e0 dell&#8217;afflusso di oltre 1,5 milioni di migranti illegali in Europa negli ultimi anni, ha detto venerd\u00ec il ministro degli Esteri.<\/strong><\/p>\n<p><a href=\"https:\/\/dailynewshungary.com\/?s=timmermans\" target=\"_blank\" rel=\"noopener noreferrer\">Timmermans<\/a>(, un politico socialista, \u00e8 personalmente responsabile della pessima performance della CE negli ultimi cinque anni, ha detto P\u00e9ter Szijj\u00e1rto alla radio pubblica Kossuth.<\/p>\n<p>Il vicepresidente della CE \u00e8 anche responsabile del continuo declino della competitivit\u00e0 dell&#8217;Europa e del deterioramento della situazione della sicurezza nel continente, ha detto il ministro.<\/p>\n<p>In connessione con l&#8217;imminente <a href=\"https:\/\/dailynewshungary.com\/it\/la-grande-rapina-al-treno-britannico-come-una-banda-di-15-uomini-rubo-26-milioni-di-sterline-nel-1963\/\" target=\"_blank\" rel=\"noopener noreferrer\">Elezioni parlamentari europee,<\/a> Szijj\u00e1rt\u00f3 ha detto<\/p>\n<blockquote>\n<p>tutti i migliori candidati dei vari gruppi di partiti europei non erano idonei a guidare un\u2019istituzione europea.<\/p>\n<\/blockquote>\n<p>In un&#8217;intervista separata, Szijj\u00e1rt\u00f3 ha dichiarato al canale di notizie pubbliche M1 che l&#8217;incontro del presidente degli Stati Uniti Donald Trump e del primo ministro ungherese Viktor Orban il 13 maggio sarebbe servito come un&#8217;eccellente opportunit\u00e0 per i due leader di coordinare le loro posizioni nelle principali organizzazioni internazionali sulla migrazione.<\/p>\n<blockquote>\n<p>Gli Stati Uniti e l&#8217;Ungheria sono tra i sei paesi che hanno respinto il Global Compact delle Nazioni Unite sulla migrazione, ha detto il ministro.<\/p>\n<\/blockquote>\n<p>In relazione ai colloqui con Ernesto Araujo, il suo omologo brasiliano, a Budapest il giorno precedente, Szijj\u00e1rt\u00f3 ha detto che il presidente brasiliano Jair Bolsonaro ha accettato l&#8217;invito di Viktor Orb\u00e1n a visitare l&#8217;Ungheria.<\/p>\n<p>Come abbiamo scritto a febbraio, Frans Timmermans, rivolgendosi a un congresso del Partito socialista ungherese a Budapest, ha chiesto salari equi nell\u2019Unione europea e colmare il divario salariale tra donne e uomini. <a href=\"https:\/\/dailynewshungary.com\/it\/timmermans-chiede-salari-equi-nellue-al-congresso-socialista-ungherese\/\" target=\"_blank\" rel=\"noopener noreferrer\">Leggi di pi\u00f9 qui<\/a>.<\/p>\n<p><em>Foto: facebook.com\/frans.timmermans<\/em><\/p>\n","protected":false},"excerpt":{"rendered":"<p>Il primo vicepresidente della Commissione europea Frans Timmermans deve assumersi la responsabilit\u00e0 dell&#8217;afflusso di oltre 1,5 milioni di migranti illegali in Europa negli ultimi anni, ha detto venerd\u00ec il ministro degli Esteri. Timmermans(, un politico socialista, \u00e8 personalmente responsabile della pessima performance della CE negli ultimi cinque anni, ha detto P\u00e9ter Szijj\u00e1rto alla radio pubblica [&hellip;]<\/p>\n","protected":false},"author":2,"featured_media":694896,"comment_status":"open","ping_status":"open","sticky":false,"template":"","format":"standard","meta":{"_display_image":"","footnotes":""},"categories":[1185],"tags":[1953,1092,1548,1069,1075],"class_list":["post-694895","post","type-post","status-publish","format-standard","has-post-thumbnail","hentry","category-politica-in-ungheria","tag-elezioni-ep-2019","tag-ministero-degli-affari-esteri-dellungheria","tag-socialisti","tag-ungheria","tag-unione-europea"],"blocksy_meta":[],"author_username":"alk","telegram_post":"","public_post_metadata":{"breaking_news":"","important":"","csempe":"","center_tile":"","disable_thumbnail":"","target_lang":"","_featured_image_style":"","telegram_post":"","_xlat_group_id":""},"public_rank_math_data":{"title":"%titolo% %sep% %nomesito%","description":"","focus_keyword":"","canonical_url":"","robots":"","primary_category":"1185","breadcrumb_title":"","facebook_title":"","facebook_description":"","facebook_image":"","facebook_image_id":"","twitter_title":"","twitter_description":"","twitter_image":"","twitter_image_id":"","twitter_card_type":"","twitter_use_facebook":"","advanced_robots":"","pillar_content":"","seo_score":"","contentai_score":"","rich_snippet":""},"_links":{"self":[{"href":"https:\/\/dailynewshungary.com\/it\/wp-json\/wp\/v2\/posts\/694895","targetHints":{"allow":["GET"]}}],"collection":[{"href":"https:\/\/dailynewshungary.com\/it\/wp-json\/wp\/v2\/posts"}],"about":[{"href":"https:\/\/dailynewshungary.com\/it\/wp-json\/wp\/v2\/types\/post"}],"author":[{"embeddable":true,"href":"https:\/\/dailynewshungary.com\/it\/wp-json\/wp\/v2\/users\/2"}],"replies":[{"embeddable":true,"href":"https:\/\/dailynewshungary.com\/it\/wp-json\/wp\/v2\/comments?post=694895"}],"version-history":[{"count":0,"href":"https:\/\/dailynewshungary.com\/it\/wp-json\/wp\/v2\/posts\/694895\/revisions"}],"wp:featuredmedia":[{"embeddable":true,"href":"https:\/\/dailynewshungary.com\/it\/wp-json\/wp\/v2\/media\/694896"}],"wp:attachment":[{"href":"https:\/\/dailynewshungary.com\/it\/wp-json\/wp\/v2\/media?parent=694895"}],"wp:term":[{"taxonomy":"category","embeddable":true,"href":"https:\/\/dailynewshungary.com\/it\/wp-json\/wp\/v2\/categories?post=694895"},{"taxonomy":"post_tag","embeddable":true,"href":"https:\/\/dailynewshungary.com\/it\/wp-json\/wp\/v2\/tags?post=694895"}],"curies":[{"name":"wp","href":"https:\/\/api.w.org\/{rel}","templated":true}]}}