{"id":694928,"date":"2019-05-09T12:30:11","date_gmt":"2019-05-09T10:30:11","guid":{"rendered":"https:\/\/dailynewshungary.com\/it\/ungheria-cpi-sale-a-39-pc-ad-aprile\/"},"modified":"2019-05-09T12:30:11","modified_gmt":"2019-05-09T10:30:11","slug":"ungheria-cpi-sale-a-39-pc-ad-aprile","status":"publish","type":"post","link":"https:\/\/dailynewshungary.com\/it\/ungheria-cpi-sale-a-39-pc-ad-aprile\/","title":{"rendered":"Ungheria CPI sale a 3,9 pc ad aprile"},"content":{"rendered":"<p><strong>Il tasso di inflazione dei prezzi al consumo in Ungheria \u00e8 accelerato al 3,9% ad aprile dal 3,7% del mese precedente, ha detto gioved\u00ec l\u2019Ufficio centrale di statistica (KSH).<\/strong><\/p>\n<blockquote>\n<p>In un confronto mensile, i prezzi sono aumentati dello 0,9% dopo un aumento dello 0,7% a marzo.<\/p>\n<\/blockquote>\n<p>La crescita dell\u2019inflazione core, che esclude la volatilit\u00e0 dei prezzi dei prodotti alimentari e dei carburanti, \u00e8 rimasta invariata al 3,8% destagionalizzato, il tasso di picco a pi\u00f9 di 6 anni raggiunto a marzo.<\/p>\n<blockquote>\n<p>L&#8217;inflazione complessiva sui dodici mesi \u00e8 stata la pi\u00f9 alta misurata dal dicembre 2012 e l&#8217;aumento su base mensile \u00e8 stato il pi\u00f9 marcato dal gennaio 2012.<\/p>\n<\/blockquote>\n<p>Valutando le prospettive di fissazione dei tassi il 30 aprile, il Consiglio monetario della Banca nazionale ungherese ha affermato che l\u2019inflazione \u201c si aggira attorno all\u2019obiettivo del 3% della banca centrale nei prossimi trimestri, mentre la misura dell\u2019inflazione core oscilla gli effetti dell\u2019inflazione core escludendo 2 l&#8217;indicatore dell&#8217;inflazione sottostante indiretta dovrebbe continuare ad aumentare fino ai mesi autunnali e poi diminuire dalla fine del 19\u201d.<\/p>\n<p>Come abbiamo scritto prima di ieri, la Commissione europea ha alzato la sua proiezione per la crescita del PIL ungherese quest&#8217;anno al 3,7% dal 3,4% in una previsione trimestrale pubblicata <a href=\"https:\/\/dailynewshungary.com\/it\/commissione-europea-alza-le-previsioni-del-pil-dellungheria\/\" target=\"_blank\" rel=\"noopener noreferrer\">leggi di pi\u00f9 QUI<\/a>.<\/p>\n<hr>\n<h4 style=\"text-align: center;\"><a href=\"https:\/\/dailynewshungary.com\/it\/la-produzione-industriale-dellungheria-e-aumentata-di-8-pz-a-marzo\/\" target=\"_blank\" rel=\"noopener noreferrer\">PRODUZIONE INDUSTRIALE UNGHERESE IN AUMENTO DI 8 PC A MARZO<\/a><\/h4>\n","protected":false},"excerpt":{"rendered":"<p>Il tasso di inflazione dei prezzi al consumo in Ungheria \u00e8 accelerato al 3,9% ad aprile dal 3,7% del mese precedente, ha detto gioved\u00ec l\u2019Ufficio centrale di statistica (KSH). In un confronto mensile, i prezzi sono aumentati dello 0,9% dopo un aumento dello 0,7% a marzo. La crescita dell\u2019inflazione core, che esclude la volatilit\u00e0 dei [&hellip;]<\/p>\n","protected":false},"author":2,"featured_media":694929,"comment_status":"open","ping_status":"open","sticky":false,"template":"","format":"standard","meta":{"_display_image":"","footnotes":""},"categories":[1314],"tags":[1132,1069],"class_list":["post-694928","post","type-post","status-publish","format-standard","has-post-thumbnail","hentry","category-economia-in-ungheria","tag-economia","tag-ungheria"],"blocksy_meta":[],"author_username":"alk","telegram_post":"","public_post_metadata":{"breaking_news":"","important":"","csempe":"","center_tile":"","disable_thumbnail":"","target_lang":"","_featured_image_style":"","telegram_post":"","_xlat_group_id":""},"public_rank_math_data":{"title":"%titolo% %sep% %nomesito%","description":"","focus_keyword":"","canonical_url":"","robots":"","primary_category":"1314","breadcrumb_title":"","facebook_title":"","facebook_description":"","facebook_image":"","facebook_image_id":"","twitter_title":"","twitter_description":"","twitter_image":"","twitter_image_id":"","twitter_card_type":"","twitter_use_facebook":"","advanced_robots":"","pillar_content":"","seo_score":"","contentai_score":"","rich_snippet":""},"_links":{"self":[{"href":"https:\/\/dailynewshungary.com\/it\/wp-json\/wp\/v2\/posts\/694928","targetHints":{"allow":["GET"]}}],"collection":[{"href":"https:\/\/dailynewshungary.com\/it\/wp-json\/wp\/v2\/posts"}],"about":[{"href":"https:\/\/dailynewshungary.com\/it\/wp-json\/wp\/v2\/types\/post"}],"author":[{"embeddable":true,"href":"https:\/\/dailynewshungary.com\/it\/wp-json\/wp\/v2\/users\/2"}],"replies":[{"embeddable":true,"href":"https:\/\/dailynewshungary.com\/it\/wp-json\/wp\/v2\/comments?post=694928"}],"version-history":[{"count":0,"href":"https:\/\/dailynewshungary.com\/it\/wp-json\/wp\/v2\/posts\/694928\/revisions"}],"wp:featuredmedia":[{"embeddable":true,"href":"https:\/\/dailynewshungary.com\/it\/wp-json\/wp\/v2\/media\/694929"}],"wp:attachment":[{"href":"https:\/\/dailynewshungary.com\/it\/wp-json\/wp\/v2\/media?parent=694928"}],"wp:term":[{"taxonomy":"category","embeddable":true,"href":"https:\/\/dailynewshungary.com\/it\/wp-json\/wp\/v2\/categories?post=694928"},{"taxonomy":"post_tag","embeddable":true,"href":"https:\/\/dailynewshungary.com\/it\/wp-json\/wp\/v2\/tags?post=694928"}],"curies":[{"name":"wp","href":"https:\/\/api.w.org\/{rel}","templated":true}]}}