{"id":695426,"date":"2019-04-18T11:30:04","date_gmt":"2019-04-18T09:30:04","guid":{"rendered":"https:\/\/dailynewshungary.com\/it\/il-presidente-nomina-vice-governatore-della-banca-nazionale-ungherese\/"},"modified":"2019-04-18T11:30:04","modified_gmt":"2019-04-18T09:30:04","slug":"il-presidente-nomina-vice-governatore-della-banca-nazionale-ungherese","status":"publish","type":"post","link":"https:\/\/dailynewshungary.com\/it\/il-presidente-nomina-vice-governatore-della-banca-nazionale-ungherese\/","title":{"rendered":"Il presidente nomina vice governatore della Banca nazionale ungherese"},"content":{"rendered":"<p><strong>Mercoled\u00ec il presidente J\u00e1nos \u00c1der ha nominato Mih\u00e1ly Patai vice governatore della Banca nazionale ungherese (NBH).<\/strong><\/p>\n<p>Bertalan Havasi, vice segretario di Stato presso l&#8217;ufficio del primo ministro, ha dichiarato il mese scorso che il primo ministro Viktor Orb\u00e1n raccomander\u00e0 a Patai di sostituirlo <a href=\"https:\/\/dailynewshungary.com\/it\/la-grande-rapina-al-treno-britannico-come-una-banda-di-15-uomini-rubo-26-milioni-di-sterline-nel-1963\/\" target=\"_blank\" rel=\"noopener noreferrer\">Banca nazionale d&#8217;Ungheria<\/a> il vice governatore Ferenc Gerhardt. Il mandato di sei anni di Gerhardt termina il 21 aprile.<\/p>\n<blockquote>\n<p>La commissione economica del Parlamento ha approvato la nomina di Patai da parte del primo ministro alla fine di marzo.<\/p>\n<\/blockquote>\n<p>Nella sua audizione davanti alla commissione, Patai ha affermato che il tasso base dello 0,9% della banca centrale potrebbe essere mantenuto nel prossimo periodo. La crescita economica dell\u2019Ungheria \u00e8 sostenibile nei prossimi 2-3 anni, nonostante un rallentamento dell\u2019Unione Europea e dell\u2019economia globale, ha aggiunto.<\/p>\n<blockquote>\n<p>Patai \u00e8 il presidente dell&#8217;Associazione bancaria ungherese ed \u00e8 stato presidente e amministratore delegato di UniCredit Bank Hungary, uno dei maggiori finanziatori commerciali ungheresi.<\/p>\n<\/blockquote>\n<p>Come abbiamo scritto a marzo, il presidente \u00c1der ha riconfermato Gy\u00f6rgy Matolcsy governatore della Banca nazionale ungherese per un altro mandato <a href=\"https:\/\/dailynewshungary.com\/it\/matolcsy-e-stato-riconfermato-governatore-della-banca-nazionale-ungherese\/\" target=\"_blank\" rel=\"noopener noreferrer\">leggi maggiori dettagli QUI<\/a>.<\/p>\n","protected":false},"excerpt":{"rendered":"<p>Mercoled\u00ec il presidente J\u00e1nos \u00c1der ha nominato Mih\u00e1ly Patai vice governatore della Banca nazionale ungherese (NBH). Bertalan Havasi, vice segretario di Stato presso l&#8217;ufficio del primo ministro, ha dichiarato il mese scorso che il primo ministro Viktor Orb\u00e1n raccomander\u00e0 a Patai di sostituirlo Banca nazionale d&#8217;Ungheria il vice governatore Ferenc Gerhardt. Il mandato di sei [&hellip;]<\/p>\n","protected":false},"author":2,"featured_media":695427,"comment_status":"open","ping_status":"open","sticky":false,"template":"","format":"standard","meta":{"_display_image":"","footnotes":""},"categories":[1314],"tags":[1343,1132,1247,1341,1069],"class_list":["post-695426","post","type-post","status-publish","format-standard","has-post-thumbnail","hentry","category-economia-in-ungheria","tag-banca-nazionale-dellungheria","tag-economia","tag-parlamento","tag-presidente-dellungheria","tag-ungheria"],"blocksy_meta":[],"author_username":"alk","telegram_post":"","public_post_metadata":{"breaking_news":"","important":"","csempe":"","center_tile":"","disable_thumbnail":"","target_lang":"","_featured_image_style":"","telegram_post":"","_xlat_group_id":""},"public_rank_math_data":{"title":"%titolo% %sep% %nomesito%","description":"","focus_keyword":"","canonical_url":"","robots":"","primary_category":"1314","breadcrumb_title":"","facebook_title":"","facebook_description":"","facebook_image":"","facebook_image_id":"","twitter_title":"","twitter_description":"","twitter_image":"","twitter_image_id":"","twitter_card_type":"","twitter_use_facebook":"","advanced_robots":"","pillar_content":"","seo_score":"","contentai_score":"","rich_snippet":""},"_links":{"self":[{"href":"https:\/\/dailynewshungary.com\/it\/wp-json\/wp\/v2\/posts\/695426","targetHints":{"allow":["GET"]}}],"collection":[{"href":"https:\/\/dailynewshungary.com\/it\/wp-json\/wp\/v2\/posts"}],"about":[{"href":"https:\/\/dailynewshungary.com\/it\/wp-json\/wp\/v2\/types\/post"}],"author":[{"embeddable":true,"href":"https:\/\/dailynewshungary.com\/it\/wp-json\/wp\/v2\/users\/2"}],"replies":[{"embeddable":true,"href":"https:\/\/dailynewshungary.com\/it\/wp-json\/wp\/v2\/comments?post=695426"}],"version-history":[{"count":0,"href":"https:\/\/dailynewshungary.com\/it\/wp-json\/wp\/v2\/posts\/695426\/revisions"}],"wp:featuredmedia":[{"embeddable":true,"href":"https:\/\/dailynewshungary.com\/it\/wp-json\/wp\/v2\/media\/695427"}],"wp:attachment":[{"href":"https:\/\/dailynewshungary.com\/it\/wp-json\/wp\/v2\/media?parent=695426"}],"wp:term":[{"taxonomy":"category","embeddable":true,"href":"https:\/\/dailynewshungary.com\/it\/wp-json\/wp\/v2\/categories?post=695426"},{"taxonomy":"post_tag","embeddable":true,"href":"https:\/\/dailynewshungary.com\/it\/wp-json\/wp\/v2\/tags?post=695426"}],"curies":[{"name":"wp","href":"https:\/\/api.w.org\/{rel}","templated":true}]}}