{"id":696189,"date":"2019-03-19T15:30:40","date_gmt":"2019-03-19T14:30:40","guid":{"rendered":"https:\/\/dailynewshungary.com\/it\/il-primo-ministro-orban-incontra-la-delegazione-del-congresso-degli-stati-uniti-update\/"},"modified":"2019-03-19T15:30:40","modified_gmt":"2019-03-19T14:30:40","slug":"il-primo-ministro-orban-incontra-la-delegazione-del-congresso-degli-stati-uniti-update","status":"publish","type":"post","link":"https:\/\/dailynewshungary.com\/it\/il-primo-ministro-orban-incontra-la-delegazione-del-congresso-degli-stati-uniti-update\/","title":{"rendered":"Il Primo Ministro Orb\u00e1n incontra la delegazione del Congresso degli Stati Uniti (UPDATE)"},"content":{"rendered":"<p><strong>Marted\u00ec il primo ministro Viktor Orb\u00e1n ha avuto colloqui con i membri del Congresso americano a Budapest.<\/strong><\/p>\n<p>La delegazione comprendeva i senatori John Barrasso, Mike Crapo, John Kennedy, il deputato Russell Fulcher e la deputata Debbie Wasserman Schultz, ha detto al MTI il capo della stampa di Orban.<\/p>\n<p>Le parti coinvolte nei colloqui hanno discusso dell&#8217;attuale politica di sicurezza bilaterale e della cooperazione economica, nonch\u00e9 delle questioni relative all&#8217;approvvigionamento energetico in Ungheria e nell&#8217;Europa centrale, ha detto Bertalan Havasi a MTI.<\/p>\n<p>Le parti hanno concluso che i legami economici e di difesa bilaterali sono stati eccellenti e che le relazioni politiche dei due paesi sono notevolmente migliorate di recente.<\/p>\n<p>Il ministro delle Finanze Mih\u00e1ly Varga ha poi incontrato il senatore Crapo, con il quale ha discusso dei legami economici bilaterali.<\/p>\n<p>In una dichiarazione, il Ministero delle Finanze ha citato Varga che durante l&#8217;incontro ha affermato che i legami bilaterali potrebbero ricevere un impulso dalle somiglianze nelle posizioni dei governi dei due paesi in settori come la politica fiscale, il sostegno familiare o l&#8217;immigrazione.<\/p>\n<p>La politica economica dell&#8217;Ungheria favorevole agli investitori e alle imprese si riflette nelle relazioni tra i due paesi, ha affermato Varga.<\/p>\n<blockquote>\n<p>Gli Stati Uniti sono il partner commerciale numero uno dell&#8217;Ungheria al di fuori dell&#8217;Unione Europea, ha detto, sottolineando che il volume delle esportazioni ungheresi verso gli Stati Uniti lo scorso anno \u00e8 aumentato del 10% a 3,5 miliardi di dollari.<\/p>\n<\/blockquote>\n<p>Il ministro ha affermato che gli USA potrebbero continuare a considerare l&#8217;Ungheria come un partner affidabile, sostenendo che il miglioramento della performance economica del paese, gli indicatori macroeconomici stabili, la forza lavoro qualificata e il calo degli oneri fiscali continuerebbero ad attrarre investimenti.<\/p>\n<p>Le aziende americane costituiscono una delle comunit\u00e0 di investitori pi\u00f9 significative in Ungheria, ha affermato Varga, sottolineandolo<\/p>\n<blockquote>\n<p>le 1.700 aziende statunitensi che operano nel paese impiegano pi\u00f9 di 100.000 persone.<\/p>\n<\/blockquote>\n<p>Come abbiamo scritto a febbraio, il segretario di Stato americano Mike Pompeo ha visitato l&#8217;Ungheria e ha affermato che gli Stati Uniti miravano ad approfondire le relazioni con l&#8217;Ungheria. <a href=\"https:\/\/dailynewshungary.com\/it\/pompeo-usa-punta-ad-approfondire-le-relazioni-con-ungheria\/\" target=\"_blank\" rel=\"noopener noreferrer\">Leggi maggiori dettagli QUI<\/a>.<\/p>\n<hr>\n<h4>FOX NEWS ELOGIA LA POLITICA DEL GOVERNO PRO-FAMIGLIA UNGHERESE <a href=\"https:\/\/dailynewshungary.com\/it\/fox-news-elogia-la-politica-del-governo-ungherese-a-favore-della-famiglia-video\/\" target=\"_blank\" rel=\"noopener noreferrer\">VIDEO QUI!<\/a><\/h4>\n","protected":false},"excerpt":{"rendered":"<p>Marted\u00ec il primo ministro Viktor Orb\u00e1n ha avuto colloqui con i membri del Congresso americano a Budapest. La delegazione comprendeva i senatori John Barrasso, Mike Crapo, John Kennedy, il deputato Russell Fulcher e la deputata Debbie Wasserman Schultz, ha detto al MTI il capo della stampa di Orban. Le parti coinvolte nei colloqui hanno discusso [&hellip;]<\/p>\n","protected":false},"author":2,"featured_media":696190,"comment_status":"open","ping_status":"open","sticky":false,"template":"","format":"standard","meta":{"_display_image":"","footnotes":""},"categories":[1185],"tags":[1132,1111,1069],"class_list":["post-696189","post","type-post","status-publish","format-standard","has-post-thumbnail","hentry","category-politica-in-ungheria","tag-economia","tag-stati-uniti","tag-ungheria"],"blocksy_meta":[],"author_username":"alk","telegram_post":"","public_post_metadata":{"breaking_news":"","important":"","csempe":"","center_tile":"","disable_thumbnail":"","target_lang":"","_featured_image_style":"","telegram_post":"","_xlat_group_id":""},"public_rank_math_data":{"title":"%titolo% %sep% %nomesito%","description":"","focus_keyword":"","canonical_url":"","robots":"","primary_category":"1185","breadcrumb_title":"","facebook_title":"","facebook_description":"","facebook_image":"","facebook_image_id":"","twitter_title":"","twitter_description":"","twitter_image":"","twitter_image_id":"","twitter_card_type":"","twitter_use_facebook":"","advanced_robots":"","pillar_content":"","seo_score":"","contentai_score":"","rich_snippet":""},"_links":{"self":[{"href":"https:\/\/dailynewshungary.com\/it\/wp-json\/wp\/v2\/posts\/696189","targetHints":{"allow":["GET"]}}],"collection":[{"href":"https:\/\/dailynewshungary.com\/it\/wp-json\/wp\/v2\/posts"}],"about":[{"href":"https:\/\/dailynewshungary.com\/it\/wp-json\/wp\/v2\/types\/post"}],"author":[{"embeddable":true,"href":"https:\/\/dailynewshungary.com\/it\/wp-json\/wp\/v2\/users\/2"}],"replies":[{"embeddable":true,"href":"https:\/\/dailynewshungary.com\/it\/wp-json\/wp\/v2\/comments?post=696189"}],"version-history":[{"count":0,"href":"https:\/\/dailynewshungary.com\/it\/wp-json\/wp\/v2\/posts\/696189\/revisions"}],"wp:featuredmedia":[{"embeddable":true,"href":"https:\/\/dailynewshungary.com\/it\/wp-json\/wp\/v2\/media\/696190"}],"wp:attachment":[{"href":"https:\/\/dailynewshungary.com\/it\/wp-json\/wp\/v2\/media?parent=696189"}],"wp:term":[{"taxonomy":"category","embeddable":true,"href":"https:\/\/dailynewshungary.com\/it\/wp-json\/wp\/v2\/categories?post=696189"},{"taxonomy":"post_tag","embeddable":true,"href":"https:\/\/dailynewshungary.com\/it\/wp-json\/wp\/v2\/tags?post=696189"}],"curies":[{"name":"wp","href":"https:\/\/api.w.org\/{rel}","templated":true}]}}