{"id":696745,"date":"2019-02-25T08:30:00","date_gmt":"2019-02-25T07:30:00","guid":{"rendered":"https:\/\/dailynewshungary.com\/it\/solo-lufficio-di-orban-ad-avere-luci-decorative-dopo-mezzanotte-loscurita-cade-su-tutto-il-resto-a-budapest\/"},"modified":"2019-02-25T08:30:00","modified_gmt":"2019-02-25T07:30:00","slug":"solo-lufficio-di-orban-ad-avere-luci-decorative-dopo-mezzanotte-loscurita-cade-su-tutto-il-resto-a-budapest","status":"publish","type":"post","link":"https:\/\/dailynewshungary.com\/it\/solo-lufficio-di-orban-ad-avere-luci-decorative-dopo-mezzanotte-loscurita-cade-su-tutto-il-resto-a-budapest\/","title":{"rendered":"Solo l\u2019ufficio di Orb\u00e1n ad avere luci decorative dopo mezzanotte, l\u2019oscurit\u00e0 cade su tutto il resto a Budapest"},"content":{"rendered":"<p><strong>Secondo una nuova decisione, i riflettori verranno spenti dopo mezzanotte in diversi luoghi importanti e popolari di Budapest, come il Ponte delle Catene o il Castello di Buda, mentre l&#8217;ufficio di Viktor Orb\u00e1n e la residenza di J\u00e1nos \u00c1der saranno illuminati.<\/strong><\/p>\n<p><a href=\"https:\/\/rtl.hu\/rtlklub\/hirek\/budai-varnegyed-karmelita-kolostor-sandor-palota\" target=\"_blank\" rel=\"noopener noreferrer\">Notizie RTL Klub<\/a> riferisce che d&#8217;ora in poi, dopo mezzanotte, il ponte delle catene di Sz\u00e9chenyi e il castello di Buda cadranno entrambi nell&#8217;oscurit\u00e0 Saranno spogliati delle luci decorative, mentre il palazzo S\u00e1ndor (la residenza del presidente dell&#8217;Ungheria, J\u00e1nos \u00c1der) e il monastero carmelitano (il primo ministro, X) saranno spogliati di luci decorative <a href=\"https:\/\/dailynewshungary.com\/it\/la-grande-rapina-al-treno-britannico-come-una-banda-di-15-uomini-rubo-26-milioni-di-sterline-nel-1963\/\" target=\"_blank\" rel=\"noopener noreferrer\">Viktor Orb\u00e1n<\/a>L&#8217;ufficio di &#8216;s) rimarr\u00e0 entrambi illuminato dai riflettori Entrambi gli edifici sono proprio accanto al Castello di Buda.<\/p>\n<p>Il Palazzo S\u00e1ndor \u00e8 la residenza del rispettivo Presidente dell&#8217;Ungheria dal 2003, mentre <a href=\"https:\/\/dailynewshungary.com\/it\/gli-affreschi-barocchi-sono-rimasti-vittime-della-ristrutturazione-del-nuovo-ufficio-di-orban\/\" target=\"_blank\" rel=\"noopener noreferrer\">La decisione di Orb\u00e1n di spostare l&#8217;ufficio del primo ministro<\/a>&nbsp;dal Parlamento al monastero carmelitano \u00e8 venuto in gennaio.<\/p>\n<p>Puoi vedere il cambiamento nei primi 25 secondi di questo video:<\/p>\n<div style=\"width: 100%; height: 0px; position: relative; padding-bottom: 57%;\"><iframe style=\"width: 100%; height: 100%; position: absolute;\" src=\"https:\/\/rtl.hu\/embed\/1332731\" frameborder=\"0\" allowfullscreen=\"allowfullscreen\"><\/iframe><\/div>\n<p>RTL News ha chiesto informazioni sul motivo per cui non si spengono le luci di questi due particolari edifici da un portavoce del governo, Istv\u00e1n Hollik, ma<\/p>\n<blockquote>\n<p><span style=\"color: #008080;\">Hollik ha affermato chiaramente che il governo non \u00e8 responsabile di questa decisione Ha spostato la colpa dal governo alla societ\u00e0 responsabile dei proiettori a Budapest,<\/span><\/p>\n<\/blockquote>\n<p>il Decorativo e Illuminazione Pubblica BDK Budapest Kft., che stanno supervisionando le luci pubbliche a Budapest nel suo complesso, quindi sono davvero quelli che spengono letteralmente le luci sul <a href=\"https:\/\/dailynewshungary.com\/?s=chain+bridge\" target=\"_blank\" rel=\"noopener noreferrer\">Ponte delle Catene<\/a> e il <a href=\"https:\/\/dailynewshungary.com\/?s=buda+castle\" target=\"_blank\" rel=\"noopener noreferrer\">Castello di Buda<\/a>.<\/p>\n<p>RTL ha contattato BDK, ponendo la stessa domanda che \u00e8 stata rivolta a Hollik, ma il canale non ha ricevuto risposta Dopo questo, si sono rivolti all&#8217;Assemblea Generale di Budapest, che sono azionisti di BDK, ma sono rimasti a mani vuote ancora una volta.<\/p>\n<p>Il partito di opposizione MSZP ha criticato il governo per aver tentato invano di risparmiare denaro spegnendo le luci sui mirini principali.<\/p>\n<p><em>immagine in primo piano: https:\/\/rtl.hu<\/em><\/p>\n","protected":false},"excerpt":{"rendered":"<p>Secondo una nuova decisione, i riflettori verranno spenti dopo mezzanotte in diversi luoghi importanti e popolari di Budapest, come il Ponte delle Catene o il Castello di Buda, mentre l&#8217;ufficio di Viktor Orb\u00e1n e la residenza di J\u00e1nos \u00c1der saranno illuminati. Notizie RTL Klub riferisce che d&#8217;ora in poi, dopo mezzanotte, il ponte delle catene [&hellip;]<\/p>\n","protected":false},"author":13,"featured_media":696746,"comment_status":"open","ping_status":"open","sticky":false,"template":"","format":"standard","meta":{"_display_image":"","footnotes":""},"categories":[1207],"tags":[1158,1069],"class_list":["post-696745","post","type-post","status-publish","format-standard","has-post-thumbnail","hentry","category-societa-in-ungheria","tag-budapest","tag-ungheria"],"blocksy_meta":[],"author_username":"kovacszsoka","telegram_post":"","public_post_metadata":{"breaking_news":"","important":"","csempe":"","center_tile":"","disable_thumbnail":"","target_lang":"","_featured_image_style":"","telegram_post":"","_xlat_group_id":""},"public_rank_math_data":{"title":"%titolo% %sep% %nomesito%","description":"","focus_keyword":"","canonical_url":"","robots":"","primary_category":"1207","breadcrumb_title":"","facebook_title":"","facebook_description":"","facebook_image":"","facebook_image_id":"","twitter_title":"","twitter_description":"","twitter_image":"","twitter_image_id":"","twitter_card_type":"","twitter_use_facebook":"","advanced_robots":"","pillar_content":"","seo_score":"","contentai_score":"","rich_snippet":""},"_links":{"self":[{"href":"https:\/\/dailynewshungary.com\/it\/wp-json\/wp\/v2\/posts\/696745","targetHints":{"allow":["GET"]}}],"collection":[{"href":"https:\/\/dailynewshungary.com\/it\/wp-json\/wp\/v2\/posts"}],"about":[{"href":"https:\/\/dailynewshungary.com\/it\/wp-json\/wp\/v2\/types\/post"}],"author":[{"embeddable":true,"href":"https:\/\/dailynewshungary.com\/it\/wp-json\/wp\/v2\/users\/13"}],"replies":[{"embeddable":true,"href":"https:\/\/dailynewshungary.com\/it\/wp-json\/wp\/v2\/comments?post=696745"}],"version-history":[{"count":0,"href":"https:\/\/dailynewshungary.com\/it\/wp-json\/wp\/v2\/posts\/696745\/revisions"}],"wp:featuredmedia":[{"embeddable":true,"href":"https:\/\/dailynewshungary.com\/it\/wp-json\/wp\/v2\/media\/696746"}],"wp:attachment":[{"href":"https:\/\/dailynewshungary.com\/it\/wp-json\/wp\/v2\/media?parent=696745"}],"wp:term":[{"taxonomy":"category","embeddable":true,"href":"https:\/\/dailynewshungary.com\/it\/wp-json\/wp\/v2\/categories?post=696745"},{"taxonomy":"post_tag","embeddable":true,"href":"https:\/\/dailynewshungary.com\/it\/wp-json\/wp\/v2\/tags?post=696745"}],"curies":[{"name":"wp","href":"https:\/\/api.w.org\/{rel}","templated":true}]}}