{"id":696785,"date":"2019-02-22T19:15:23","date_gmt":"2019-02-22T18:15:23","guid":{"rendered":"https:\/\/dailynewshungary.com\/it\/la-guida-di-independent-per-sfruttare-al-meglio-il-tuo-viaggio-a-budapest-foto\/"},"modified":"2019-02-22T19:15:23","modified_gmt":"2019-02-22T18:15:23","slug":"la-guida-di-independent-per-sfruttare-al-meglio-il-tuo-viaggio-a-budapest-foto","status":"publish","type":"post","link":"https:\/\/dailynewshungary.com\/it\/la-guida-di-independent-per-sfruttare-al-meglio-il-tuo-viaggio-a-budapest-foto\/","title":{"rendered":"La guida di Independent per sfruttare al meglio il tuo viaggio a Budapest FOTO"},"content":{"rendered":"<p><strong>Ci\u00f2 che rende Budapest particolarmente affascinante \u00e8 la dualit\u00e0 e la diversit\u00e0 quando si tratta della sua personalit\u00e0: le due met\u00e0 rappresentano gi\u00e0 valori diversi (Buda \u00e8 l&#8217;incantatore romantico mentre Pest il vivace seduttore), con le varie attivit\u00e0, mercati e festival che sono la ciliegia in cima Tuttavia, non \u00e8 facile orientarsi tra le numerose cose da fare nella capitale ungherese.<\/strong><\/p>\n<p>Giornale online britannico <em>Indipendente<\/em> ha messo insieme una guida utile per il tuo (primo) viaggio a Budapest, tra cui luoghi da visitare, punti di apprendimento culturale, ristoranti, caffetterie e persino hotel.<\/p>\n<blockquote>\n<p><span style=\"color: #008080;\">Prima di uscire, si consiglia di acquistare una Budapest Card, che copre i trasporti pubblici, 17 musei e due tour a piedi.<\/span><\/p>\n<\/blockquote>\n<h2>Cosa fare<\/h2>\n<p>Dovresti iniziare a scoprire Budapest con il quartiere dei castelli, sia salendo sulla collina, in sella alla funicolare o semplicemente prendendo un autobus. Le strade acciottolate e le colorate strade strette sono affascinanti dentro e fuori di s\u00e9, e con l&#8217;aggiunta dei monumenti medievali come la Chiesa di Mattia, il Bastione dei Pescatori o il Castello di Buda, ti sembrer\u00e0 di aver viaggiato qualche secolo indietro nel tempo Il castello oggi \u00e8 la sede della Galleria Nazionale e del Museo di Storia di Budapest.<\/p>\n<div id=\"gallery-3\" class=\"gallery galleryid-234242 gallery-columns-3 gallery-size-large\">\n<figure class=\"gallery-item\">\n<div class=\"gallery-icon landscape\">\n\t\t\t\t<a href=\"https:\/\/contentf5.dailynewshungary.com\/wp-content\/uploads\/2019\/01\/Matyi-kep-horz.jpg\" data-pswp-width=\"2048\" data-pswp-height=\"1347\" data-cropped=\"true\"><img loading=\"lazy\" decoding=\"async\" width=\"1024\" height=\"674\" src=\"https:\/\/contentf5.dailynewshungary.com\/wp-content\/uploads\/2019\/01\/Matyi-kep-horz-1024x674.jpg\" class=\"attachment-large size-large\" alt=\"chiesa di Mattia M\u00e1ty\u00e1s Templom Budapest\" aria-describedby=\"gallery-3-229589\" srcset=\"https:\/\/contentf5.dailynewshungary.com\/wp-content\/uploads\/2019\/01\/Matyi-kep-horz-1024x674.jpg 1024w, https:\/\/contentf5.dailynewshungary.com\/wp-content\/uploads\/2019\/01\/Matyi-kep-horz-300x197.jpg 300w, https:\/\/contentf5.dailynewshungary.com\/wp-content\/uploads\/2019\/01\/Matyi-kep-horz-768x505.jpg 768w, https:\/\/contentf5.dailynewshungary.com\/wp-content\/uploads\/2019\/01\/Matyi-kep-horz-220x145.jpg 220w, https:\/\/contentf5.dailynewshungary.com\/wp-content\/uploads\/2019\/01\/Matyi-kep-horz-600x395.jpg 600w, https:\/\/contentf5.dailynewshungary.com\/wp-content\/uploads\/2019\/01\/Matyi-kep-horz-200x132.jpg 200w, https:\/\/contentf5.dailynewshungary.com\/wp-content\/uploads\/2019\/01\/Matyi-kep-horz-1080x711.jpg 1080w, https:\/\/contentf5.dailynewshungary.com\/wp-content\/uploads\/2019\/01\/Matyi-kep-horz.jpg 2048w\" sizes=\"auto, (max-width: 1024px) 100vw, 1024px\"><\/a>\n\t\t\t<\/div><figcaption class=\"wp-caption-text gallery-caption\" id=\"gallery-3-229589\">\n\t\t\t\tAll&#8217;interno della Chiesa di Mattia foto: https:\/\/www.instagram.com\/boglr_\/<br \/>\n\t\t\t\t<\/figcaption><\/figure>\n<figure class=\"gallery-item\">\n<div class=\"gallery-icon landscape\">\n\t\t\t\t<a href=\"https:\/\/contentf5.dailynewshungary.com\/wp-content\/uploads\/2019\/01\/MatyasTemplomFotoThalerTamas20162.jpg\" data-pswp-width=\"800\" data-pswp-height=\"654\" data-cropped=\"true\"><img loading=\"lazy\" decoding=\"async\" width=\"800\" height=\"654\" src=\"https:\/\/contentf5.dailynewshungary.com\/wp-content\/uploads\/2019\/01\/MatyasTemplomFotoThalerTamas20162.jpg\" class=\"attachment-large size-large\" alt=\"m\u00e1ty\u00e1s templom matthias chiesa budapest\" aria-describedby=\"gallery-3-229584\" srcset=\"https:\/\/contentf5.dailynewshungary.com\/wp-content\/uploads\/2019\/01\/MatyasTemplomFotoThalerTamas20162.jpg 800w, https:\/\/contentf5.dailynewshungary.com\/wp-content\/uploads\/2019\/01\/MatyasTemplomFotoThalerTamas20162-300x245.jpg 300w, https:\/\/contentf5.dailynewshungary.com\/wp-content\/uploads\/2019\/01\/MatyasTemplomFotoThalerTamas20162-768x628.jpg 768w, https:\/\/contentf5.dailynewshungary.com\/wp-content\/uploads\/2019\/01\/MatyasTemplomFotoThalerTamas20162-220x180.jpg 220w, https:\/\/contentf5.dailynewshungary.com\/wp-content\/uploads\/2019\/01\/MatyasTemplomFotoThalerTamas20162-600x491.jpg 600w, https:\/\/contentf5.dailynewshungary.com\/wp-content\/uploads\/2019\/01\/MatyasTemplomFotoThalerTamas20162-200x164.jpg 200w\" sizes=\"auto, (max-width: 800px) 100vw, 800px\"><\/a>\n\t\t\t<\/div><figcaption class=\"wp-caption-text gallery-caption\" id=\"gallery-3-229584\">\n\t\t\t\tLa Chiesa di Mattia Foto: Thaler Tam\u00e1s Foto (WikiCommons)<br \/>\n\t\t\t\t<\/figcaption><\/figure>\n<figure class=\"gallery-item\">\n<div class=\"gallery-icon landscape\">\n\t\t\t\t<a href=\"https:\/\/contentf5.dailynewshungary.com\/wp-content\/uploads\/2019\/02\/fishermans-bastion-budapest-romantic-date-places-on-valentines-day.jpg\" data-pswp-width=\"1280\" data-pswp-height=\"720\" data-cropped=\"true\"><img loading=\"lazy\" decoding=\"async\" width=\"1024\" height=\"576\" src=\"https:\/\/contentf5.dailynewshungary.com\/wp-content\/uploads\/2019\/02\/fishermans-bastion-budapest-romantic-date-places-on-valentines-day-1024x576.jpg\" class=\"attachment-large size-large\" alt=\"#bastione del pescatore #giorno di San Valentino #romantico #data\" aria-describedby=\"gallery-3-233025\" srcset=\"https:\/\/contentf5.dailynewshungary.com\/wp-content\/uploads\/2019\/02\/fishermans-bastion-budapest-romantic-date-places-on-valentines-day-1024x576.jpg 1024w, https:\/\/contentf5.dailynewshungary.com\/wp-content\/uploads\/2019\/02\/fishermans-bastion-budapest-romantic-date-places-on-valentines-day-300x169.jpg 300w, https:\/\/contentf5.dailynewshungary.com\/wp-content\/uploads\/2019\/02\/fishermans-bastion-budapest-romantic-date-places-on-valentines-day-768x432.jpg 768w, https:\/\/contentf5.dailynewshungary.com\/wp-content\/uploads\/2019\/02\/fishermans-bastion-budapest-romantic-date-places-on-valentines-day-220x124.jpg 220w, https:\/\/contentf5.dailynewshungary.com\/wp-content\/uploads\/2019\/02\/fishermans-bastion-budapest-romantic-date-places-on-valentines-day-600x338.jpg 600w, https:\/\/contentf5.dailynewshungary.com\/wp-content\/uploads\/2019\/02\/fishermans-bastion-budapest-romantic-date-places-on-valentines-day-200x113.jpg 200w, https:\/\/contentf5.dailynewshungary.com\/wp-content\/uploads\/2019\/02\/fishermans-bastion-budapest-romantic-date-places-on-valentines-day-1080x608.jpg 1080w, https:\/\/contentf5.dailynewshungary.com\/wp-content\/uploads\/2019\/02\/fishermans-bastion-budapest-romantic-date-places-on-valentines-day.jpg 1280w\" sizes=\"auto, (max-width: 1024px) 100vw, 1024px\"><\/a>\n\t\t\t<\/div><figcaption class=\"wp-caption-text gallery-caption\" id=\"gallery-3-233025\">\n\t\t\t\tLa piazzetta del Bastione con la statua di Santo Stefano I.<br \/>\n\t\t\t\t<\/figcaption><\/figure>\n<figure class=\"gallery-item\">\n<div class=\"gallery-icon landscape\">\n\t\t\t\t<a href=\"https:\/\/contentf5.dailynewshungary.com\/wp-content\/uploads\/2017\/07\/gavin-pictures-MATTHIAS-CHURCH-AND-FISHERMAN\u2019S-BASTION.jpg\" data-pswp-width=\"800\" data-pswp-height=\"534\" data-cropped=\"true\"><img loading=\"lazy\" decoding=\"async\" width=\"800\" height=\"534\" src=\"https:\/\/contentf5.dailynewshungary.com\/wp-content\/uploads\/2017\/07\/gavin-pictures-MATTHIAS-CHURCH-AND-FISHERMAN\u2019S-BASTION.jpg\" class=\"attachment-large size-large\" alt=\"Gavin Pictures MATTHIAS CHURCH AND FISHERMAN\u2019S BASTION\" aria-describedby=\"gallery-3-127112\" srcset=\"https:\/\/contentf5.dailynewshungary.com\/wp-content\/uploads\/2017\/07\/gavin-pictures-MATTHIAS-CHURCH-AND-FISHERMAN\u2019S-BASTION.jpg 800w, https:\/\/contentf5.dailynewshungary.com\/wp-content\/uploads\/2017\/07\/gavin-pictures-MATTHIAS-CHURCH-AND-FISHERMAN\u2019S-BASTION-300x200.jpg 300w, https:\/\/contentf5.dailynewshungary.com\/wp-content\/uploads\/2017\/07\/gavin-pictures-MATTHIAS-CHURCH-AND-FISHERMAN\u2019S-BASTION-768x513.jpg 768w, https:\/\/contentf5.dailynewshungary.com\/wp-content\/uploads\/2017\/07\/gavin-pictures-MATTHIAS-CHURCH-AND-FISHERMAN\u2019S-BASTION-220x147.jpg 220w\" sizes=\"auto, (max-width: 800px) 100vw, 800px\"><\/a>\n\t\t\t<\/div><figcaption class=\"wp-caption-text gallery-caption\" id=\"gallery-3-127112\">\n\t\t\t\tIl Bastione del Pescatore Foto di Guavin Pictures<br \/>\n\t\t\t\t<\/figcaption><\/figure>\n<figure class=\"gallery-item\">\n<div class=\"gallery-icon landscape\">\n\t\t\t\t<a href=\"https:\/\/contentf5.dailynewshungary.com\/wp-content\/uploads\/2018\/12\/buda-1137050_1920.jpg\" data-pswp-width=\"1920\" data-pswp-height=\"1080\" data-cropped=\"true\"><img loading=\"lazy\" decoding=\"async\" width=\"1024\" height=\"576\" src=\"https:\/\/contentf5.dailynewshungary.com\/wp-content\/uploads\/2018\/12\/buda-1137050_1920-1024x576.jpg\" class=\"attachment-large size-large\" alt=\"Castello di Buda Kast\u00e9ly V\u00e1r\" srcset=\"https:\/\/contentf5.dailynewshungary.com\/wp-content\/uploads\/2018\/12\/buda-1137050_1920-1024x576.jpg 1024w, https:\/\/contentf5.dailynewshungary.com\/wp-content\/uploads\/2018\/12\/buda-1137050_1920-300x169.jpg 300w, https:\/\/contentf5.dailynewshungary.com\/wp-content\/uploads\/2018\/12\/buda-1137050_1920-768x432.jpg 768w, https:\/\/contentf5.dailynewshungary.com\/wp-content\/uploads\/2018\/12\/buda-1137050_1920-220x124.jpg 220w, https:\/\/contentf5.dailynewshungary.com\/wp-content\/uploads\/2018\/12\/buda-1137050_1920-600x338.jpg 600w, https:\/\/contentf5.dailynewshungary.com\/wp-content\/uploads\/2018\/12\/buda-1137050_1920-200x113.jpg 200w, https:\/\/contentf5.dailynewshungary.com\/wp-content\/uploads\/2018\/12\/buda-1137050_1920-1080x608.jpg 1080w, https:\/\/contentf5.dailynewshungary.com\/wp-content\/uploads\/2018\/12\/buda-1137050_1920.jpg 1920w\" sizes=\"auto, (max-width: 1024px) 100vw, 1024px\"><\/a>\n\t\t\t<\/div>\n<\/figure>\n<figure class=\"gallery-item\">\n<div class=\"gallery-icon landscape\">\n\t\t\t\t<a href=\"https:\/\/contentf5.dailynewshungary.com\/wp-content\/uploads\/2017\/09\/buda-castle-1137063_1920-e1506104039888.jpg\" data-pswp-width=\"1080\" data-pswp-height=\"700\" data-cropped=\"true\"><img loading=\"lazy\" decoding=\"async\" width=\"1024\" height=\"664\" src=\"https:\/\/contentf5.dailynewshungary.com\/wp-content\/uploads\/2017\/09\/buda-castle-1137063_1920-e1506104039888-1024x664.jpg\" class=\"attachment-large size-large\" alt=\"Funicolare del Castello di Buda\" srcset=\"https:\/\/contentf5.dailynewshungary.com\/wp-content\/uploads\/2017\/09\/buda-castle-1137063_1920-e1506104039888-1024x664.jpg 1024w, https:\/\/contentf5.dailynewshungary.com\/wp-content\/uploads\/2017\/09\/buda-castle-1137063_1920-e1506104039888-300x194.jpg 300w, https:\/\/contentf5.dailynewshungary.com\/wp-content\/uploads\/2017\/09\/buda-castle-1137063_1920-e1506104039888-768x498.jpg 768w, https:\/\/contentf5.dailynewshungary.com\/wp-content\/uploads\/2017\/09\/buda-castle-1137063_1920-e1506104039888-220x143.jpg 220w, https:\/\/contentf5.dailynewshungary.com\/wp-content\/uploads\/2017\/09\/buda-castle-1137063_1920-e1506104039888-600x389.jpg 600w, https:\/\/contentf5.dailynewshungary.com\/wp-content\/uploads\/2017\/09\/buda-castle-1137063_1920-e1506104039888-200x130.jpg 200w, https:\/\/contentf5.dailynewshungary.com\/wp-content\/uploads\/2017\/09\/buda-castle-1137063_1920-e1506104039888.jpg 1080w\" sizes=\"auto, (max-width: 1024px) 100vw, 1024px\"><\/a>\n\t\t\t<\/div>\n<\/figure><\/div>\n<p>Se desideri saperne di pi\u00f9 sulla storia ungherese, il Museo Nazionale Ungherese con una collezione che copre l&#8217;et\u00e0 della pietra fino al comunismo potrebbe essere un buon posto per continuare il tuo viaggio Puoi imparare qualcosa in pi\u00f9 sull&#8217;Ungheria del XX secolo<\/p>\n<blockquote>\n<p><span style=\"color: #008080;\">alla Casa del Terrore, che ti aiuta a ottenere un senso delle occupazioni naziste e sovietiche con video e manufatti.<\/span><\/p>\n<\/blockquote>\n<p>Navigare lungo il Danubio \u00e8 una grande opportunit\u00e0 per sedersi e rilassarsi godendosi la meravigliosa architettura di Budapest, il Parlamento e il Castello di Buda (i trasporti pubblici a Budapest offrono anche servizi in barca, oppure puoi salire su una crociera turistica). Se il tempo ti fa venire meno, prendi semplicemente il tram 2, lungo la riva del fiume sul lato di Pest.<\/p>\n<div id=\"gallery-4\" class=\"gallery galleryid-234242 gallery-columns-3 gallery-size-large\">\n<figure class=\"gallery-item\">\n<div class=\"gallery-icon landscape\">\n\t\t\t\t<a href=\"https:\/\/contentf5.dailynewshungary.com\/wp-content\/uploads\/2018\/11\/castle-hill.jpg\" data-pswp-width=\"630\" data-pswp-height=\"420\" data-cropped=\"true\"><img loading=\"lazy\" decoding=\"async\" width=\"630\" height=\"420\" src=\"https:\/\/contentf5.dailynewshungary.com\/wp-content\/uploads\/2018\/11\/castle-hill.jpg\" class=\"attachment-large size-large\" alt=\"castello, collina, budapest\" aria-describedby=\"gallery-4-218518\" srcset=\"https:\/\/contentf5.dailynewshungary.com\/wp-content\/uploads\/2018\/11\/castle-hill.jpg 630w, https:\/\/contentf5.dailynewshungary.com\/wp-content\/uploads\/2018\/11\/castle-hill-300x200.jpg 300w, https:\/\/contentf5.dailynewshungary.com\/wp-content\/uploads\/2018\/11\/castle-hill-220x147.jpg 220w, https:\/\/contentf5.dailynewshungary.com\/wp-content\/uploads\/2018\/11\/castle-hill-600x400.jpg 600w, https:\/\/contentf5.dailynewshungary.com\/wp-content\/uploads\/2018\/11\/castle-hill-200x133.jpg 200w\" sizes=\"auto, (max-width: 630px) 100vw, 630px\"><\/a>\n\t\t\t<\/div><figcaption class=\"wp-caption-text gallery-caption\" id=\"gallery-4-218518\">\n\t\t\t\tFoto: facebook.com\/budapestoriginaltours<br \/>\n\t\t\t\t<\/figcaption><\/figure>\n<figure class=\"gallery-item\">\n<div class=\"gallery-icon landscape\">\n\t\t\t\t<a href=\"https:\/\/contentf5.dailynewshungary.com\/wp-content\/uploads\/2018\/11\/parlaiment.jpg\" data-pswp-width=\"800\" data-pswp-height=\"450\" data-cropped=\"true\"><img loading=\"lazy\" decoding=\"async\" width=\"800\" height=\"450\" src=\"https:\/\/contentf5.dailynewshungary.com\/wp-content\/uploads\/2018\/11\/parlaiment.jpg\" class=\"attachment-large size-large\" alt=\"parlamento, palazzo\" aria-describedby=\"gallery-4-218505\" srcset=\"https:\/\/contentf5.dailynewshungary.com\/wp-content\/uploads\/2018\/11\/parlaiment.jpg 800w, https:\/\/contentf5.dailynewshungary.com\/wp-content\/uploads\/2018\/11\/parlaiment-300x169.jpg 300w, https:\/\/contentf5.dailynewshungary.com\/wp-content\/uploads\/2018\/11\/parlaiment-768x432.jpg 768w, https:\/\/contentf5.dailynewshungary.com\/wp-content\/uploads\/2018\/11\/parlaiment-220x124.jpg 220w, https:\/\/contentf5.dailynewshungary.com\/wp-content\/uploads\/2018\/11\/parlaiment-600x338.jpg 600w, https:\/\/contentf5.dailynewshungary.com\/wp-content\/uploads\/2018\/11\/parlaiment-200x113.jpg 200w\" sizes=\"auto, (max-width: 800px) 100vw, 800px\"><\/a>\n\t\t\t<\/div><figcaption class=\"wp-caption-text gallery-caption\" id=\"gallery-4-218505\">\n\t\t\t\tFoto: facebook.com\/Parlamento ungherese\/<br \/>\n\t\t\t\t<\/figcaption><\/figure>\n<\/p><\/div>\n<p>Non sottolineeremo mai abbastanza quanto siano grandi le terme di Budapest <em>Vogue<\/em> li ha presentati: l&#8217;acqua minerale lenir\u00e0 sia la tua anima che il tuo corpo, e spetta esclusivamente a te se desideri immergerti fuori o al chiuso (molte spa offrono entrambe le opzioni), o goderti l&#8217;eleganza e gli scacchi in piscina al Bagno Sz\u00e9chenyi o le spartie il sabato.<\/p>\n<h2>Dove soggiornare<\/h2>\n<p>Si consiglia di provare a trovare un hotel o un ostello all&#8217;interno della citt\u00e0, lungo le principali linee di trasporto pubblico Se siete alla ricerca di un posto economico, il <em>Indipendente<\/em> consiglia il Wombat&#8217;s City Hostel con cuccette dormitorio Se vuoi sentirti un re, prenota una camera al Corinthia Budapest, l&#8217;ex Grand Hotel Royal, aperto nel 1896 (ha anche una spa e una piscina costruita nello stile pi\u00f9 caratteristico di Budapest (nouveau), o all&#8217;Hotel Clark, accanto al Ponte delle Catene.<\/p>\n<div id=\"gallery-5\" class=\"gallery galleryid-234242 gallery-columns-3 gallery-size-large\">\n<figure class=\"gallery-item\">\n<div class=\"gallery-icon portrait\">\n\t\t\t\t<a href=\"https:\/\/contentf5.dailynewshungary.com\/wp-content\/uploads\/2017\/12\/934777_10151412575507477_1752854556_n.jpg\" data-pswp-width=\"768\" data-pswp-height=\"867\" data-cropped=\"true\"><img loading=\"lazy\" decoding=\"async\" width=\"768\" height=\"867\" src=\"https:\/\/contentf5.dailynewshungary.com\/wp-content\/uploads\/2017\/12\/934777_10151412575507477_1752854556_n.jpg\" class=\"attachment-large size-large\" alt=\"corinthia bath hotel\" aria-describedby=\"gallery-5-156659\" srcset=\"https:\/\/contentf5.dailynewshungary.com\/wp-content\/uploads\/2017\/12\/934777_10151412575507477_1752854556_n.jpg 768w, https:\/\/contentf5.dailynewshungary.com\/wp-content\/uploads\/2017\/12\/934777_10151412575507477_1752854556_n-266x300.jpg 266w, https:\/\/contentf5.dailynewshungary.com\/wp-content\/uploads\/2017\/12\/934777_10151412575507477_1752854556_n-195x220.jpg 195w, https:\/\/contentf5.dailynewshungary.com\/wp-content\/uploads\/2017\/12\/934777_10151412575507477_1752854556_n-600x677.jpg 600w, https:\/\/contentf5.dailynewshungary.com\/wp-content\/uploads\/2017\/12\/934777_10151412575507477_1752854556_n-200x226.jpg 200w\" sizes=\"auto, (max-width: 768px) 100vw, 768px\"><\/a>\n\t\t\t<\/div><figcaption class=\"wp-caption-text gallery-caption\" id=\"gallery-5-156659\">\n\t\t\t\tFoto: https:\/\/www.facebook.com\/corinthiahotelbudapest\/photos\/<br \/>\n\t\t\t\t<\/figcaption><\/figure>\n<figure class=\"gallery-item\">\n<div class=\"gallery-icon landscape\">\n\t\t\t\t<a href=\"https:\/\/contentf5.dailynewshungary.com\/wp-content\/uploads\/2017\/12\/21014070_10154686968947477_8666714896953867347_o.jpg\" data-pswp-width=\"2048\" data-pswp-height=\"1412\" data-cropped=\"true\"><img loading=\"lazy\" decoding=\"async\" width=\"1024\" height=\"706\" src=\"https:\/\/contentf5.dailynewshungary.com\/wp-content\/uploads\/2017\/12\/21014070_10154686968947477_8666714896953867347_o-1024x706.jpg\" class=\"attachment-large size-large\" alt=\"premio hotel Budapest\" aria-describedby=\"gallery-5-156555\" srcset=\"https:\/\/contentf5.dailynewshungary.com\/wp-content\/uploads\/2017\/12\/21014070_10154686968947477_8666714896953867347_o-1024x706.jpg 1024w, https:\/\/contentf5.dailynewshungary.com\/wp-content\/uploads\/2017\/12\/21014070_10154686968947477_8666714896953867347_o-300x207.jpg 300w, https:\/\/contentf5.dailynewshungary.com\/wp-content\/uploads\/2017\/12\/21014070_10154686968947477_8666714896953867347_o-768x530.jpg 768w, https:\/\/contentf5.dailynewshungary.com\/wp-content\/uploads\/2017\/12\/21014070_10154686968947477_8666714896953867347_o-220x152.jpg 220w, https:\/\/contentf5.dailynewshungary.com\/wp-content\/uploads\/2017\/12\/21014070_10154686968947477_8666714896953867347_o-600x414.jpg 600w, https:\/\/contentf5.dailynewshungary.com\/wp-content\/uploads\/2017\/12\/21014070_10154686968947477_8666714896953867347_o-200x138.jpg 200w, https:\/\/contentf5.dailynewshungary.com\/wp-content\/uploads\/2017\/12\/21014070_10154686968947477_8666714896953867347_o-1080x745.jpg 1080w, https:\/\/contentf5.dailynewshungary.com\/wp-content\/uploads\/2017\/12\/21014070_10154686968947477_8666714896953867347_o.jpg 2048w\" sizes=\"auto, (max-width: 1024px) 100vw, 1024px\"><\/a>\n\t\t\t<\/div><figcaption class=\"wp-caption-text gallery-caption\" id=\"gallery-5-156555\">\n\t\t\t\tfacebook\/Corinthia Hotel Budapest<br \/>\n\t\t\t\t<\/figcaption><\/figure>\n<figure class=\"gallery-item\">\n<div class=\"gallery-icon landscape\">\n\t\t\t\t<a href=\"https:\/\/contentf5.dailynewshungary.com\/wp-content\/uploads\/2019\/01\/Hotel-Clark-Budapest.jpg\" data-pswp-width=\"2048\" data-pswp-height=\"1366\" data-cropped=\"true\"><img loading=\"lazy\" decoding=\"async\" width=\"1024\" height=\"683\" src=\"https:\/\/contentf5.dailynewshungary.com\/wp-content\/uploads\/2019\/01\/Hotel-Clark-Budapest-1024x683.jpg\" class=\"attachment-large size-large\" alt=\"Hotel Clark Budapest\" aria-describedby=\"gallery-5-230304\" srcset=\"https:\/\/contentf5.dailynewshungary.com\/wp-content\/uploads\/2019\/01\/Hotel-Clark-Budapest-1024x683.jpg 1024w, https:\/\/contentf5.dailynewshungary.com\/wp-content\/uploads\/2019\/01\/Hotel-Clark-Budapest-300x200.jpg 300w, https:\/\/contentf5.dailynewshungary.com\/wp-content\/uploads\/2019\/01\/Hotel-Clark-Budapest-768x512.jpg 768w, https:\/\/contentf5.dailynewshungary.com\/wp-content\/uploads\/2019\/01\/Hotel-Clark-Budapest-220x147.jpg 220w, https:\/\/contentf5.dailynewshungary.com\/wp-content\/uploads\/2019\/01\/Hotel-Clark-Budapest-600x400.jpg 600w, https:\/\/contentf5.dailynewshungary.com\/wp-content\/uploads\/2019\/01\/Hotel-Clark-Budapest-200x133.jpg 200w, https:\/\/contentf5.dailynewshungary.com\/wp-content\/uploads\/2019\/01\/Hotel-Clark-Budapest-1080x720.jpg 1080w, https:\/\/contentf5.dailynewshungary.com\/wp-content\/uploads\/2019\/01\/Hotel-Clark-Budapest.jpg 2048w\" sizes=\"auto, (max-width: 1024px) 100vw, 1024px\"><\/a>\n\t\t\t<\/div><figcaption class=\"wp-caption-text gallery-caption\" id=\"gallery-5-230304\">\n\t\t\t\tHotel Clark Budapest Foto: Alp\u00e1r Kat\u00f3 Notizie quotidiane Ungheria \u00a9<br \/>\n\t\t\t\t<\/figcaption><\/figure>\n<figure class=\"gallery-item\">\n<div class=\"gallery-icon landscape\">\n\t\t\t\t<a href=\"https:\/\/contentf5.dailynewshungary.com\/wp-content\/uploads\/2018\/10\/hotel-clark.jpg\" data-pswp-width=\"960\" data-pswp-height=\"640\" data-cropped=\"true\"><img loading=\"lazy\" decoding=\"async\" width=\"960\" height=\"640\" src=\"https:\/\/contentf5.dailynewshungary.com\/wp-content\/uploads\/2018\/10\/hotel-clark.jpg\" class=\"attachment-large size-large\" alt=\"Hotel Clark Budapest\" aria-describedby=\"gallery-5-214299\" srcset=\"https:\/\/contentf5.dailynewshungary.com\/wp-content\/uploads\/2018\/10\/hotel-clark.jpg 960w, https:\/\/contentf5.dailynewshungary.com\/wp-content\/uploads\/2018\/10\/hotel-clark-300x200.jpg 300w, https:\/\/contentf5.dailynewshungary.com\/wp-content\/uploads\/2018\/10\/hotel-clark-768x512.jpg 768w, https:\/\/contentf5.dailynewshungary.com\/wp-content\/uploads\/2018\/10\/hotel-clark-220x147.jpg 220w, https:\/\/contentf5.dailynewshungary.com\/wp-content\/uploads\/2018\/10\/hotel-clark-600x400.jpg 600w, https:\/\/contentf5.dailynewshungary.com\/wp-content\/uploads\/2018\/10\/hotel-clark-200x133.jpg 200w\" sizes=\"auto, (max-width: 960px) 100vw, 960px\"><\/a>\n\t\t\t<\/div><figcaption class=\"wp-caption-text gallery-caption\" id=\"gallery-5-214299\">\n\t\t\t\tHotel Clark, con vista sul Ponte delle Catene di Sz\u00e9chenyi foto: www.facebook.com\/HotelClark<br \/>\n\t\t\t\t<\/figcaption><\/figure>\n<\/p><\/div>\n<h2>Dove mangiare e bere<\/h2>\n<p>Sarebbe un errore enorme non provare la cucina ungherese, ma non deve essere un pasto completo:<\/p>\n<blockquote>\n<p><span style=\"color: #008080;\">i mercatini del centro sono il luogo ideale per assaggiare solo carni e spezie ungheresi.<\/span><\/p>\n<\/blockquote>\n<p>Tuttavia, se stai cercando un pasto ungherese cotto, il<em> Indipendente<\/em>La raccomandazione di &#8216;s \u00e8 Stand 25 (provare la loro zuppa di gulasch e cavolo ripieno), Barack \u00e9s Szilva (provare il vitello con paprika e gnocchi, e i vini).<\/p>\n<p>Caff\u00e8, caffetterie, caffetterie&#8230; Come il <em>Indipendente<\/em> dice, gli ottomani hanno portato il caff\u00e8 a Budapest, e l&#8217;amore per esso non si \u00e8 spento da allora Per un&#8217;esperienza classica, dirigiti al New York Caf\u00e9, un punto di riferimento storico e uno dei caff\u00e8 pi\u00f9 belli del mondo, o Gerbeaud, dove anche le torte sono paradisiache Ultimamente, Budapest ha visto un boom di caff\u00e8 new-wave, come My Little Melbourne o Hygge, che non sono cos\u00ec illustri e grandiosi quando si tratta di interior design, ma la loro semplicit\u00e0 rilassata \u00e8 ci\u00f2 che li rende cos\u00ec attraenti.<\/p>\n<div id=\"gallery-6\" class=\"gallery galleryid-234242 gallery-columns-3 gallery-size-large\">\n<figure class=\"gallery-item\">\n<div class=\"gallery-icon landscape\">\n\t\t\t\t<a href=\"https:\/\/dailynewshungary.com\/it\/storie-leggendarie-sul-new-york-cafe-di-fama-mondiale\/\"><img loading=\"lazy\" decoding=\"async\" width=\"960\" height=\"640\" src=\"https:\/\/contentf5.dailynewshungary.com\/wp-content\/uploads\/2018\/04\/new-york-caf\u00e93.jpg\" class=\"attachment-large size-large\" alt=\"budapest caf\u00e8 new york\" aria-describedby=\"gallery-6-185004\" srcset=\"https:\/\/contentf5.dailynewshungary.com\/wp-content\/uploads\/2018\/04\/new-york-caf\u00e93.jpg 960w, https:\/\/contentf5.dailynewshungary.com\/wp-content\/uploads\/2018\/04\/new-york-caf\u00e93-300x200.jpg 300w, https:\/\/contentf5.dailynewshungary.com\/wp-content\/uploads\/2018\/04\/new-york-caf\u00e93-768x512.jpg 768w, https:\/\/contentf5.dailynewshungary.com\/wp-content\/uploads\/2018\/04\/new-york-caf\u00e93-220x147.jpg 220w, https:\/\/contentf5.dailynewshungary.com\/wp-content\/uploads\/2018\/04\/new-york-caf\u00e93-600x400.jpg 600w, https:\/\/contentf5.dailynewshungary.com\/wp-content\/uploads\/2018\/04\/new-york-caf\u00e93-200x133.jpg 200w\" sizes=\"auto, (max-width: 960px) 100vw, 960px\"><\/a>\n\t\t\t<\/div><figcaption class=\"wp-caption-text gallery-caption\" id=\"gallery-6-185004\">\n\t\t\t\tAll&#8217;interno del famoso New York Caf\u00e9 di Budapest foto: www.facebook.com\/NewYorkCaf\u00e9<br \/>\n\t\t\t\t<\/figcaption><\/figure>\n<figure class=\"gallery-item\">\n<div class=\"gallery-icon landscape\">\n\t\t\t\t<a href=\"https:\/\/dailynewshungary.com\/it\/squadra-di-cuochi-ungheresi-per-abbagliare-la-giuria-del-prestigioso-bocuse-dor\/\"><img loading=\"lazy\" decoding=\"async\" width=\"1024\" height=\"683\" src=\"https:\/\/contentf5.dailynewshungary.com\/wp-content\/uploads\/2019\/01\/New-York-Cafe-Budapest-Hungary-1024x683.jpg\" class=\"attachment-large size-large\" alt=\"New York Cafe Budapest Ungheria\" aria-describedby=\"gallery-6-230293\" srcset=\"https:\/\/contentf5.dailynewshungary.com\/wp-content\/uploads\/2019\/01\/New-York-Cafe-Budapest-Hungary-1024x683.jpg 1024w, https:\/\/contentf5.dailynewshungary.com\/wp-content\/uploads\/2019\/01\/New-York-Cafe-Budapest-Hungary-300x200.jpg 300w, https:\/\/contentf5.dailynewshungary.com\/wp-content\/uploads\/2019\/01\/New-York-Cafe-Budapest-Hungary-768x512.jpg 768w, https:\/\/contentf5.dailynewshungary.com\/wp-content\/uploads\/2019\/01\/New-York-Cafe-Budapest-Hungary-220x147.jpg 220w, https:\/\/contentf5.dailynewshungary.com\/wp-content\/uploads\/2019\/01\/New-York-Cafe-Budapest-Hungary-600x400.jpg 600w, https:\/\/contentf5.dailynewshungary.com\/wp-content\/uploads\/2019\/01\/New-York-Cafe-Budapest-Hungary-200x133.jpg 200w, https:\/\/contentf5.dailynewshungary.com\/wp-content\/uploads\/2019\/01\/New-York-Cafe-Budapest-Hungary-1080x720.jpg 1080w, https:\/\/contentf5.dailynewshungary.com\/wp-content\/uploads\/2019\/01\/New-York-Cafe-Budapest-Hungary.jpg 2048w\" sizes=\"auto, (max-width: 1024px) 100vw, 1024px\"><\/a>\n\t\t\t<\/div><figcaption class=\"wp-caption-text gallery-caption\" id=\"gallery-6-230293\">\n\t\t\t\tNew York Caf\u00e9 Foto: Alp\u00e1r Kat\u00f3 2 Notizie quotidiane Ungheria \u00a9<br \/>\n\t\t\t\t<\/figcaption><\/figure>\n<figure class=\"gallery-item\">\n<div class=\"gallery-icon landscape\">\n\t\t\t\t<a href=\"https:\/\/dailynewshungary.com\/it\/conosci-alcune-delle-piu-antiche-e-migliori-pasticcerie-di-budapest\/\"><img loading=\"lazy\" decoding=\"async\" width=\"960\" height=\"640\" src=\"https:\/\/contentf5.dailynewshungary.com\/wp-content\/uploads\/2016\/03\/gerbeaud-caf\u00e9.jpg\" class=\"attachment-large size-large\" alt=\"gerbaud\" aria-describedby=\"gallery-6-35417\" srcset=\"https:\/\/contentf5.dailynewshungary.com\/wp-content\/uploads\/2016\/03\/gerbeaud-caf\u00e9.jpg 960w, https:\/\/contentf5.dailynewshungary.com\/wp-content\/uploads\/2016\/03\/gerbeaud-caf\u00e9-300x200.jpg 300w, https:\/\/contentf5.dailynewshungary.com\/wp-content\/uploads\/2016\/03\/gerbeaud-caf\u00e9-768x512.jpg 768w, https:\/\/contentf5.dailynewshungary.com\/wp-content\/uploads\/2016\/03\/gerbeaud-caf\u00e9-600x400.jpg 600w\" sizes=\"auto, (max-width: 960px) 100vw, 960px\"><\/a>\n\t\t\t<\/div><figcaption class=\"wp-caption-text gallery-caption\" id=\"gallery-6-35417\">\n\t\t\t\tGerbeaud www.facebook.com\/pagine\/Caf\u00e9-Gerbeaud<br \/>\n\t\t\t\t<\/figcaption><\/figure>\n<figure class=\"gallery-item\">\n<div class=\"gallery-icon landscape\">\n\t\t\t\t<a href=\"https:\/\/dailynewshungary.com\/it\/il-gerbeaud-cafe-e-elencato-tra-i-migliori-caffe-storici-deuropa\/\"><img loading=\"lazy\" decoding=\"async\" width=\"960\" height=\"866\" src=\"https:\/\/contentf5.dailynewshungary.com\/wp-content\/uploads\/2017\/05\/gerbeaud-caf\u00e92.jpg\" class=\"attachment-large size-large\" alt=\"gerbeaud\" aria-describedby=\"gallery-6-118579\" srcset=\"https:\/\/contentf5.dailynewshungary.com\/wp-content\/uploads\/2017\/05\/gerbeaud-caf\u00e92.jpg 960w, https:\/\/contentf5.dailynewshungary.com\/wp-content\/uploads\/2017\/05\/gerbeaud-caf\u00e92-300x271.jpg 300w, https:\/\/contentf5.dailynewshungary.com\/wp-content\/uploads\/2017\/05\/gerbeaud-caf\u00e92-768x693.jpg 768w, https:\/\/contentf5.dailynewshungary.com\/wp-content\/uploads\/2017\/05\/gerbeaud-caf\u00e92-220x198.jpg 220w\" sizes=\"auto, (max-width: 960px) 100vw, 960px\"><\/a>\n\t\t\t<\/div><figcaption class=\"wp-caption-text gallery-caption\" id=\"gallery-6-118579\">\n\t\t\t\tAll&#8217;interno di Gerbeaud www.facebook.com\/GerbeaudCaf\u00e9<br \/>\n\t\t\t\t<\/figcaption><\/figure>\n<figure class=\"gallery-item\">\n<div class=\"gallery-icon landscape\">\n\t\t\t\t<a href=\"https:\/\/dailynewshungary.com\/800px-dobos_cake_gerbeaud_confectionery_budapest_hungary\/\"><img loading=\"lazy\" decoding=\"async\" width=\"800\" height=\"533\" src=\"https:\/\/contentf5.dailynewshungary.com\/wp-content\/uploads\/2019\/01\/800px-Dobos_cake_Gerbeaud_Confectionery_Budapest_Hungary.jpg\" class=\"attachment-large size-large\" alt=\"Px Dobos Cake Gerbeaud Confectionery Budapest Hungary\" srcset=\"https:\/\/contentf5.dailynewshungary.com\/wp-content\/uploads\/2019\/01\/800px-Dobos_cake_Gerbeaud_Confectionery_Budapest_Hungary.jpg 800w, https:\/\/contentf5.dailynewshungary.com\/wp-content\/uploads\/2019\/01\/800px-Dobos_cake_Gerbeaud_Confectionery_Budapest_Hungary-300x200.jpg 300w, https:\/\/contentf5.dailynewshungary.com\/wp-content\/uploads\/2019\/01\/800px-Dobos_cake_Gerbeaud_Confectionery_Budapest_Hungary-768x512.jpg 768w, https:\/\/contentf5.dailynewshungary.com\/wp-content\/uploads\/2019\/01\/800px-Dobos_cake_Gerbeaud_Confectionery_Budapest_Hungary-220x147.jpg 220w, https:\/\/contentf5.dailynewshungary.com\/wp-content\/uploads\/2019\/01\/800px-Dobos_cake_Gerbeaud_Confectionery_Budapest_Hungary-600x400.jpg 600w, https:\/\/contentf5.dailynewshungary.com\/wp-content\/uploads\/2019\/01\/800px-Dobos_cake_Gerbeaud_Confectionery_Budapest_Hungary-200x133.jpg 200w\" sizes=\"auto, (max-width: 800px) 100vw, 800px\"><\/a>\n\t\t\t<\/div>\n<\/figure>\n<figure class=\"gallery-item\">\n<div class=\"gallery-icon landscape\">\n\t\t\t\t<a href=\"https:\/\/dailynewshungary.com\/it\/ricetta-della-settimana-torta-zserbo\/\"><img loading=\"lazy\" decoding=\"async\" width=\"800\" height=\"533\" src=\"https:\/\/contentf5.dailynewshungary.com\/wp-content\/uploads\/2017\/08\/zserb\u00f3-\u00e9s-m\u00e1s-klasszikusok.jpg\" class=\"attachment-large size-large\" alt=\"gerbeaud\" aria-describedby=\"gallery-6-135005\" srcset=\"https:\/\/contentf5.dailynewshungary.com\/wp-content\/uploads\/2017\/08\/zserb\u00f3-\u00e9s-m\u00e1s-klasszikusok.jpg 800w, https:\/\/contentf5.dailynewshungary.com\/wp-content\/uploads\/2017\/08\/zserb\u00f3-\u00e9s-m\u00e1s-klasszikusok-300x200.jpg 300w, https:\/\/contentf5.dailynewshungary.com\/wp-content\/uploads\/2017\/08\/zserb\u00f3-\u00e9s-m\u00e1s-klasszikusok-768x512.jpg 768w, https:\/\/contentf5.dailynewshungary.com\/wp-content\/uploads\/2017\/08\/zserb\u00f3-\u00e9s-m\u00e1s-klasszikusok-220x147.jpg 220w, https:\/\/contentf5.dailynewshungary.com\/wp-content\/uploads\/2017\/08\/zserb\u00f3-\u00e9s-m\u00e1s-klasszikusok-600x400.jpg 600w, https:\/\/contentf5.dailynewshungary.com\/wp-content\/uploads\/2017\/08\/zserb\u00f3-\u00e9s-m\u00e1s-klasszikusok-200x133.jpg 200w\" sizes=\"auto, (max-width: 800px) 100vw, 800px\"><\/a>\n\t\t\t<\/div><figcaption class=\"wp-caption-text gallery-caption\" id=\"gallery-6-135005\">\n\t\t\t\tLa classica torta Gerbeaud e altri deliziosi dolcetti www.facebook.com\/GerbeaudCaf\u00e9<br \/>\n\t\t\t\t<\/figcaption><\/figure>\n<figure class=\"gallery-item\">\n<div class=\"gallery-icon portrait\">\n\t\t\t\t<a href=\"https:\/\/dailynewshungary.com\/it\/150-migliori-caffetterie-del-mondo-3-di-loro-a-budapest\/\"><img loading=\"lazy\" decoding=\"async\" width=\"768\" height=\"960\" src=\"https:\/\/contentf5.dailynewshungary.com\/wp-content\/uploads\/2018\/05\/my-little-melbourne.jpg\" class=\"attachment-large size-large\" alt=\"caff\u00e8 caff\u00e8 il mio piccolo melbourne\" aria-describedby=\"gallery-6-192611\" srcset=\"https:\/\/contentf5.dailynewshungary.com\/wp-content\/uploads\/2018\/05\/my-little-melbourne.jpg 768w, https:\/\/contentf5.dailynewshungary.com\/wp-content\/uploads\/2018\/05\/my-little-melbourne-240x300.jpg 240w, https:\/\/contentf5.dailynewshungary.com\/wp-content\/uploads\/2018\/05\/my-little-melbourne-176x220.jpg 176w, https:\/\/contentf5.dailynewshungary.com\/wp-content\/uploads\/2018\/05\/my-little-melbourne-600x750.jpg 600w, https:\/\/contentf5.dailynewshungary.com\/wp-content\/uploads\/2018\/05\/my-little-melbourne-200x250.jpg 200w\" sizes=\"auto, (max-width: 768px) 100vw, 768px\"><\/a>\n\t\t\t<\/div><figcaption class=\"wp-caption-text gallery-caption\" id=\"gallery-6-192611\">\n\t\t\t\tMy Little Melbourne www.facebook.com\/MyLittleMelbourne<br \/>\n\t\t\t\t<\/figcaption><\/figure>\n<\/p><\/div>\n<p>I bar sul tetto sono di tendenza in questo momento a Budapest, e non siamo sorpresi: sorseggiare un cocktail mentre ci si gode la vista panoramica dall&#8217;alto della citt\u00e0 vi far\u00e0 sicuramente sentire come una star Prova High Note Skybar in cima al pluripremiato Aria Hotel, dietro la Basilica di Santo Stefano.<\/p>\n<figure id=\"attachment_120021\" aria-describedby=\"caption-attachment-120021\" style=\"width: 960px\" class=\"wp-caption aligncenter\"><img loading=\"lazy\" decoding=\"async\" class=\"size-full wp-image-120021\" src=\"https:\/\/contentf5.dailynewshungary.com\/wp-content\/uploads\/2017\/05\/high-note-skybar.jpg\" alt=\"nota alta skybar aria hotel basilica\" width=\"960\" height=\"525\" srcset=\"https:\/\/contentf5.dailynewshungary.com\/wp-content\/uploads\/2017\/05\/high-note-skybar.jpg 960w, https:\/\/contentf5.dailynewshungary.com\/wp-content\/uploads\/2017\/05\/high-note-skybar-300x164.jpg 300w, https:\/\/contentf5.dailynewshungary.com\/wp-content\/uploads\/2017\/05\/high-note-skybar-768x420.jpg 768w, https:\/\/contentf5.dailynewshungary.com\/wp-content\/uploads\/2017\/05\/high-note-skybar-220x120.jpg 220w\" sizes=\"auto, (max-width: 960px) 100vw, 960px\"><figcaption id=\"caption-attachment-120021\" class=\"wp-caption-text\"><em>foto: www.facebook.com\/HighNoteSkyBar<\/em><\/figcaption><\/figure>\n<p>E, naturalmente, i pub in rovina I pub in rovina sono qualcosa che tutti coloro che sono mai stati a Budapest raccomandano ai loro amici, e sono molto caratteristici e una tendenza unica nel suo genere che \u00e8 la citt\u00e0 ungherese molto propria La maggior parte dei pub in rovina sono molto simili a Szimpla Kert: ambientati in appartamenti in edifici precedentemente fatiscenti, ristrutturati per funzionare in sicurezza ma, allo stesso tempo, sembrano intatti, decorati con luci fatate e mobili recuperati.<\/p>\n<div id=\"gallery-7\" class=\"gallery galleryid-234242 gallery-columns-3 gallery-size-large\">\n<figure class=\"gallery-item\">\n<div class=\"gallery-icon landscape\">\n\t\t\t\t<a href=\"https:\/\/contentf5.dailynewshungary.com\/wp-content\/uploads\/2019\/01\/45645088_2783641781653305_2052023331216949248_o.jpg\" data-pswp-width=\"1000\" data-pswp-height=\"666\" data-cropped=\"true\"><img loading=\"lazy\" decoding=\"async\" width=\"1000\" height=\"666\" src=\"https:\/\/contentf5.dailynewshungary.com\/wp-content\/uploads\/2019\/01\/45645088_2783641781653305_2052023331216949248_o.jpg\" class=\"attachment-large size-large\" alt=\"Szimpla Budapest Bar\" aria-describedby=\"gallery-7-228310\" srcset=\"https:\/\/contentf5.dailynewshungary.com\/wp-content\/uploads\/2019\/01\/45645088_2783641781653305_2052023331216949248_o.jpg 1000w, https:\/\/contentf5.dailynewshungary.com\/wp-content\/uploads\/2019\/01\/45645088_2783641781653305_2052023331216949248_o-300x200.jpg 300w, https:\/\/contentf5.dailynewshungary.com\/wp-content\/uploads\/2019\/01\/45645088_2783641781653305_2052023331216949248_o-768x511.jpg 768w, https:\/\/contentf5.dailynewshungary.com\/wp-content\/uploads\/2019\/01\/45645088_2783641781653305_2052023331216949248_o-220x147.jpg 220w, https:\/\/contentf5.dailynewshungary.com\/wp-content\/uploads\/2019\/01\/45645088_2783641781653305_2052023331216949248_o-600x400.jpg 600w, https:\/\/contentf5.dailynewshungary.com\/wp-content\/uploads\/2019\/01\/45645088_2783641781653305_2052023331216949248_o-200x133.jpg 200w\" sizes=\"auto, (max-width: 1000px) 100vw, 1000px\"><\/a>\n\t\t\t<\/div><figcaption class=\"wp-caption-text gallery-caption\" id=\"gallery-7-228310\">\n\t\t\t\tFoto: www.facebook.com\/szimplakert\/<br \/>\n\t\t\t\t<\/figcaption><\/figure>\n<figure class=\"gallery-item\">\n<div class=\"gallery-icon landscape\">\n\t\t\t\t<a href=\"https:\/\/contentf5.dailynewshungary.com\/wp-content\/uploads\/2017\/11\/szimpla-kert-trabant2.jpg\" data-pswp-width=\"960\" data-pswp-height=\"639\" data-cropped=\"true\"><img loading=\"lazy\" decoding=\"async\" width=\"960\" height=\"639\" src=\"https:\/\/contentf5.dailynewshungary.com\/wp-content\/uploads\/2017\/11\/szimpla-kert-trabant2.jpg\" class=\"attachment-large size-large\" alt=\"szimpla\" aria-describedby=\"gallery-7-151618\" srcset=\"https:\/\/contentf5.dailynewshungary.com\/wp-content\/uploads\/2017\/11\/szimpla-kert-trabant2.jpg 960w, https:\/\/contentf5.dailynewshungary.com\/wp-content\/uploads\/2017\/11\/szimpla-kert-trabant2-300x200.jpg 300w, https:\/\/contentf5.dailynewshungary.com\/wp-content\/uploads\/2017\/11\/szimpla-kert-trabant2-768x511.jpg 768w, https:\/\/contentf5.dailynewshungary.com\/wp-content\/uploads\/2017\/11\/szimpla-kert-trabant2-220x146.jpg 220w, https:\/\/contentf5.dailynewshungary.com\/wp-content\/uploads\/2017\/11\/szimpla-kert-trabant2-600x399.jpg 600w, https:\/\/contentf5.dailynewshungary.com\/wp-content\/uploads\/2017\/11\/szimpla-kert-trabant2-200x133.jpg 200w\" sizes=\"auto, (max-width: 960px) 100vw, 960px\"><\/a>\n\t\t\t<\/div><figcaption class=\"wp-caption-text gallery-caption\" id=\"gallery-7-151618\">\n\t\t\t\tFoto: www.facebook.com\/SzimplaKert<br \/>\n\t\t\t\t<\/figcaption><\/figure>\n<figure class=\"gallery-item\">\n<div class=\"gallery-icon landscape\">\n\t\t\t\t<a href=\"https:\/\/contentf5.dailynewshungary.com\/wp-content\/uploads\/2017\/11\/szimpla-kert-lights.jpg\" data-pswp-width=\"960\" data-pswp-height=\"639\" data-cropped=\"true\"><img loading=\"lazy\" decoding=\"async\" width=\"960\" height=\"639\" src=\"https:\/\/contentf5.dailynewshungary.com\/wp-content\/uploads\/2017\/11\/szimpla-kert-lights.jpg\" class=\"attachment-large size-large\" alt=\"Szimpla Kert Lights\" aria-describedby=\"gallery-7-151615\" srcset=\"https:\/\/contentf5.dailynewshungary.com\/wp-content\/uploads\/2017\/11\/szimpla-kert-lights.jpg 960w, https:\/\/contentf5.dailynewshungary.com\/wp-content\/uploads\/2017\/11\/szimpla-kert-lights-300x200.jpg 300w, https:\/\/contentf5.dailynewshungary.com\/wp-content\/uploads\/2017\/11\/szimpla-kert-lights-768x511.jpg 768w, https:\/\/contentf5.dailynewshungary.com\/wp-content\/uploads\/2017\/11\/szimpla-kert-lights-220x146.jpg 220w, https:\/\/contentf5.dailynewshungary.com\/wp-content\/uploads\/2017\/11\/szimpla-kert-lights-600x399.jpg 600w, https:\/\/contentf5.dailynewshungary.com\/wp-content\/uploads\/2017\/11\/szimpla-kert-lights-200x133.jpg 200w\" sizes=\"auto, (max-width: 960px) 100vw, 960px\"><\/a>\n\t\t\t<\/div><figcaption class=\"wp-caption-text gallery-caption\" id=\"gallery-7-151615\">\n\t\t\t\tfoto: facebook.com\/szimplakert<br \/>\n\t\t\t\t<\/figcaption><\/figure>\n<figure class=\"gallery-item\">\n<div class=\"gallery-icon landscape\">\n\t\t\t\t<a href=\"https:\/\/contentf5.dailynewshungary.com\/wp-content\/uploads\/2016\/05\/15891_1079238348760332_5278445760719094614_n1.jpg\" data-pswp-width=\"960\" data-pswp-height=\"717\" data-cropped=\"true\"><img loading=\"lazy\" decoding=\"async\" width=\"960\" height=\"717\" src=\"https:\/\/contentf5.dailynewshungary.com\/wp-content\/uploads\/2016\/05\/15891_1079238348760332_5278445760719094614_n1.jpg\" class=\"attachment-large size-large\" alt=\"N\" aria-describedby=\"gallery-7-69242\" srcset=\"https:\/\/contentf5.dailynewshungary.com\/wp-content\/uploads\/2016\/05\/15891_1079238348760332_5278445760719094614_n1.jpg 960w, https:\/\/contentf5.dailynewshungary.com\/wp-content\/uploads\/2016\/05\/15891_1079238348760332_5278445760719094614_n1-300x224.jpg 300w, https:\/\/contentf5.dailynewshungary.com\/wp-content\/uploads\/2016\/05\/15891_1079238348760332_5278445760719094614_n1-768x574.jpg 768w, https:\/\/contentf5.dailynewshungary.com\/wp-content\/uploads\/2016\/05\/15891_1079238348760332_5278445760719094614_n1-220x164.jpg 220w, https:\/\/contentf5.dailynewshungary.com\/wp-content\/uploads\/2016\/05\/15891_1079238348760332_5278445760719094614_n1-106x80.jpg 106w, https:\/\/contentf5.dailynewshungary.com\/wp-content\/uploads\/2016\/05\/15891_1079238348760332_5278445760719094614_n1-200x150.jpg 200w, https:\/\/contentf5.dailynewshungary.com\/wp-content\/uploads\/2016\/05\/15891_1079238348760332_5278445760719094614_n1-610x456.jpg 610w\" sizes=\"auto, (max-width: 960px) 100vw, 960px\"><\/a>\n\t\t\t<\/div><figcaption class=\"wp-caption-text gallery-caption\" id=\"gallery-7-69242\">\n\t\t\t\tfacebook.com\/szimplakert<br \/>\n\t\t\t\t<\/figcaption><\/figure>\n<\/p><\/div>\n<p>(In Ungheria la mancia \u00e8 solitamente del 10%)<\/p>\n<h2>Dove fare acquisti<\/h2>\n<p>Vale la pena dare un&#8217;occhiata al Grande Mercato Coperto soprattutto per l&#8217;avventura legata alla pancia sopra menzionata e anche perch\u00e9, al piano superiore, troverete negozi di souvenir dove ammirare e acquistare capi di abbigliamento, arredi o borse decorate con ricami tradizionali.<\/p>\n<div id=\"gallery-8\" class=\"gallery galleryid-234242 gallery-columns-3 gallery-size-large\">\n<figure class=\"gallery-item\">\n<div class=\"gallery-icon landscape\">\n\t\t\t\t<a href=\"https:\/\/dailynewshungary.com\/it\/i-migliori-mercati-nel-centro-di-budapest\/\"><img loading=\"lazy\" decoding=\"async\" width=\"960\" height=\"640\" src=\"https:\/\/contentf5.dailynewshungary.com\/wp-content\/uploads\/2018\/05\/27067150_1965608917025189_3335538063931438296_n.jpg\" class=\"attachment-large size-large\" alt=\"edificio gastronomico alimentare del mercato di Budapest\" aria-describedby=\"gallery-8-189890\" srcset=\"https:\/\/contentf5.dailynewshungary.com\/wp-content\/uploads\/2018\/05\/27067150_1965608917025189_3335538063931438296_n.jpg 960w, https:\/\/contentf5.dailynewshungary.com\/wp-content\/uploads\/2018\/05\/27067150_1965608917025189_3335538063931438296_n-300x200.jpg 300w, https:\/\/contentf5.dailynewshungary.com\/wp-content\/uploads\/2018\/05\/27067150_1965608917025189_3335538063931438296_n-768x512.jpg 768w, https:\/\/contentf5.dailynewshungary.com\/wp-content\/uploads\/2018\/05\/27067150_1965608917025189_3335538063931438296_n-220x147.jpg 220w, https:\/\/contentf5.dailynewshungary.com\/wp-content\/uploads\/2018\/05\/27067150_1965608917025189_3335538063931438296_n-600x400.jpg 600w, https:\/\/contentf5.dailynewshungary.com\/wp-content\/uploads\/2018\/05\/27067150_1965608917025189_3335538063931438296_n-200x133.jpg 200w\" sizes=\"auto, (max-width: 960px) 100vw, 960px\"><\/a>\n\t\t\t<\/div><figcaption class=\"wp-caption-text gallery-caption\" id=\"gallery-8-189890\">\n\t\t\t\tFoto: https:\/\/www.facebook.com\/Nagycsarnok\/<br \/>\n\t\t\t\t<\/figcaption><\/figure>\n<figure class=\"gallery-item\">\n<div class=\"gallery-icon landscape\">\n\t\t\t\t<a href=\"https:\/\/dailynewshungary.com\/it\/i-record-possono-essere-battuti-al-17-campionato-mondiale-fina-masters\/\"><img loading=\"lazy\" decoding=\"async\" width=\"1024\" height=\"731\" src=\"https:\/\/contentf5.dailynewshungary.com\/wp-content\/uploads\/2017\/06\/great-market-hall-budapest-f\u0151v\u00e1m-t\u00e9r-1024x731.jpg\" class=\"attachment-large size-large\" alt=\"Piazza F\u0151v\u00e1m t\u00e9r Grande Mercato Municipio v\u00e1s\u00e1rcsarnok\" aria-describedby=\"gallery-8-125143\" srcset=\"https:\/\/contentf5.dailynewshungary.com\/wp-content\/uploads\/2017\/06\/great-market-hall-budapest-f\u0151v\u00e1m-t\u00e9r-1024x731.jpg 1024w, https:\/\/contentf5.dailynewshungary.com\/wp-content\/uploads\/2017\/06\/great-market-hall-budapest-f\u0151v\u00e1m-t\u00e9r-300x214.jpg 300w, https:\/\/contentf5.dailynewshungary.com\/wp-content\/uploads\/2017\/06\/great-market-hall-budapest-f\u0151v\u00e1m-t\u00e9r-768x549.jpg 768w, https:\/\/contentf5.dailynewshungary.com\/wp-content\/uploads\/2017\/06\/great-market-hall-budapest-f\u0151v\u00e1m-t\u00e9r-220x157.jpg 220w, https:\/\/contentf5.dailynewshungary.com\/wp-content\/uploads\/2017\/06\/great-market-hall-budapest-f\u0151v\u00e1m-t\u00e9r-1080x771.jpg 1080w, https:\/\/contentf5.dailynewshungary.com\/wp-content\/uploads\/2017\/06\/great-market-hall-budapest-f\u0151v\u00e1m-t\u00e9r.jpg 2048w\" sizes=\"auto, (max-width: 1024px) 100vw, 1024px\"><\/a>\n\t\t\t<\/div><figcaption class=\"wp-caption-text gallery-caption\" id=\"gallery-8-125143\">\n\t\t\t\tIl Grande Mercato Coperto di Piazza F\u0151v\u00e1m foto: Daily News Ungheria<br \/>\n\t\t\t\t<\/figcaption><\/figure>\n<figure class=\"gallery-item\">\n<div class=\"gallery-icon landscape\">\n\t\t\t\t<a href=\"https:\/\/dailynewshungary.com\/it\/i-record-possono-essere-battuti-al-17-campionato-mondiale-fina-masters\/\"><img loading=\"lazy\" decoding=\"async\" width=\"1024\" height=\"731\" src=\"https:\/\/contentf5.dailynewshungary.com\/wp-content\/uploads\/2017\/06\/great-market-hall-budapest-f\u0151v\u00e1m-t\u00e9r-sausage-food-1024x731.jpg\" class=\"attachment-large size-large\" alt=\"grande-sala-budapest-f invece di voltam-t\u00e9r salsiccia-cibo\" aria-describedby=\"gallery-8-125142\" srcset=\"https:\/\/contentf5.dailynewshungary.com\/wp-content\/uploads\/2017\/06\/great-market-hall-budapest-f\u0151v\u00e1m-t\u00e9r-sausage-food-1024x731.jpg 1024w, https:\/\/contentf5.dailynewshungary.com\/wp-content\/uploads\/2017\/06\/great-market-hall-budapest-f\u0151v\u00e1m-t\u00e9r-sausage-food-300x214.jpg 300w, https:\/\/contentf5.dailynewshungary.com\/wp-content\/uploads\/2017\/06\/great-market-hall-budapest-f\u0151v\u00e1m-t\u00e9r-sausage-food-768x549.jpg 768w, https:\/\/contentf5.dailynewshungary.com\/wp-content\/uploads\/2017\/06\/great-market-hall-budapest-f\u0151v\u00e1m-t\u00e9r-sausage-food-220x157.jpg 220w, https:\/\/contentf5.dailynewshungary.com\/wp-content\/uploads\/2017\/06\/great-market-hall-budapest-f\u0151v\u00e1m-t\u00e9r-sausage-food-1080x771.jpg 1080w, https:\/\/contentf5.dailynewshungary.com\/wp-content\/uploads\/2017\/06\/great-market-hall-budapest-f\u0151v\u00e1m-t\u00e9r-sausage-food.jpg 2048w\" sizes=\"auto, (max-width: 1024px) 100vw, 1024px\"><\/a>\n\t\t\t<\/div><figcaption class=\"wp-caption-text gallery-caption\" id=\"gallery-8-125142\">\n\t\t\t\tMerci al Grande Mercato Foto: Daily News Ungheria<br \/>\n\t\t\t\t<\/figcaption><\/figure>\n<figure class=\"gallery-item\">\n<div class=\"gallery-icon landscape\">\n\t\t\t\t<a href=\"https:\/\/dailynewshungary.com\/it\/i-record-possono-essere-battuti-al-17-campionato-mondiale-fina-masters\/\"><img loading=\"lazy\" decoding=\"async\" width=\"1024\" height=\"731\" src=\"https:\/\/contentf5.dailynewshungary.com\/wp-content\/uploads\/2017\/06\/great-market-hall-budapest-f\u0151v\u00e1m-t\u00e9r-paprika-2-1024x731.jpg\" class=\"attachment-large size-large\" alt=\"grande-mercato-hall-budapest-f invece di v\u00e1m-t\u00e9r paprika 2\" aria-describedby=\"gallery-8-125139\" srcset=\"https:\/\/contentf5.dailynewshungary.com\/wp-content\/uploads\/2017\/06\/great-market-hall-budapest-f\u0151v\u00e1m-t\u00e9r-paprika-2-1024x731.jpg 1024w, https:\/\/contentf5.dailynewshungary.com\/wp-content\/uploads\/2017\/06\/great-market-hall-budapest-f\u0151v\u00e1m-t\u00e9r-paprika-2-300x214.jpg 300w, https:\/\/contentf5.dailynewshungary.com\/wp-content\/uploads\/2017\/06\/great-market-hall-budapest-f\u0151v\u00e1m-t\u00e9r-paprika-2-768x549.jpg 768w, https:\/\/contentf5.dailynewshungary.com\/wp-content\/uploads\/2017\/06\/great-market-hall-budapest-f\u0151v\u00e1m-t\u00e9r-paprika-2-220x157.jpg 220w, https:\/\/contentf5.dailynewshungary.com\/wp-content\/uploads\/2017\/06\/great-market-hall-budapest-f\u0151v\u00e1m-t\u00e9r-paprika-2-1080x771.jpg 1080w, https:\/\/contentf5.dailynewshungary.com\/wp-content\/uploads\/2017\/06\/great-market-hall-budapest-f\u0151v\u00e1m-t\u00e9r-paprika-2.jpg 2048w\" sizes=\"auto, (max-width: 1024px) 100vw, 1024px\"><\/a>\n\t\t\t<\/div><figcaption class=\"wp-caption-text gallery-caption\" id=\"gallery-8-125139\">\n\t\t\t\tFoto: Notizie quotidiane Ungheria<br \/>\n\t\t\t\t<\/figcaption><\/figure>\n<\/p><\/div>\n<p>Gli stilisti ungheresi non dovrebbero mancare se siete interessati alla scena della moda: il <em>Indipendente<\/em> consiglia Rododendron, dove \u00e8 possibile incontrare le opere d&#8217;arte e gli accessori di designer ungheresi locali, o Printa.<\/p>\n","protected":false},"excerpt":{"rendered":"<p>Ci\u00f2 che rende Budapest particolarmente affascinante \u00e8 la dualit\u00e0 e la diversit\u00e0 quando si tratta della sua personalit\u00e0: le due met\u00e0 rappresentano gi\u00e0 valori diversi (Buda \u00e8 l&#8217;incantatore romantico mentre Pest il vivace seduttore), con le varie attivit\u00e0, mercati e festival che sono la ciliegia in cima Tuttavia, non \u00e8 facile orientarsi tra le numerose [&hellip;]<\/p>\n","protected":false},"author":13,"featured_media":696786,"comment_status":"open","ping_status":"open","sticky":false,"template":"","format":"standard","meta":{"_display_image":"","footnotes":""},"categories":[1344],"tags":[1158,1072,1069,1199,1073],"class_list":["post-696785","post","type-post","status-publish","format-standard","has-post-thumbnail","hentry","category-speciale-ungheria","tag-budapest","tag-turismo","tag-ungheria","tag-utile","tag-viaggi"],"blocksy_meta":[],"author_username":"kovacszsoka","telegram_post":"","public_post_metadata":{"breaking_news":"","important":"","csempe":"","center_tile":"","disable_thumbnail":"","target_lang":"","_featured_image_style":"","telegram_post":"","_xlat_group_id":""},"public_rank_math_data":{"title":"%titolo% %sep% %nomesito%","description":"","focus_keyword":"","canonical_url":"","robots":"","primary_category":"1344","breadcrumb_title":"","facebook_title":"","facebook_description":"","facebook_image":"","facebook_image_id":"","twitter_title":"","twitter_description":"","twitter_image":"","twitter_image_id":"","twitter_card_type":"","twitter_use_facebook":"","advanced_robots":"","pillar_content":"","seo_score":"","contentai_score":"","rich_snippet":""},"_links":{"self":[{"href":"https:\/\/dailynewshungary.com\/it\/wp-json\/wp\/v2\/posts\/696785","targetHints":{"allow":["GET"]}}],"collection":[{"href":"https:\/\/dailynewshungary.com\/it\/wp-json\/wp\/v2\/posts"}],"about":[{"href":"https:\/\/dailynewshungary.com\/it\/wp-json\/wp\/v2\/types\/post"}],"author":[{"embeddable":true,"href":"https:\/\/dailynewshungary.com\/it\/wp-json\/wp\/v2\/users\/13"}],"replies":[{"embeddable":true,"href":"https:\/\/dailynewshungary.com\/it\/wp-json\/wp\/v2\/comments?post=696785"}],"version-history":[{"count":0,"href":"https:\/\/dailynewshungary.com\/it\/wp-json\/wp\/v2\/posts\/696785\/revisions"}],"wp:featuredmedia":[{"embeddable":true,"href":"https:\/\/dailynewshungary.com\/it\/wp-json\/wp\/v2\/media\/696786"}],"wp:attachment":[{"href":"https:\/\/dailynewshungary.com\/it\/wp-json\/wp\/v2\/media?parent=696785"}],"wp:term":[{"taxonomy":"category","embeddable":true,"href":"https:\/\/dailynewshungary.com\/it\/wp-json\/wp\/v2\/categories?post=696785"},{"taxonomy":"post_tag","embeddable":true,"href":"https:\/\/dailynewshungary.com\/it\/wp-json\/wp\/v2\/tags?post=696785"}],"curies":[{"name":"wp","href":"https:\/\/api.w.org\/{rel}","templated":true}]}}