{"id":697204,"date":"2019-02-06T15:38:22","date_gmt":"2019-02-06T14:38:22","guid":{"rendered":"https:\/\/dailynewshungary.com\/it\/chirurgia-plastica-di-gemelli-uniti-al-cranio-completato-con-successo-a-budapest\/"},"modified":"2019-02-06T15:38:22","modified_gmt":"2019-02-06T14:38:22","slug":"chirurgia-plastica-di-gemelli-uniti-al-cranio-completato-con-successo-a-budapest","status":"publish","type":"post","link":"https:\/\/dailynewshungary.com\/it\/chirurgia-plastica-di-gemelli-uniti-al-cranio-completato-con-successo-a-budapest\/","title":{"rendered":"Chirurgia plastica di gemelli uniti al cranio completato con successo a Budapest!"},"content":{"rendered":"<p><strong>Rabia e Rukia, le due gemelle di un anno e mezzo, sono passate con successo attraverso l&#8217;impianto di uno speciale sistema di espansione dei tessuti progettato in Ungheria sotto la direzione del chirurgo plastico Dr. Gergely Pataki, il fondatore della Action for Defenseless People Foundation L&#8217;operazione \u00e8 stata eseguita il 25 gennaio presso l&#8217;Universit\u00e0 Semmelweis, con la partecipazione del personale dell&#8217;universit\u00e0 I gemelli sono in buona salute e hanno avuto il permesso di lasciare la clinica.<\/strong><\/p>\n<p>Come <a href=\"http:\/\/semmelweis.hu\/english\/news\/2019\/02\/plastic-surgery-of-twins-joined-at-the-skull-completed-successfully-in-budapest\/\" target=\"_blank\" rel=\"noopener noreferrer\">l&#8217;universit\u00e0 Semmelweis ha detto<\/a>, a seguito di consultazioni approfondite tra la fondazione e l&#8217;universit\u00e0, <a href=\"https:\/\/dailynewshungary.com\/it\/sensazionale-gemelli-siamesi-del-bangladesh-arrivano-a-budapest-per-cure\/\" target=\"_blank\" rel=\"noopener noreferrer\">Rabia e Rukia sono arrivate in Ungheria con i genitori il 5 gennaio<\/a> al fine di passare attraverso i test diagnostici e preliminari necessari per l&#8217;operazione finale di separazione cranica, nonch\u00e9 l&#8217;operazione speciale di chirurgia plastica, presso i vari dipartimenti dell&#8217;Universit\u00e0 Semmelweis.<\/p>\n<p>Nelle settimane precedenti l&#8217;intervento, i bambini sono stati sottoposti ad esami e test pediatrici generali, di laboratorio, radiologici, nonch\u00e9 infettivologici presso l&#8217;universit\u00e0.<\/p>\n<blockquote>\n<p>L&#8217;attuale, speciale intervento di chirurgia plastica rappresenta la seconda fase della serie di interventi per separare i gemelli bengalesi craniopagi (uniti al cranio), e ha comportato l&#8217;impianto dei cosiddetti impianti espansori.<\/p>\n<\/blockquote>\n<p>Nelle prossime settimane e mesi un team di medici composto da esperti dei diversi ambiti medici interessati decider\u00e0, sulla base del monitoraggio continuo dei risultati, sulla possibilit\u00e0 di effettuare ulteriori esami o interventi a Budapest prima della separazione definitiva.<\/p>\n<p>La prima parte della serie di operazioni (una procedura scientifica rivoluzionaria), la separazione endovascolare delle sezioni principali delle vene grandi del Bangladesh 18 \u00e8 stata completata in 20 anni sotto la direzione del Dr. Istv\u00e1n Hud\u00e1k, un collaboratore della Fondazione Azione per le persone indifese. <a href=\"https:\/\/dailynewshungary.com\/it\/i-medici-ungheresi-eseguono-operazioni-su-gemelli-siamesi-in-bangladesh\/\" target=\"_blank\" rel=\"noopener noreferrer\">Leggi di pi\u00f9 QUI<\/a>.<\/p>\n<p><em>Foto: At tila Kov\u00e1cs (Universit\u00e0 Semmelweis)<\/em><\/p>\n","protected":false},"excerpt":{"rendered":"<p>Rabia e Rukia, le due gemelle di un anno e mezzo, sono passate con successo attraverso l&#8217;impianto di uno speciale sistema di espansione dei tessuti progettato in Ungheria sotto la direzione del chirurgo plastico Dr. Gergely Pataki, il fondatore della Action for Defenseless People Foundation L&#8217;operazione \u00e8 stata eseguita il 25 gennaio presso l&#8217;Universit\u00e0 Semmelweis, [&hellip;]<\/p>\n","protected":false},"author":88,"featured_media":697205,"comment_status":"open","ping_status":"open","sticky":false,"template":"","format":"standard","meta":{"_display_image":"","footnotes":""},"categories":[1207],"tags":[1157,1158,1113,1069],"class_list":["post-697204","post","type-post","status-publish","format-standard","has-post-thumbnail","hentry","category-societa-in-ungheria","tag-asia","tag-budapest","tag-salute","tag-ungheria"],"blocksy_meta":[],"author_username":"alpar.kato","telegram_post":"","public_post_metadata":{"breaking_news":"","important":"","csempe":"","center_tile":"","disable_thumbnail":"","target_lang":"","_featured_image_style":"","telegram_post":"","_xlat_group_id":""},"public_rank_math_data":{"title":"%titolo% %sep% %nomesito%","description":"","focus_keyword":"","canonical_url":"","robots":"","primary_category":"1207","breadcrumb_title":"","facebook_title":"","facebook_description":"","facebook_image":"","facebook_image_id":"","twitter_title":"","twitter_description":"","twitter_image":"","twitter_image_id":"","twitter_card_type":"","twitter_use_facebook":"","advanced_robots":"","pillar_content":"","seo_score":"","contentai_score":"","rich_snippet":""},"_links":{"self":[{"href":"https:\/\/dailynewshungary.com\/it\/wp-json\/wp\/v2\/posts\/697204","targetHints":{"allow":["GET"]}}],"collection":[{"href":"https:\/\/dailynewshungary.com\/it\/wp-json\/wp\/v2\/posts"}],"about":[{"href":"https:\/\/dailynewshungary.com\/it\/wp-json\/wp\/v2\/types\/post"}],"author":[{"embeddable":true,"href":"https:\/\/dailynewshungary.com\/it\/wp-json\/wp\/v2\/users\/88"}],"replies":[{"embeddable":true,"href":"https:\/\/dailynewshungary.com\/it\/wp-json\/wp\/v2\/comments?post=697204"}],"version-history":[{"count":0,"href":"https:\/\/dailynewshungary.com\/it\/wp-json\/wp\/v2\/posts\/697204\/revisions"}],"wp:featuredmedia":[{"embeddable":true,"href":"https:\/\/dailynewshungary.com\/it\/wp-json\/wp\/v2\/media\/697205"}],"wp:attachment":[{"href":"https:\/\/dailynewshungary.com\/it\/wp-json\/wp\/v2\/media?parent=697204"}],"wp:term":[{"taxonomy":"category","embeddable":true,"href":"https:\/\/dailynewshungary.com\/it\/wp-json\/wp\/v2\/categories?post=697204"},{"taxonomy":"post_tag","embeddable":true,"href":"https:\/\/dailynewshungary.com\/it\/wp-json\/wp\/v2\/tags?post=697204"}],"curies":[{"name":"wp","href":"https:\/\/api.w.org\/{rel}","templated":true}]}}