{"id":697777,"date":"2019-01-15T09:30:56","date_gmt":"2019-01-15T08:30:56","guid":{"rendered":"https:\/\/dailynewshungary.com\/it\/lungheria-avvia-una-procedura-di-infrazione-contro-laustria-per-modifiche-alle-prestazioni-familiari\/"},"modified":"2019-01-15T09:30:56","modified_gmt":"2019-01-15T08:30:56","slug":"lungheria-avvia-una-procedura-di-infrazione-contro-laustria-per-modifiche-alle-prestazioni-familiari","status":"publish","type":"post","link":"https:\/\/dailynewshungary.com\/it\/lungheria-avvia-una-procedura-di-infrazione-contro-laustria-per-modifiche-alle-prestazioni-familiari\/","title":{"rendered":"L\u2019Ungheria avvia una procedura di infrazione contro l\u2019Austria per modifiche alle prestazioni familiari"},"content":{"rendered":"<p><strong>Il governo ungherese si \u00e8 rivolto al commissario europeo per l&#8217;occupazione e gli affari sociali con l&#8217;obiettivo di avviare una procedura di infrazione contro l&#8217;Austria sulla questione dei benefici per i familiari dei lavoratori distaccati all&#8217;estero, ha detto luned\u00ec un funzionario del ministero della Giustizia.<\/strong><\/p>\n<p>Il 1 gennaio, <a href=\"https:\/\/dailynewshungary.com\/it\/laustria-dimezza-i-benefici-familiari-degli-ungheresi-che-lavorano-li\/\" target=\"_blank\" rel=\"noopener noreferrer\">L&#8217;Austria ha tagliato le prestazioni familiari pagate per gli stranieri che lavorano nel paese ai livelli di prezzo del paese di residenza del bambino, leggi di pi\u00f9 QUI<\/a>.<\/p>\n<p>Il segretario di Stato P\u00e1l V\u00f6lner ha affermato che l&#8217;Ungheria si rivolger\u00e0 alla Corte di giustizia dell&#8217;Unione europea se la Commissione europea non avvier\u00e0 una procedura di infrazione contro l&#8217;Austria.<\/p>\n<p>Per l&#8217;Ungheria, gli interessi dei lavoratori ungheresi vengono prima di tutto, e il governo fa tutto ci\u00f2 che \u00e8 in suo potere per assicurarsi che i loro diritti non vengano violati all&#8217;estero, ha detto.<\/p>\n<p>Come risultato dei tagli alle prestazioni, il governo austriaco ora paga solo il 56 per cento dell&#8217;assegno familiare ufficiale agli ungheresi che lavorano l\u00ec se i loro figli vivono in Ungheria, ha spiegato V\u00f6lner.<\/p>\n<blockquote>\n<p>Il 7 gennaio, il governo ungherese ha presentato una nota diplomatica al governo austriaco spiegando che le modifiche apportate dal paese al sistema di assegni familiari e alle preferenze in materia di imposta sul reddito delle persone fisiche violano le normative UE, e<\/p>\n<\/blockquote>\n<p>il segretario di stato ha detto. Ma dal <a href=\"https:\/\/dailynewshungary.com\/it\/la-grande-rapina-al-treno-britannico-come-una-banda-di-15-uomini-rubo-26-milioni-di-sterline-nel-1963\/\" target=\"_blank\" rel=\"noopener noreferrer\">Austria<\/a> non ha affrontato queste preoccupazioni, l&#8217;Ungheria ha deciso di rivolgersi a Marianne Thyssen, il commissario Ue, ha aggiunto.<\/p>\n","protected":false},"excerpt":{"rendered":"<p>Il governo ungherese si \u00e8 rivolto al commissario europeo per l&#8217;occupazione e gli affari sociali con l&#8217;obiettivo di avviare una procedura di infrazione contro l&#8217;Austria sulla questione dei benefici per i familiari dei lavoratori distaccati all&#8217;estero, ha detto luned\u00ec un funzionario del ministero della Giustizia. Il 1 gennaio, L&#8217;Austria ha tagliato le prestazioni familiari pagate [&hellip;]<\/p>\n","protected":false},"author":88,"featured_media":697778,"comment_status":"open","ping_status":"open","sticky":false,"template":"","format":"standard","meta":{"_display_image":"","footnotes":""},"categories":[1314],"tags":[1137,1132,1220,1069,1075],"class_list":["post-697777","post","type-post","status-publish","format-standard","has-post-thumbnail","hentry","category-economia-in-ungheria","tag-austria","tag-economia","tag-famiglia","tag-ungheria","tag-unione-europea"],"blocksy_meta":[],"author_username":"alpar.kato","telegram_post":"","public_post_metadata":{"breaking_news":"","important":"","csempe":"","center_tile":"","disable_thumbnail":"","target_lang":"","_featured_image_style":"","telegram_post":"","_xlat_group_id":""},"public_rank_math_data":{"title":"%titolo% %sep% %nomesito%","description":"","focus_keyword":"","canonical_url":"","robots":"","primary_category":"1314","breadcrumb_title":"","facebook_title":"","facebook_description":"","facebook_image":"","facebook_image_id":"","twitter_title":"","twitter_description":"","twitter_image":"","twitter_image_id":"","twitter_card_type":"","twitter_use_facebook":"","advanced_robots":"","pillar_content":"","seo_score":"","contentai_score":"","rich_snippet":""},"_links":{"self":[{"href":"https:\/\/dailynewshungary.com\/it\/wp-json\/wp\/v2\/posts\/697777","targetHints":{"allow":["GET"]}}],"collection":[{"href":"https:\/\/dailynewshungary.com\/it\/wp-json\/wp\/v2\/posts"}],"about":[{"href":"https:\/\/dailynewshungary.com\/it\/wp-json\/wp\/v2\/types\/post"}],"author":[{"embeddable":true,"href":"https:\/\/dailynewshungary.com\/it\/wp-json\/wp\/v2\/users\/88"}],"replies":[{"embeddable":true,"href":"https:\/\/dailynewshungary.com\/it\/wp-json\/wp\/v2\/comments?post=697777"}],"version-history":[{"count":0,"href":"https:\/\/dailynewshungary.com\/it\/wp-json\/wp\/v2\/posts\/697777\/revisions"}],"wp:featuredmedia":[{"embeddable":true,"href":"https:\/\/dailynewshungary.com\/it\/wp-json\/wp\/v2\/media\/697778"}],"wp:attachment":[{"href":"https:\/\/dailynewshungary.com\/it\/wp-json\/wp\/v2\/media?parent=697777"}],"wp:term":[{"taxonomy":"category","embeddable":true,"href":"https:\/\/dailynewshungary.com\/it\/wp-json\/wp\/v2\/categories?post=697777"},{"taxonomy":"post_tag","embeddable":true,"href":"https:\/\/dailynewshungary.com\/it\/wp-json\/wp\/v2\/tags?post=697777"}],"curies":[{"name":"wp","href":"https:\/\/api.w.org\/{rel}","templated":true}]}}