{"id":697921,"date":"2019-01-09T13:40:06","date_gmt":"2019-01-09T12:40:06","guid":{"rendered":"https:\/\/dailynewshungary.com\/it\/lopposizione-europea-e-ungherese-organizzano-una-manifestazione-antigovernativa-a-bruxelles\/"},"modified":"2019-01-09T13:40:06","modified_gmt":"2019-01-09T12:40:06","slug":"lopposizione-europea-e-ungherese-organizzano-una-manifestazione-antigovernativa-a-bruxelles","status":"publish","type":"post","link":"https:\/\/dailynewshungary.com\/it\/lopposizione-europea-e-ungherese-organizzano-una-manifestazione-antigovernativa-a-bruxelles\/","title":{"rendered":"L\u2019opposizione europea e ungherese organizzano una manifestazione antigovernativa a Bruxelles"},"content":{"rendered":"<p><strong>L&#8217;eurodeputata verde olandese Judith Sargentini, autrice di un rapporto critico nei confronti dello stato di diritto in Ungheria approvato dal Parlamento europeo lo scorso anno, \u00e8 intervenuta marted\u00ec a Bruxelles a una manifestazione contro le politiche del governo ungherese organizzata dall&#8217;opposizione ungherese.<\/strong><\/p>\n<p>Nel suo discorso alla protesta organizzata dal movimento Radicale dei Democratici Europei (RED), Sargentini ha sottolineato l&#8217;importanza di media liberi e di essere critica nei confronti dei governi in una democrazia.<\/p>\n<p>Ha detto che \u00e8 pericoloso confondere un governo o un partito politico con lo Stato o i suoi cittadini, aggiungendo che questo \u00e8 ci\u00f2 che sta accadendo nel caso dei dibattiti sulla situazione in Ungheria.<\/p>\n<blockquote>\n<p>Ha anche detto che era importante per <a href=\"https:\/\/dailynewshungary.com\/it\/sindacati-e-opposizioni-hanno-tenuto-manifestazioni-antigovernative-a-budapest-foto\/\">sindacati, gruppi civili e partiti di opposizione si riuniscono<\/a>.<\/p>\n<\/blockquote>\n<p>Per quanto riguarda la sua relazione, <a href=\"https:\/\/dailynewshungary.com\/it\/il-parlamento-ungherese-approva-una-risoluzione-che-condanna-la-relazione-sargentini\/\">Sargentini ha affermato che si concentra su una serie di argomenti chiave sui diritti civili in Ungheria<\/a> e come il governo ungherese stesse minando quei diritti L&#8217;eurodeputato ha detto che tutti i cittadini europei hanno uguali diritti.<\/p>\n<p>Sargentini ha detto che esprime solidariet\u00e0 agli ungheresi perch\u00e9 sono cittadini europei di prima classe.<\/p>\n<blockquote>\n<p>Il politico ha detto che il tempo per la \u201cquiet diplomacy\u201d \u00e8 finito ed \u00e8 giunto il momento di agire, per timore che la situazione peggiori.<\/p>\n<\/blockquote>\n<p>L&#8217;eurodeputato del Partito socialista Istv\u00e1n Ujhelyi ha affermato che essere ungherese \u00e8 altrettanto importante per rimanere europeo. \u201cManteniamo l&#8217;Ungheria in Europa,\u201d, ha detto. \u201cMa dobbiamo scegliere: Europa o Orbanistan.\u201d<\/p>\n<p>L&#8217;eurodeputato della Coalizione Democratica Csaba Moln\u00e1r ha affermato che l&#8217;Ungheria \u00e8 stata una \u201crevolting\u201d perch\u00e9 [il primo ministro] Viktor Orb\u00e1n ha avuto \u201crovined\u201d, l&#8217;ideale europeo condiviso nell&#8217;UE negli ultimi anni. Ha affermato che non espellendo Fidesz al potere dalle fila del Partito popolare europeo, il leader del gruppo PPE Manfred Weber stava \u201cproteggendo un regime ingannevole e corrotto che \u00e8 marcio fino al midollo.<\/p>\n<p>L&#8217;intervento dell&#8217;eurodeputato di P\u00e1rbesz\u00e9d Benedek J\u00e1vor \u00e8 stato letto dal suo collega Roland Papp. Ha detto che l&#8217;Ungheria\u201d di \u201cOrb\u00e1n sta diventando un paese di lavoratori pubblici e lavoratori del settore pubblico oberati di lavoro.<\/p>\n<blockquote>\n<p>\u201cLa maggioranza degli ungheresi non vuole un paese come quello che viene costruito oggi da Orb\u00e1n, ha insistito.<\/p>\n<\/blockquote>\n<p>J\u00e1nos Kendernay della LMP ha affermato che il regime di \u201cOrb\u00e1n\u201d serve il grande capitale al posto del popolo. Ha detto che la forza lavoro ungherese alla fine scomparir\u00e0, perch\u00e9 chiunque possa lascia la\u201d.<\/p>\n<p>Barnab\u00e1s Mester, uno dei fondatori del movimento RED, ha sottolineato il numero dei partecipanti ungheresi alle proteste antigovernative all&#8217;estero, affermando che quelle persone hanno lasciato l&#8217;Ungheria a causa delle politiche del governo.<\/p>\n<p>Bal\u00e1zs Nemeth del Movimento Momentum ha detto che il 2019 sar\u00e0 l\u2019anno della guerra di resistenza e che gli ungheresi dovranno essere politicamente attivi finch\u00e9 l\u2019Ungheria non avr\u00e0 nuovamente un governo democratico.<\/p>\n<p><em>Immagine in primo piano: MTI\/AP<\/em><\/p>\n","protected":false},"excerpt":{"rendered":"<p>L&#8217;eurodeputata verde olandese Judith Sargentini, autrice di un rapporto critico nei confronti dello stato di diritto in Ungheria approvato dal Parlamento europeo lo scorso anno, \u00e8 intervenuta marted\u00ec a Bruxelles a una manifestazione contro le politiche del governo ungherese organizzata dall&#8217;opposizione ungherese. Nel suo discorso alla protesta organizzata dal movimento Radicale dei Democratici Europei (RED), [&hellip;]<\/p>\n","protected":false},"author":7,"featured_media":697922,"comment_status":"open","ping_status":"open","sticky":false,"template":"","format":"standard","meta":{"_display_image":"","footnotes":""},"categories":[1185],"tags":[1165,1075,1083],"class_list":["post-697921","post","type-post","status-publish","format-standard","has-post-thumbnail","hentry","category-politica-in-ungheria","tag-manifestazione","tag-unione-europea","tag-viktor-orban"],"blocksy_meta":[],"author_username":"Szandi","telegram_post":"","public_post_metadata":{"breaking_news":"","important":"","csempe":"","center_tile":"","disable_thumbnail":"","target_lang":"","_featured_image_style":"","telegram_post":"","_xlat_group_id":""},"public_rank_math_data":{"title":"%titolo% %sep% %nomesito%","description":"","focus_keyword":"","canonical_url":"","robots":"","primary_category":"1185","breadcrumb_title":"","facebook_title":"","facebook_description":"","facebook_image":"","facebook_image_id":"","twitter_title":"","twitter_description":"","twitter_image":"","twitter_image_id":"","twitter_card_type":"","twitter_use_facebook":"","advanced_robots":"","pillar_content":"","seo_score":"","contentai_score":"","rich_snippet":""},"_links":{"self":[{"href":"https:\/\/dailynewshungary.com\/it\/wp-json\/wp\/v2\/posts\/697921","targetHints":{"allow":["GET"]}}],"collection":[{"href":"https:\/\/dailynewshungary.com\/it\/wp-json\/wp\/v2\/posts"}],"about":[{"href":"https:\/\/dailynewshungary.com\/it\/wp-json\/wp\/v2\/types\/post"}],"author":[{"embeddable":true,"href":"https:\/\/dailynewshungary.com\/it\/wp-json\/wp\/v2\/users\/7"}],"replies":[{"embeddable":true,"href":"https:\/\/dailynewshungary.com\/it\/wp-json\/wp\/v2\/comments?post=697921"}],"version-history":[{"count":0,"href":"https:\/\/dailynewshungary.com\/it\/wp-json\/wp\/v2\/posts\/697921\/revisions"}],"wp:featuredmedia":[{"embeddable":true,"href":"https:\/\/dailynewshungary.com\/it\/wp-json\/wp\/v2\/media\/697922"}],"wp:attachment":[{"href":"https:\/\/dailynewshungary.com\/it\/wp-json\/wp\/v2\/media?parent=697921"}],"wp:term":[{"taxonomy":"category","embeddable":true,"href":"https:\/\/dailynewshungary.com\/it\/wp-json\/wp\/v2\/categories?post=697921"},{"taxonomy":"post_tag","embeddable":true,"href":"https:\/\/dailynewshungary.com\/it\/wp-json\/wp\/v2\/tags?post=697921"}],"curies":[{"name":"wp","href":"https:\/\/api.w.org\/{rel}","templated":true}]}}