{"id":698004,"date":"2019-01-05T20:45:33","date_gmt":"2019-01-05T19:45:33","guid":{"rendered":"https:\/\/dailynewshungary.com\/it\/sindacati-e-opposizioni-hanno-tenuto-manifestazioni-antigovernative-a-budapest-foto\/"},"modified":"2019-01-05T20:45:33","modified_gmt":"2019-01-05T19:45:33","slug":"sindacati-e-opposizioni-hanno-tenuto-manifestazioni-antigovernative-a-budapest-foto","status":"publish","type":"post","link":"https:\/\/dailynewshungary.com\/it\/sindacati-e-opposizioni-hanno-tenuto-manifestazioni-antigovernative-a-budapest-foto\/","title":{"rendered":"Sindacati e opposizioni hanno tenuto manifestazioni antigovernative a Budapest Foto"},"content":{"rendered":"<p><strong>Oggi pomeriggio \u00e8 iniziata una manifestazione antigovernativa in Piazza degli Eroi a Budapest, con i partecipanti che si sono spostati attraverso Andr\u00e1ssy Avenue verso il palazzo del Parlamento. I partiti di opposizione hanno chiesto ulteriori proteste, un altro cambio di regime e la costruzione di una nuova repubblica, mentre i sindacati hanno annunciato manifestazioni a livello nazionale che si terranno il 19 gennaio per protestare contro le recenti modifiche al codice del lavoro.<\/strong><\/p>\n<p>L\u00e1szl\u00f3 Kordas, capo della confederazione TU MSZOSZ, ha dichiarato durante una manifestazione antigovernativa a Budapest che marted\u00ec presenteranno un elenco di richieste al primo ministro Viktor Orb\u00e1n e concederanno cinque giorni al governo per istituire un comitato negoziale.<\/p>\n<blockquote>\n<p>Se il governo non riuscir\u00e0 a istituire il comitato entro la scadenza, i sindacati organizzeranno uno sciopero di allarme a livello nazionale e i manifestanti bloccheranno strade e ponti, ha detto.<\/p>\n<\/blockquote>\n<p>I sindacati sono preparati per \u201ca militant period\u201d perch\u00e9 il governo ha \u201cfatto un accordo con i capitalisti\u201d e \u201cscelto di schierarsi con atroci cacciatori di profitti\u201d, ha detto.<\/p>\n<p><img loading=\"lazy\" decoding=\"async\" class=\"alignright size-medium wp-image-227679\" src=\"https:\/\/dailynewshungary.com\/wp-content\/uploads\/2019\/01\/DBZOL20190105006-300x200.jpg\" alt=\"Responsabile del sindacato degli insegnanti PDSZ Tam\u00e1s Sz Gmbcs\" width=\"300\" height=\"200\" srcset=\"https:\/\/contentf5.dailynewshungary.com\/wp-content\/uploads\/2019\/01\/DBZOL20190105006-300x200.jpg 300w, https:\/\/contentf5.dailynewshungary.com\/wp-content\/uploads\/2019\/01\/DBZOL20190105006-768x511.jpg 768w, https:\/\/contentf5.dailynewshungary.com\/wp-content\/uploads\/2019\/01\/DBZOL20190105006-1024x682.jpg 1024w, https:\/\/contentf5.dailynewshungary.com\/wp-content\/uploads\/2019\/01\/DBZOL20190105006-220x146.jpg 220w, https:\/\/contentf5.dailynewshungary.com\/wp-content\/uploads\/2019\/01\/DBZOL20190105006-600x399.jpg 600w, https:\/\/contentf5.dailynewshungary.com\/wp-content\/uploads\/2019\/01\/DBZOL20190105006-200x133.jpg 200w, https:\/\/contentf5.dailynewshungary.com\/wp-content\/uploads\/2019\/01\/DBZOL20190105006-1080x719.jpg 1080w, https:\/\/contentf5.dailynewshungary.com\/wp-content\/uploads\/2019\/01\/DBZOL20190105006.jpg 2048w\" sizes=\"auto, (max-width: 300px) 100vw, 300px\">Il capo del sindacato degli insegnanti PDSZ Tam\u00e1s Sz Gmbcs ha chiesto un&#8217;azione e ha detto che non c&#8217;\u00e8 motivo di temere gli scioperi perch\u00e9 sono l&#8217;unico modo per avere successo e costringere chi detiene il potere a fare marcia indietro.<\/p>\n<p>Il leader socialista Bertalan T\u00f3th ha affermato che si \u00e8 creata unit\u00e0 tra le forze di opposizione sia in parlamento che nelle strade Ha invitato i partiti di opposizione a cooperare sia alle elezioni europee che a quelle locali entro la fine dell&#8217;anno Ha affermato che i partiti di opposizione dovrebbero schierare candidati congiunti per le elezioni municipali ovunque.<\/p>\n<p style=\"text-align: center;\">[button link=\u201dhttps:\/\/dailynewshungary.com\/no-hesitation-president-ader-signs-the-amendment-of-the-labour-law\/\u201d color=\u201dorange\u201d newwindow=\u201d\u201d] PRESIDENTE \u00c1DER FIRMA LA MODIFICA DEL DIRITTO DEL LAVORO AGGIORNAMENTO[\/pulsante]<\/p>\n<p>Il portavoce dell&#8217;opposizione conservatrice Jobbik, P\u00e9ter Jakab, ha detto che sar\u00e0 lanciata una petizione contro la legge sugli schiavi \u201c\u201d.<\/p>\n<p>Il vice leader dell&#8217;opposizione DK Csaba Moln\u00e1r ha detto che anche se il primo ministro Viktor Orb\u00e1n si tirasse indietro e ritirasse gli emendamenti al codice del lavoro, non si fermerebbero perch\u00e9 stanno respingendo l&#8217;\u201d contro l&#8217;intero regime e non solo contro leggi specifiche.<\/p>\n<p>Il deputato dell&#8217;opposizione LMP Antal Cs\u00e1rdi ha affermato che quattro milioni di dipendenti sono stati colpiti dalla revoca della legge sugli schiavi, quindi il compito principale era ritirarla e rivedere il codice del lavoro. Ha convocato i sindacati e gli altri partiti di opposizione per consultazioni il 9 gennaio.<\/p>\n<p>Il co-leader dell&#8217;opposizione P\u00e1rbeszed Gergely Kar\u00e1csony ha affermato che il governo non \u00e8 in grado di applicare la tattica dittatoriale dell&#8217;\u201cdivide e della reputation\u201d contro i manifestanti.<\/p>\n<p>Il deputato indipendente Bernadett Szel ha affermato che il mondo non deve appartenere ai populisti e l&#8217;Ungheria non deve appartenere a Orban\u201d.<\/p>\n<p>Il dirigente liberale e parlamentare indipendente Anett Bssz ha affermato che lo stato di diritto e la democrazia dell&#8217;Ungheria dovranno essere ripristinati.<\/p>\n<p>La vice leader di Momentum Anna Don\u00e1th ha detto che gli ungheresi non sono schiavi.<\/p>\n<blockquote>\n<p>La protesta \u00e8 iniziata da Piazza degli Eroi e nuovi manifestanti si sono uniti alla folla mentre si muoveva per la citt\u00e0 Quando l&#8217;inizio della folla \u00e8 arrivato in piazza Kossuth vicino al parlamento, la fine era all&#8217;angolo tra piazza Andr\u00e1ssy e la strada Bajcsy-Zsilinszky a circa 1,5 km di distanza.<\/p>\n<\/blockquote>\n<figure id=\"attachment_227662\" aria-describedby=\"caption-attachment-227662\" style=\"width: 1024px\" class=\"wp-caption aligncenter\"><img loading=\"lazy\" decoding=\"async\" class=\"size-large wp-image-227662\" src=\"https:\/\/dailynewshungary.com\/wp-content\/uploads\/2019\/01\/DBZOL20190105002-1024x682.jpg\" alt=\"Manifestazione antigovernativa a Budapest\" width=\"1024\" height=\"682\" srcset=\"https:\/\/contentf5.dailynewshungary.com\/wp-content\/uploads\/2019\/01\/DBZOL20190105002-1024x682.jpg 1024w, https:\/\/contentf5.dailynewshungary.com\/wp-content\/uploads\/2019\/01\/DBZOL20190105002-300x200.jpg 300w, https:\/\/contentf5.dailynewshungary.com\/wp-content\/uploads\/2019\/01\/DBZOL20190105002-768x511.jpg 768w, https:\/\/contentf5.dailynewshungary.com\/wp-content\/uploads\/2019\/01\/DBZOL20190105002-220x146.jpg 220w, https:\/\/contentf5.dailynewshungary.com\/wp-content\/uploads\/2019\/01\/DBZOL20190105002-600x399.jpg 600w, https:\/\/contentf5.dailynewshungary.com\/wp-content\/uploads\/2019\/01\/DBZOL20190105002-200x133.jpg 200w, https:\/\/contentf5.dailynewshungary.com\/wp-content\/uploads\/2019\/01\/DBZOL20190105002-1080x719.jpg 1080w, https:\/\/contentf5.dailynewshungary.com\/wp-content\/uploads\/2019\/01\/DBZOL20190105002.jpg 2048w\" sizes=\"auto, (max-width: 1024px) 100vw, 1024px\"><figcaption id=\"caption-attachment-227662\" class=\"wp-caption-text\">Foto: MTI<\/figcaption><\/figure>\n<figure id=\"attachment_227663\" aria-describedby=\"caption-attachment-227663\" style=\"width: 1024px\" class=\"wp-caption aligncenter\"><img loading=\"lazy\" decoding=\"async\" class=\"size-large wp-image-227663\" src=\"https:\/\/dailynewshungary.com\/wp-content\/uploads\/2019\/01\/DBZOL20190105001-1024x682.jpg\" alt=\"Manifestazione antigovernativa a Budapest\" width=\"1024\" height=\"682\" srcset=\"https:\/\/contentf5.dailynewshungary.com\/wp-content\/uploads\/2019\/01\/DBZOL20190105001-1024x682.jpg 1024w, https:\/\/contentf5.dailynewshungary.com\/wp-content\/uploads\/2019\/01\/DBZOL20190105001-300x200.jpg 300w, https:\/\/contentf5.dailynewshungary.com\/wp-content\/uploads\/2019\/01\/DBZOL20190105001-768x511.jpg 768w, https:\/\/contentf5.dailynewshungary.com\/wp-content\/uploads\/2019\/01\/DBZOL20190105001-220x146.jpg 220w, https:\/\/contentf5.dailynewshungary.com\/wp-content\/uploads\/2019\/01\/DBZOL20190105001-600x399.jpg 600w, https:\/\/contentf5.dailynewshungary.com\/wp-content\/uploads\/2019\/01\/DBZOL20190105001-200x133.jpg 200w, https:\/\/contentf5.dailynewshungary.com\/wp-content\/uploads\/2019\/01\/DBZOL20190105001-1080x719.jpg 1080w, https:\/\/contentf5.dailynewshungary.com\/wp-content\/uploads\/2019\/01\/DBZOL20190105001.jpg 2048w\" sizes=\"auto, (max-width: 1024px) 100vw, 1024px\"><figcaption id=\"caption-attachment-227663\" class=\"wp-caption-text\">Foto: MTI<\/figcaption><\/figure>\n<figure id=\"attachment_227670\" aria-describedby=\"caption-attachment-227670\" style=\"width: 1024px\" class=\"wp-caption aligncenter\"><img loading=\"lazy\" decoding=\"async\" class=\"size-large wp-image-227670\" src=\"https:\/\/dailynewshungary.com\/wp-content\/uploads\/2019\/01\/Demonstration-in-BUdapest-1-1024x683.jpg\" alt=\"Manifestazione antigovernativa a Budapest\" width=\"1024\" height=\"683\" srcset=\"https:\/\/contentf5.dailynewshungary.com\/wp-content\/uploads\/2019\/01\/Demonstration-in-BUdapest-1-1024x683.jpg 1024w, https:\/\/contentf5.dailynewshungary.com\/wp-content\/uploads\/2019\/01\/Demonstration-in-BUdapest-1-300x200.jpg 300w, https:\/\/contentf5.dailynewshungary.com\/wp-content\/uploads\/2019\/01\/Demonstration-in-BUdapest-1-768x512.jpg 768w, https:\/\/contentf5.dailynewshungary.com\/wp-content\/uploads\/2019\/01\/Demonstration-in-BUdapest-1-220x147.jpg 220w, https:\/\/contentf5.dailynewshungary.com\/wp-content\/uploads\/2019\/01\/Demonstration-in-BUdapest-1-600x400.jpg 600w, https:\/\/contentf5.dailynewshungary.com\/wp-content\/uploads\/2019\/01\/Demonstration-in-BUdapest-1-200x133.jpg 200w, https:\/\/contentf5.dailynewshungary.com\/wp-content\/uploads\/2019\/01\/Demonstration-in-BUdapest-1-1080x720.jpg 1080w, https:\/\/contentf5.dailynewshungary.com\/wp-content\/uploads\/2019\/01\/Demonstration-in-BUdapest-1.jpg 2048w\" sizes=\"auto, (max-width: 1024px) 100vw, 1024px\"><figcaption id=\"caption-attachment-227670\" class=\"wp-caption-text\">Foto: Notizie quotidiane Ungheria<\/figcaption><\/figure>\n<figure id=\"attachment_227665\" aria-describedby=\"caption-attachment-227665\" style=\"width: 1024px\" class=\"wp-caption aligncenter\"><img loading=\"lazy\" decoding=\"async\" class=\"size-large wp-image-227665\" src=\"https:\/\/dailynewshungary.com\/wp-content\/uploads\/2019\/01\/Demonstration-in-Budapest.-4-1024x683.jpg\" alt=\"Manifestazione antigovernativa a Budapest\" width=\"1024\" height=\"683\" srcset=\"https:\/\/contentf5.dailynewshungary.com\/wp-content\/uploads\/2019\/01\/Demonstration-in-Budapest.-4-1024x683.jpg 1024w, https:\/\/contentf5.dailynewshungary.com\/wp-content\/uploads\/2019\/01\/Demonstration-in-Budapest.-4-300x200.jpg 300w, https:\/\/contentf5.dailynewshungary.com\/wp-content\/uploads\/2019\/01\/Demonstration-in-Budapest.-4-768x512.jpg 768w, https:\/\/contentf5.dailynewshungary.com\/wp-content\/uploads\/2019\/01\/Demonstration-in-Budapest.-4-220x147.jpg 220w, https:\/\/contentf5.dailynewshungary.com\/wp-content\/uploads\/2019\/01\/Demonstration-in-Budapest.-4-600x400.jpg 600w, https:\/\/contentf5.dailynewshungary.com\/wp-content\/uploads\/2019\/01\/Demonstration-in-Budapest.-4-200x133.jpg 200w, https:\/\/contentf5.dailynewshungary.com\/wp-content\/uploads\/2019\/01\/Demonstration-in-Budapest.-4-1080x720.jpg 1080w, https:\/\/contentf5.dailynewshungary.com\/wp-content\/uploads\/2019\/01\/Demonstration-in-Budapest.-4.jpg 2048w\" sizes=\"auto, (max-width: 1024px) 100vw, 1024px\"><figcaption id=\"caption-attachment-227665\" class=\"wp-caption-text\">Foto: Notizie quotidiane Ungheria<\/figcaption><\/figure>\n<figure id=\"attachment_227664\" aria-describedby=\"caption-attachment-227664\" style=\"width: 1024px\" class=\"wp-caption aligncenter\"><img loading=\"lazy\" decoding=\"async\" class=\"size-large wp-image-227664\" src=\"https:\/\/dailynewshungary.com\/wp-content\/uploads\/2019\/01\/Demonstration-in-Budapest.-3-1024x683.jpg\" alt=\"Manifestazione antigovernativa a Budapest\" width=\"1024\" height=\"683\" srcset=\"https:\/\/contentf5.dailynewshungary.com\/wp-content\/uploads\/2019\/01\/Demonstration-in-Budapest.-3-1024x683.jpg 1024w, https:\/\/contentf5.dailynewshungary.com\/wp-content\/uploads\/2019\/01\/Demonstration-in-Budapest.-3-300x200.jpg 300w, https:\/\/contentf5.dailynewshungary.com\/wp-content\/uploads\/2019\/01\/Demonstration-in-Budapest.-3-768x512.jpg 768w, https:\/\/contentf5.dailynewshungary.com\/wp-content\/uploads\/2019\/01\/Demonstration-in-Budapest.-3-220x147.jpg 220w, https:\/\/contentf5.dailynewshungary.com\/wp-content\/uploads\/2019\/01\/Demonstration-in-Budapest.-3-600x400.jpg 600w, https:\/\/contentf5.dailynewshungary.com\/wp-content\/uploads\/2019\/01\/Demonstration-in-Budapest.-3-200x133.jpg 200w, https:\/\/contentf5.dailynewshungary.com\/wp-content\/uploads\/2019\/01\/Demonstration-in-Budapest.-3-1080x720.jpg 1080w, https:\/\/contentf5.dailynewshungary.com\/wp-content\/uploads\/2019\/01\/Demonstration-in-Budapest.-3.jpg 2048w\" sizes=\"auto, (max-width: 1024px) 100vw, 1024px\"><figcaption id=\"caption-attachment-227664\" class=\"wp-caption-text\">Foto: Notizie quotidiane Ungheria<\/figcaption><\/figure>\n<figure id=\"attachment_227668\" aria-describedby=\"caption-attachment-227668\" style=\"width: 1024px\" class=\"wp-caption aligncenter\"><img loading=\"lazy\" decoding=\"async\" class=\"size-large wp-image-227668\" src=\"https:\/\/dailynewshungary.com\/wp-content\/uploads\/2019\/01\/Demonstration-in-Budapest.-7-1024x683.jpg\" alt=\"Manifestazione antigovernativa a Budapest\" width=\"1024\" height=\"683\" srcset=\"https:\/\/contentf5.dailynewshungary.com\/wp-content\/uploads\/2019\/01\/Demonstration-in-Budapest.-7-1024x683.jpg 1024w, https:\/\/contentf5.dailynewshungary.com\/wp-content\/uploads\/2019\/01\/Demonstration-in-Budapest.-7-300x200.jpg 300w, https:\/\/contentf5.dailynewshungary.com\/wp-content\/uploads\/2019\/01\/Demonstration-in-Budapest.-7-768x512.jpg 768w, https:\/\/contentf5.dailynewshungary.com\/wp-content\/uploads\/2019\/01\/Demonstration-in-Budapest.-7-220x147.jpg 220w, https:\/\/contentf5.dailynewshungary.com\/wp-content\/uploads\/2019\/01\/Demonstration-in-Budapest.-7-600x400.jpg 600w, https:\/\/contentf5.dailynewshungary.com\/wp-content\/uploads\/2019\/01\/Demonstration-in-Budapest.-7-200x133.jpg 200w, https:\/\/contentf5.dailynewshungary.com\/wp-content\/uploads\/2019\/01\/Demonstration-in-Budapest.-7-1080x720.jpg 1080w, https:\/\/contentf5.dailynewshungary.com\/wp-content\/uploads\/2019\/01\/Demonstration-in-Budapest.-7.jpg 2048w\" sizes=\"auto, (max-width: 1024px) 100vw, 1024px\"><figcaption id=\"caption-attachment-227668\" class=\"wp-caption-text\">Foto: Notizie quotidiane Ungheria<\/figcaption><\/figure>\n<figure id=\"attachment_227667\" aria-describedby=\"caption-attachment-227667\" style=\"width: 1024px\" class=\"wp-caption aligncenter\"><img loading=\"lazy\" decoding=\"async\" class=\"size-large wp-image-227667\" src=\"https:\/\/dailynewshungary.com\/wp-content\/uploads\/2019\/01\/Demonstration-in-Budapest.-6-1024x683.jpg\" alt=\"Manifestazione antigovernativa a Budapest\" width=\"1024\" height=\"683\" srcset=\"https:\/\/contentf5.dailynewshungary.com\/wp-content\/uploads\/2019\/01\/Demonstration-in-Budapest.-6-1024x683.jpg 1024w, https:\/\/contentf5.dailynewshungary.com\/wp-content\/uploads\/2019\/01\/Demonstration-in-Budapest.-6-300x200.jpg 300w, https:\/\/contentf5.dailynewshungary.com\/wp-content\/uploads\/2019\/01\/Demonstration-in-Budapest.-6-768x512.jpg 768w, https:\/\/contentf5.dailynewshungary.com\/wp-content\/uploads\/2019\/01\/Demonstration-in-Budapest.-6-220x147.jpg 220w, https:\/\/contentf5.dailynewshungary.com\/wp-content\/uploads\/2019\/01\/Demonstration-in-Budapest.-6-600x400.jpg 600w, https:\/\/contentf5.dailynewshungary.com\/wp-content\/uploads\/2019\/01\/Demonstration-in-Budapest.-6-200x133.jpg 200w, https:\/\/contentf5.dailynewshungary.com\/wp-content\/uploads\/2019\/01\/Demonstration-in-Budapest.-6-1080x720.jpg 1080w, https:\/\/contentf5.dailynewshungary.com\/wp-content\/uploads\/2019\/01\/Demonstration-in-Budapest.-6.jpg 2048w\" sizes=\"auto, (max-width: 1024px) 100vw, 1024px\"><figcaption id=\"caption-attachment-227667\" class=\"wp-caption-text\">Foto: Notizie quotidiane Ungheria<\/figcaption><\/figure>\n<figure id=\"attachment_227666\" aria-describedby=\"caption-attachment-227666\" style=\"width: 1024px\" class=\"wp-caption aligncenter\"><img loading=\"lazy\" decoding=\"async\" class=\"size-large wp-image-227666\" src=\"https:\/\/dailynewshungary.com\/wp-content\/uploads\/2019\/01\/Demonstration-in-Budapest.-5-1024x683.jpg\" alt=\"Manifestazione antigovernativa a Budapest\" width=\"1024\" height=\"683\" srcset=\"https:\/\/contentf5.dailynewshungary.com\/wp-content\/uploads\/2019\/01\/Demonstration-in-Budapest.-5-1024x683.jpg 1024w, https:\/\/contentf5.dailynewshungary.com\/wp-content\/uploads\/2019\/01\/Demonstration-in-Budapest.-5-300x200.jpg 300w, https:\/\/contentf5.dailynewshungary.com\/wp-content\/uploads\/2019\/01\/Demonstration-in-Budapest.-5-768x512.jpg 768w, https:\/\/contentf5.dailynewshungary.com\/wp-content\/uploads\/2019\/01\/Demonstration-in-Budapest.-5-220x147.jpg 220w, https:\/\/contentf5.dailynewshungary.com\/wp-content\/uploads\/2019\/01\/Demonstration-in-Budapest.-5-600x400.jpg 600w, https:\/\/contentf5.dailynewshungary.com\/wp-content\/uploads\/2019\/01\/Demonstration-in-Budapest.-5-200x133.jpg 200w, https:\/\/contentf5.dailynewshungary.com\/wp-content\/uploads\/2019\/01\/Demonstration-in-Budapest.-5-1080x720.jpg 1080w, https:\/\/contentf5.dailynewshungary.com\/wp-content\/uploads\/2019\/01\/Demonstration-in-Budapest.-5.jpg 2048w\" sizes=\"auto, (max-width: 1024px) 100vw, 1024px\"><figcaption id=\"caption-attachment-227666\" class=\"wp-caption-text\">Foto: Notizie quotidiane Ungheria<\/figcaption><\/figure>\n<figure id=\"attachment_227673\" aria-describedby=\"caption-attachment-227673\" style=\"width: 1024px\" class=\"wp-caption aligncenter\"><img loading=\"lazy\" decoding=\"async\" class=\"size-large wp-image-227673\" src=\"https:\/\/dailynewshungary.com\/wp-content\/uploads\/2019\/01\/DMARC20190105001-1024x683.jpg\" alt=\"Manifestazione antigovernativa a Budapest\" width=\"1024\" height=\"683\" srcset=\"https:\/\/contentf5.dailynewshungary.com\/wp-content\/uploads\/2019\/01\/DMARC20190105001-1024x683.jpg 1024w, https:\/\/contentf5.dailynewshungary.com\/wp-content\/uploads\/2019\/01\/DMARC20190105001-300x200.jpg 300w, https:\/\/contentf5.dailynewshungary.com\/wp-content\/uploads\/2019\/01\/DMARC20190105001-768x512.jpg 768w, https:\/\/contentf5.dailynewshungary.com\/wp-content\/uploads\/2019\/01\/DMARC20190105001-220x147.jpg 220w, https:\/\/contentf5.dailynewshungary.com\/wp-content\/uploads\/2019\/01\/DMARC20190105001-600x400.jpg 600w, https:\/\/contentf5.dailynewshungary.com\/wp-content\/uploads\/2019\/01\/DMARC20190105001-200x133.jpg 200w, https:\/\/contentf5.dailynewshungary.com\/wp-content\/uploads\/2019\/01\/DMARC20190105001-1080x720.jpg 1080w, https:\/\/contentf5.dailynewshungary.com\/wp-content\/uploads\/2019\/01\/DMARC20190105001.jpg 2048w\" sizes=\"auto, (max-width: 1024px) 100vw, 1024px\"><figcaption id=\"caption-attachment-227673\" class=\"wp-caption-text\">Foto: MTI<\/figcaption><\/figure>\n<p style=\"text-align: center;\">[tipo di pulsante=\u201dbig\u201d colore=\u201dre\u201d newwindow=\u201dyes\u201d] Leggi maggiori dettagli su DIMOSTRAZIONI[\/pulsante]<\/p>\n<h4>Reazione di Fidesz<\/h4>\n<p>Il partito al potere Fidesz ha affermato che l&#8217;evento faceva parte della campagna elettorale parlamentare europea del miliardario americano George Soros.<\/p>\n<p>\u201cSoros vuole rafforzare le forze pro-immigrazione e mobilitare partiti e organizzazioni per attaccare i governi che si oppongono all&#8217;immigrazione, ha detto ai giornalisti il portavoce della\u201d Balazs Hidveghi.<\/p>\n","protected":false},"excerpt":{"rendered":"<p>Oggi pomeriggio \u00e8 iniziata una manifestazione antigovernativa in Piazza degli Eroi a Budapest, con i partecipanti che si sono spostati attraverso Andr\u00e1ssy Avenue verso il palazzo del Parlamento. I partiti di opposizione hanno chiesto ulteriori proteste, un altro cambio di regime e la costruzione di una nuova repubblica, mentre i sindacati hanno annunciato manifestazioni a [&hellip;]<\/p>\n","protected":false},"author":88,"featured_media":698005,"comment_status":"open","ping_status":"open","sticky":false,"template":"","format":"standard","meta":{"_display_image":"","footnotes":""},"categories":[1185],"tags":[1158,1093,1450,1078,1412,1632,1165,1248,1855,1548],"class_list":["post-698004","post","type-post","status-publish","format-standard","has-post-thumbnail","hentry","category-politica-in-ungheria","tag-budapest","tag-coalizione-democratica","tag-diritto","tag-fidesz","tag-jobbik","tag-lmp","tag-manifestazione","tag-mercato-del-lavoro","tag-modifica-del-codice-del-lavoro","tag-socialisti"],"blocksy_meta":[],"author_username":"alpar.kato","telegram_post":"","public_post_metadata":{"breaking_news":"","important":"","csempe":"","center_tile":"","disable_thumbnail":"","target_lang":"","_featured_image_style":"","telegram_post":"","_xlat_group_id":""},"public_rank_math_data":{"title":"%titolo% %sep% %nomesito%","description":"","focus_keyword":"","canonical_url":"","robots":"","primary_category":"1185","breadcrumb_title":"","facebook_title":"","facebook_description":"","facebook_image":"","facebook_image_id":"","twitter_title":"","twitter_description":"","twitter_image":"","twitter_image_id":"","twitter_card_type":"","twitter_use_facebook":"","advanced_robots":"","pillar_content":"","seo_score":"","contentai_score":"","rich_snippet":""},"_links":{"self":[{"href":"https:\/\/dailynewshungary.com\/it\/wp-json\/wp\/v2\/posts\/698004","targetHints":{"allow":["GET"]}}],"collection":[{"href":"https:\/\/dailynewshungary.com\/it\/wp-json\/wp\/v2\/posts"}],"about":[{"href":"https:\/\/dailynewshungary.com\/it\/wp-json\/wp\/v2\/types\/post"}],"author":[{"embeddable":true,"href":"https:\/\/dailynewshungary.com\/it\/wp-json\/wp\/v2\/users\/88"}],"replies":[{"embeddable":true,"href":"https:\/\/dailynewshungary.com\/it\/wp-json\/wp\/v2\/comments?post=698004"}],"version-history":[{"count":0,"href":"https:\/\/dailynewshungary.com\/it\/wp-json\/wp\/v2\/posts\/698004\/revisions"}],"wp:featuredmedia":[{"embeddable":true,"href":"https:\/\/dailynewshungary.com\/it\/wp-json\/wp\/v2\/media\/698005"}],"wp:attachment":[{"href":"https:\/\/dailynewshungary.com\/it\/wp-json\/wp\/v2\/media?parent=698004"}],"wp:term":[{"taxonomy":"category","embeddable":true,"href":"https:\/\/dailynewshungary.com\/it\/wp-json\/wp\/v2\/categories?post=698004"},{"taxonomy":"post_tag","embeddable":true,"href":"https:\/\/dailynewshungary.com\/it\/wp-json\/wp\/v2\/tags?post=698004"}],"curies":[{"name":"wp","href":"https:\/\/api.w.org\/{rel}","templated":true}]}}