{"id":698028,"date":"2019-01-04T20:15:49","date_gmt":"2019-01-04T19:15:49","guid":{"rendered":"https:\/\/dailynewshungary.com\/it\/la-lettera-di-orban-inviata-ai-sostenitori-di-fidesz\/"},"modified":"2019-01-04T20:15:49","modified_gmt":"2019-01-04T19:15:49","slug":"la-lettera-di-orban-inviata-ai-sostenitori-di-fidesz","status":"publish","type":"post","link":"https:\/\/dailynewshungary.com\/it\/la-lettera-di-orban-inviata-ai-sostenitori-di-fidesz\/","title":{"rendered":"La lettera di Orb\u00e1n inviata ai sostenitori di Fidesz"},"content":{"rendered":"<p><strong>\u00c8 stata pubblicata una lettera scritta dal primo ministro Viktor Orb\u00e1n ai sostenitori del partito al potere Fidesz, in cui si sottolinea l&#8217;importanza delle elezioni parlamentari europee di maggio.<\/strong><\/p>\n<p>Entro met\u00e0 gennaio, tutto <a href=\"https:\/\/dailynewshungary.com\/it\/la-grande-rapina-al-treno-britannico-come-una-banda-di-15-uomini-rubo-26-milioni-di-sterline-nel-1963\/\" target=\"_blank\" rel=\"noopener\">Fidesz<\/a> i sostenitori avranno ricevuto la lettera, secondo il numero di venerd\u00ec di Magyar Id\u0151k.<\/p>\n<p>Orb\u00e1n, che \u00e8 il leader di Fidesz, lo ha detto nella lettera <a href=\"https:\/\/dailynewshungary.com\/it\/la-grande-rapina-al-treno-britannico-come-una-banda-di-15-uomini-rubo-26-milioni-di-sterline-nel-1963\/\" target=\"_blank\" rel=\"noopener\">le elezioni del Parlamento europeo di maggio<\/a> sarebbe quello pi\u00f9 significativo finora.<\/p>\n<blockquote>\n<p>\u201cNon avendo imparato nulla dopo la serie di attacchi terroristici, Bruxelles vuole trasformare l&#8217;Europa in un continente di immigrati e forzare questo agli stati nazionali Noi ungheresi non possiamo accettarlo,\u201d ha detto.<\/p>\n<\/blockquote>\n<p>Orb\u00e1n ha anche insistito sul fatto che l&#8217;opposizione rappresentava Bruxelles in Ungheria.<\/p>\n<p>\u201cCi\u00f2 di cui abbiamo veramente bisogno sono rappresentanti dell&#8217;Ungheria a Bruxelles,\u201d ha scritto, aggiungendo che gli eurodeputati di Fidesz hanno sempre rappresentato senza compromessi gli interessi ungheresi nel Parlamento europeo.<\/p>\n<blockquote>\n<p>Ai tifosi \u00e8 stato inoltre chiesto di fornire un contributo finanziario per accertare il successo di Fidesz.<\/p>\n<\/blockquote>\n<p>Il documento afferma che Fidesz utilizza da tempo il microfinanziamento come indicatore importante della sua base di sostenitori.<\/p>\n","protected":false},"excerpt":{"rendered":"<p>\u00c8 stata pubblicata una lettera scritta dal primo ministro Viktor Orb\u00e1n ai sostenitori del partito al potere Fidesz, in cui si sottolinea l&#8217;importanza delle elezioni parlamentari europee di maggio. Entro met\u00e0 gennaio, tutto Fidesz i sostenitori avranno ricevuto la lettera, secondo il numero di venerd\u00ec di Magyar Id\u0151k. Orb\u00e1n, che \u00e8 il leader di Fidesz, [&hellip;]<\/p>\n","protected":false},"author":2,"featured_media":698029,"comment_status":"open","ping_status":"open","sticky":false,"template":"","format":"standard","meta":{"_display_image":"","footnotes":""},"categories":[1185],"tags":[1953,1078,1075,1083],"class_list":["post-698028","post","type-post","status-publish","format-standard","has-post-thumbnail","hentry","category-politica-in-ungheria","tag-elezioni-ep-2019","tag-fidesz","tag-unione-europea","tag-viktor-orban"],"blocksy_meta":[],"author_username":"alk","telegram_post":"","public_post_metadata":{"breaking_news":"","important":"","csempe":"","center_tile":"","disable_thumbnail":"","target_lang":"","_featured_image_style":"","telegram_post":"","_xlat_group_id":""},"public_rank_math_data":{"title":"%titolo% %sep% %nomesito%","description":"","focus_keyword":"","canonical_url":"","robots":"","primary_category":"1185","breadcrumb_title":"","facebook_title":"","facebook_description":"","facebook_image":"","facebook_image_id":"","twitter_title":"","twitter_description":"","twitter_image":"","twitter_image_id":"","twitter_card_type":"","twitter_use_facebook":"","advanced_robots":"","pillar_content":"","seo_score":"","contentai_score":"","rich_snippet":""},"_links":{"self":[{"href":"https:\/\/dailynewshungary.com\/it\/wp-json\/wp\/v2\/posts\/698028","targetHints":{"allow":["GET"]}}],"collection":[{"href":"https:\/\/dailynewshungary.com\/it\/wp-json\/wp\/v2\/posts"}],"about":[{"href":"https:\/\/dailynewshungary.com\/it\/wp-json\/wp\/v2\/types\/post"}],"author":[{"embeddable":true,"href":"https:\/\/dailynewshungary.com\/it\/wp-json\/wp\/v2\/users\/2"}],"replies":[{"embeddable":true,"href":"https:\/\/dailynewshungary.com\/it\/wp-json\/wp\/v2\/comments?post=698028"}],"version-history":[{"count":0,"href":"https:\/\/dailynewshungary.com\/it\/wp-json\/wp\/v2\/posts\/698028\/revisions"}],"wp:featuredmedia":[{"embeddable":true,"href":"https:\/\/dailynewshungary.com\/it\/wp-json\/wp\/v2\/media\/698029"}],"wp:attachment":[{"href":"https:\/\/dailynewshungary.com\/it\/wp-json\/wp\/v2\/media?parent=698028"}],"wp:term":[{"taxonomy":"category","embeddable":true,"href":"https:\/\/dailynewshungary.com\/it\/wp-json\/wp\/v2\/categories?post=698028"},{"taxonomy":"post_tag","embeddable":true,"href":"https:\/\/dailynewshungary.com\/it\/wp-json\/wp\/v2\/tags?post=698028"}],"curies":[{"name":"wp","href":"https:\/\/api.w.org\/{rel}","templated":true}]}}