{"id":698543,"date":"2018-12-13T07:30:00","date_gmt":"2018-12-13T06:30:00","guid":{"rendered":"https:\/\/dailynewshungary.com\/it\/il-ministro-degli-esteri-discute-dei-legami-bilaterali-con-la-controparte-cambogiana\/"},"modified":"2018-12-13T07:30:00","modified_gmt":"2018-12-13T06:30:00","slug":"il-ministro-degli-esteri-discute-dei-legami-bilaterali-con-la-controparte-cambogiana","status":"publish","type":"post","link":"https:\/\/dailynewshungary.com\/it\/il-ministro-degli-esteri-discute-dei-legami-bilaterali-con-la-controparte-cambogiana\/","title":{"rendered":"Il ministro degli Esteri discute dei legami bilaterali con la controparte cambogiana"},"content":{"rendered":"<p><strong>Il ministro degli Esteri ungherese P\u00e9ter Szijj\u00e1rt\u00f3 ha avuto mercoled\u00ec a Budapest colloqui con Prak Sokhonn, il suo omologo cambogiano, sui legami bilaterali e l&#8217;attualit\u00e0.<\/strong><\/p>\n<p><a href=\"https:\/\/dailynewshungary.com\/it\/la-cambogia-accoglie-i-turisti-ungheresi\/\" target=\"_blank\" rel=\"noopener\">La Cambogia fa parte della regione del sud-est asiatico in via di sviluppo dinamico<\/a> che pu\u00f2 fare il gioco dell&#8217;Ungheria nel rafforzare la cooperazione bilaterale, ha detto Szijj\u00e1rt\u00f3 in una conferenza stampa congiunta.<\/p>\n<blockquote>\n<p>Ma la Cambogia si trova in una regione costantemente esposta a disastri naturali che possono in definitiva innescare la migrazione, ha affermato, sottolineando l&#8217;obiettivo politico dell&#8217;Ungheria di fornire aiuto dove necessario.<\/p>\n<\/blockquote>\n<p>In linea con tale obiettivo politico, l\u2019Ungheria proporr\u00e0 maggiori stanziamenti UE per <a href=\"https:\/\/dailynewshungary.com\/it\/video-cambogiano-bar-bambini-in-eta-scolare-che-cantano-mat-peter-hit-azert-vannak-a-joatok\/\" target=\"_blank\" rel=\"noopener\">Lo sviluppo della Cambogia<\/a> e solleciter\u00e0 una pi\u00f9 stretta cooperazione tra Bruxelles e l&#8217;organizzazione delle Nazioni Unite per l&#8217;alimentazione e l&#8217;agricoltura FAO nel sostenere lo sviluppo della regione, ha affermato Szijj\u00e1rt\u00f3.<\/p>\n<blockquote>\n<p>Ha detto che l&#8217;Ungheria aprir\u00e0 un ufficio di ambasciatori a Phnom Penh e fornir\u00e0 formazione in diplomazia.<\/p>\n<\/blockquote>\n<p>In altri settori di cooperazione l&#8217;Ungheria condivider\u00e0 competenze nella gestione dell&#8217;acqua e la sua Eximbank aprir\u00e0 una linea di credito da 64 milioni di dollari per sostenere le partnership commerciali, ha affermato Szijj\u00e1rt\u00f3.<\/p>\n<p>Prak Sokhonn ha concordato sulla necessit\u00e0 di intensificare le relazioni bilaterali e ha ringraziato l&#8217;Ungheria per il suo sostegno, principalmente nella gestione dell&#8217;acqua.<\/p>\n<p><em>Immagine in primo piano: MTI<\/em><\/p>\n","protected":false},"excerpt":{"rendered":"<p>Il ministro degli Esteri ungherese P\u00e9ter Szijj\u00e1rt\u00f3 ha avuto mercoled\u00ec a Budapest colloqui con Prak Sokhonn, il suo omologo cambogiano, sui legami bilaterali e l&#8217;attualit\u00e0. La Cambogia fa parte della regione del sud-est asiatico in via di sviluppo dinamico che pu\u00f2 fare il gioco dell&#8217;Ungheria nel rafforzare la cooperazione bilaterale, ha detto Szijj\u00e1rt\u00f3 in una [&hellip;]<\/p>\n","protected":false},"author":7,"featured_media":698544,"comment_status":"open","ping_status":"open","sticky":false,"template":"","format":"standard","meta":{"_display_image":"","footnotes":""},"categories":[1185],"tags":[1272,1157,1091,1092],"class_list":["post-698543","post","type-post","status-publish","format-standard","has-post-thumbnail","hentry","category-politica-in-ungheria","tag-agricoltura","tag-asia","tag-diplomazia","tag-ministero-degli-affari-esteri-dellungheria"],"blocksy_meta":[],"author_username":"Szandi","telegram_post":"","public_post_metadata":{"breaking_news":"","important":"","csempe":"","center_tile":"","disable_thumbnail":"","target_lang":"","_featured_image_style":"","telegram_post":"","_xlat_group_id":""},"public_rank_math_data":{"title":"%titolo% %sep% %nomesito%","description":"","focus_keyword":"","canonical_url":"","robots":"","primary_category":"1185","breadcrumb_title":"","facebook_title":"","facebook_description":"","facebook_image":"","facebook_image_id":"","twitter_title":"","twitter_description":"","twitter_image":"","twitter_image_id":"","twitter_card_type":"","twitter_use_facebook":"","advanced_robots":"","pillar_content":"","seo_score":"","contentai_score":"","rich_snippet":""},"_links":{"self":[{"href":"https:\/\/dailynewshungary.com\/it\/wp-json\/wp\/v2\/posts\/698543","targetHints":{"allow":["GET"]}}],"collection":[{"href":"https:\/\/dailynewshungary.com\/it\/wp-json\/wp\/v2\/posts"}],"about":[{"href":"https:\/\/dailynewshungary.com\/it\/wp-json\/wp\/v2\/types\/post"}],"author":[{"embeddable":true,"href":"https:\/\/dailynewshungary.com\/it\/wp-json\/wp\/v2\/users\/7"}],"replies":[{"embeddable":true,"href":"https:\/\/dailynewshungary.com\/it\/wp-json\/wp\/v2\/comments?post=698543"}],"version-history":[{"count":0,"href":"https:\/\/dailynewshungary.com\/it\/wp-json\/wp\/v2\/posts\/698543\/revisions"}],"wp:featuredmedia":[{"embeddable":true,"href":"https:\/\/dailynewshungary.com\/it\/wp-json\/wp\/v2\/media\/698544"}],"wp:attachment":[{"href":"https:\/\/dailynewshungary.com\/it\/wp-json\/wp\/v2\/media?parent=698543"}],"wp:term":[{"taxonomy":"category","embeddable":true,"href":"https:\/\/dailynewshungary.com\/it\/wp-json\/wp\/v2\/categories?post=698543"},{"taxonomy":"post_tag","embeddable":true,"href":"https:\/\/dailynewshungary.com\/it\/wp-json\/wp\/v2\/tags?post=698543"}],"curies":[{"name":"wp","href":"https:\/\/api.w.org\/{rel}","templated":true}]}}