{"id":698762,"date":"2018-12-04T19:15:03","date_gmt":"2018-12-04T18:15:03","guid":{"rendered":"https:\/\/dailynewshungary.com\/it\/pest-buda-o-budapest-la-nascita-di-una-capitale\/"},"modified":"2018-12-04T19:15:03","modified_gmt":"2018-12-04T18:15:03","slug":"pest-buda-o-budapest-la-nascita-di-una-capitale","status":"publish","type":"post","link":"https:\/\/dailynewshungary.com\/it\/pest-buda-o-budapest-la-nascita-di-una-capitale\/","title":{"rendered":"Pest-buda o Budapest? La nascita di una capitale"},"content":{"rendered":"<p><strong>Anche se oggi sarebbe impegnativo immaginare Buda senza Pest e viceversa, le due parti della capitale ungherese erano in realt\u00e0 piuttosto distanti sotto gli aspetti sociali ed economici, costituendo due citt\u00e0 diverse, fino al 1873.<\/strong><\/p>\n<p>Sebbene Buda sia stata la residenza del re ungherese in diversi casi, diventando la capitale del Regno, nel 19<sup>th<\/sup> secolo fu Bratislava dove (Pozsony) si teneva il parlamento, il re risiedeva a Vienna, mentre il governatore era assegnato a Buda Questo per\u00f2 non era praticabile, in quanto Bratislava era esposta ad attacchi sia da ovest che da est, sembrava ragionevole spostare la citt\u00e0 capitale in mezzo al paese, dato il retroterra storico di Buda e l&#8217;aiuto finanziario che il commerciale Pest poteva fornire al precedente Aggiungere il <a href=\"https:\/\/dailynewshungary.com\/it\/budapest-scelta-come-una-delle-migliori-destinazioni-crocieristiche\/\" target=\"_blank\" rel=\"noopener noreferrer\">Danubio come percorso perfetto per il piacere<\/a> e gli affari (per lo pi\u00f9 scambiano) con il mix, e la discussione \u00e8 finita.<\/p>\n<blockquote>\n<p><span style=\"color: #008080;\">La capitale si trasferisce ancora una volta a Buda.<\/span><\/p>\n<\/blockquote>\n<p>La popolazione di entrambi gli schieramenti crebbe esponenzialmente, contando 29 mila residenti a Buda e 25 mila a Pest nel 1800, e poi 50 mila a Buda e 130 mila a Pest nel 1848, dato che Pest era all&#8217;epoca il centro del commercio e del commercio, non c&#8217;\u00e8 da stupirsi che fosse inondata da artigiani delle zone rurali, era necessaria anche l&#8217;espansione della citt\u00e0, cos\u00ec come per ospitare i nuovi arrivati, ma aiutare Pest a crescere aveva anche altri motivi oltre a quelli commerciali e sociali: l&#8217;alluvione del 1838 distrusse oltre met\u00e0 della citt\u00e0 Cos\u00ec negli anni 1830 e 1840, l&#8217;obiettivo principale era quello di ripristinare Pest e di costruire una solida base per una fiorente citt\u00e0 europea.<\/p>\n<figure id=\"attachment_222595\" aria-describedby=\"caption-attachment-222595\" style=\"width: 957px\" class=\"wp-caption aligncenter\"><img loading=\"lazy\" decoding=\"async\" class=\"size-full wp-image-222595\" src=\"https:\/\/contentf5.dailynewshungary.com\/wp-content\/uploads\/2018\/12\/82559.jpg\" alt=\"Pest-buda o Budapest? La nascita di una capitale\" width=\"957\" height=\"660\" srcset=\"https:\/\/contentf5.dailynewshungary.com\/wp-content\/uploads\/2018\/12\/82559.jpg 957w, https:\/\/contentf5.dailynewshungary.com\/wp-content\/uploads\/2018\/12\/82559-300x207.jpg 300w, https:\/\/contentf5.dailynewshungary.com\/wp-content\/uploads\/2018\/12\/82559-768x530.jpg 768w, https:\/\/contentf5.dailynewshungary.com\/wp-content\/uploads\/2018\/12\/82559-220x152.jpg 220w, https:\/\/contentf5.dailynewshungary.com\/wp-content\/uploads\/2018\/12\/82559-600x414.jpg 600w, https:\/\/contentf5.dailynewshungary.com\/wp-content\/uploads\/2018\/12\/82559-200x138.jpg 200w\" sizes=\"auto, (max-width: 957px) 100vw, 957px\"><figcaption id=\"caption-attachment-222595\" class=\"wp-caption-text\">Stazione ferroviaria di Keleti, 1895<br \/>foto: fortepan.hu<\/figcaption><\/figure>\n<p><a href=\"https:\/\/dailynewshungary.com\/it\/segreti-di-budapest-la-capitale-durante-la-rivoluzione-del-1848\/\" target=\"_blank\" rel=\"noopener noreferrer\">Durante la rivoluzione ungherese del 1848-49<\/a>, \u00e8 necessario unire le due parti anche se all&#8217;inizio erano riluttanti La maggior parte dei politici era d&#8217;accordo con Istv\u00e1n\u00e9chenyi era necessaria che era una delle figure politiche di spicco dell&#8217;epoca, essendo un membro del &#8216;Governo Batth\u00e1ny&#8217; (il primo governo ungherese) che pu\u00f2 essere assicurata la sopravvivenza solo tramite un&#8217;unione tra Buda, Pest e \u00d3buda.<\/p>\n<p>Anche se tutte e tre le parti hanno pesato nella discussione sull&#8217;unione, sono state soprattutto Buda e Pest a guidare la lite Nonostante la storia condivisa delle due citt\u00e0, i loro modi di vivere, le loro tradizioni e identit\u00e0 non avrebbero potuto essere pi\u00f9 diverse Pest era una citt\u00e0 che stava andando avanti, al passo con i cambiamenti in Europa grazie ai mercanti, mentre Buda era trascurata dal punto di vista delle infrastrutture, funzionava pi\u00f9 come una stazione militare che come una citt\u00e0 moderna, aveva seri problemi finanziari e la gente del posto era meno vivace ed estroversa che a Pest.<\/p>\n<blockquote>\n<p><span style=\"color: #008080;\">Questo lento sviluppo \u00e8 pi\u00f9 che sorprendente, dato che Buda \u00e8 stata la capitale per secoli.<\/span><\/p>\n<\/blockquote>\n<p>Le ragioni effettive date dalle due citt\u00e0 non avrebbero potuto essere pi\u00f9 nette ed ovvie: Buda non voleva condividere la sua posizione di \u2018leader\u2019, mentre Pest aveva paura delle difficolt\u00e0 finanziarie che Buda avrebbe portato al \u2018matrimonio\u2019 Ma la guerra cambia tutto, come abbiamo imparato dalla storia Alla fine, entrambe le parti cedettero, e un&#8217;unione formale venne alla luce nella primavera del 1849.<\/p>\n<p>L&#8217;uomo a cui possiamo ringraziare informalmente Budapest non \u00e8 altro che il conte Istv\u00e1n Sz\u00e9chenyi: ha avviato la costruzione di un ponte permanente tra Pest e Buda, che non solo ha reso pi\u00f9 facili gli spostamenti ma ha unito fisicamente le due citt\u00e0.<\/p>\n<figure id=\"attachment_222597\" aria-describedby=\"caption-attachment-222597\" style=\"width: 922px\" class=\"wp-caption aligncenter\"><img loading=\"lazy\" decoding=\"async\" class=\"size-full wp-image-222597\" src=\"https:\/\/contentf5.dailynewshungary.com\/wp-content\/uploads\/2018\/12\/82081.jpg\" alt=\"Pest-buda o Budapest? La nascita di una capitale\" width=\"922\" height=\"660\" srcset=\"https:\/\/contentf5.dailynewshungary.com\/wp-content\/uploads\/2018\/12\/82081.jpg 922w, https:\/\/contentf5.dailynewshungary.com\/wp-content\/uploads\/2018\/12\/82081-300x215.jpg 300w, https:\/\/contentf5.dailynewshungary.com\/wp-content\/uploads\/2018\/12\/82081-768x550.jpg 768w, https:\/\/contentf5.dailynewshungary.com\/wp-content\/uploads\/2018\/12\/82081-220x157.jpg 220w, https:\/\/contentf5.dailynewshungary.com\/wp-content\/uploads\/2018\/12\/82081-600x430.jpg 600w, https:\/\/contentf5.dailynewshungary.com\/wp-content\/uploads\/2018\/12\/82081-200x143.jpg 200w\" sizes=\"auto, (max-width: 922px) 100vw, 922px\"><figcaption id=\"caption-attachment-222597\" class=\"wp-caption-text\">Il Ponte delle Catene, preso tra il 1873 e il 1890<br \/>foto: fortepan.hu<\/figcaption><\/figure>\n<p>Ha causato molti mal di testa a Sz\u00e9chenyi per stabilirsi sul nome perfetto per la nuova capitale ungherese. Odiava il nome &#8220;Pest&#8221; poich\u00e9 gli ricordava le parole tedesche &#8220;pest&#8221; e &#8220;peste&#8221; che connotano pestilenza. Dopo anni di lotta e buttando via idee sontuose come B\u00e1jkert (Giardino dell&#8217;incantesimo), Dunagy\u00f6ngye (La Perla il Danubio), Etel&#8217;\u00e1r (Il castello di Etvel&#8217;s dove gli ungheresi si stabilirono brevemente prima di arrivare nel bacino pannonico), Hunv\u00e1r (Il castello degli Unni Gli Unni sono considerati da alcuni gli antenati degli Unni).<\/p>\n<blockquote>\n<p><span style=\"color: #008080;\">Il suo preferito era Honder Matte, e anche se aveva un significato positivo e incoraggiante in ungherese, costituito dalle parole &#8216;hon&#8217; &#8216;terra nativa&#8217; e &#8216;der&#8217; &#8216;gioia&#8217;, era molto simile alle parole francesi &#8216;<\/span>honte<span style=\"color: #008080;\">&#8220;vergogna&#8221; e &#8220;vergogna&#8221; &#8220;.<\/span><\/p>\n<\/blockquote>\n<p>Pest-Buda doveva essere il nome della nuova citt\u00e0 europea, ma c&#8217;erano problemi pratici con questo nome Come, se si dovesse redigere una mappa della citt\u00e0, dovevano mettere il nome &#8216;Pest&#8217; sul lato che d\u00e0 una casa alle colline di Buda e <a href=\"https:\/\/dailynewshungary.com\/it\/9-cose-che-potresti-voler-sapere-sul-castello-di-buda\/\" target=\"_blank\" rel=\"noopener noreferrer\">il Castello di Buda<\/a>, mentre il nome &#8216;Buda&#8217; indicherebbe la citt\u00e0 commerciale, Pest Cos\u00ec l&#8217;ordine fu invertito, e un paio di decenni dopo, il 17 novembre<sup>th<\/sup> 1873, Budapest divenne una citt\u00e0 ufficiale, con 54 mila persone che vivevano a Buda, 200 mila a Pest, e 16 mila nella rurale \u00d3buda.<\/p>\n<p>Dopo la firma dell&#8217;unione, inizi\u00f2 il rimodellamento della citt\u00e0 con l&#8217;espansione delle strade strette in viali e viali, la distruzione delle case al piano terra per dare luogo a condomini a pi\u00f9 piani, le strade principali e le strade furono collegate e fu costruito anche un efficiente sistema fognario. A causa dei viali furono demolite centinaia di case, prendiamo ad esempio il Nagyk\u00f6r\u00fat, dove si sposta il tram 4-6: qui sorgeva una sola casa. Durante la costruzione dell&#8217;Elizabeth Bridge, quasi 300 case furono rimesse in polvere, distruggendo contemporaneamente il centro di Pest.<\/p>\n<figure id=\"attachment_222596\" aria-describedby=\"caption-attachment-222596\" style=\"width: 1024px\" class=\"wp-caption aligncenter\"><img loading=\"lazy\" decoding=\"async\" class=\"size-large wp-image-222596\" src=\"https:\/\/dailynewshungary.com\/wp-content\/uploads\/2018\/12\/82349-1024x643.jpg\" alt=\"X\" width=\"1024\" height=\"643\" srcset=\"https:\/\/contentf5.dailynewshungary.com\/wp-content\/uploads\/2018\/12\/82349-1024x643.jpg 1024w, https:\/\/contentf5.dailynewshungary.com\/wp-content\/uploads\/2018\/12\/82349-300x188.jpg 300w, https:\/\/contentf5.dailynewshungary.com\/wp-content\/uploads\/2018\/12\/82349-768x482.jpg 768w, https:\/\/contentf5.dailynewshungary.com\/wp-content\/uploads\/2018\/12\/82349-220x138.jpg 220w, https:\/\/contentf5.dailynewshungary.com\/wp-content\/uploads\/2018\/12\/82349-600x377.jpg 600w, https:\/\/contentf5.dailynewshungary.com\/wp-content\/uploads\/2018\/12\/82349-200x126.jpg 200w, https:\/\/contentf5.dailynewshungary.com\/wp-content\/uploads\/2018\/12\/82349-400x250.jpg 400w, https:\/\/contentf5.dailynewshungary.com\/wp-content\/uploads\/2018\/12\/82349.jpg 1051w\" sizes=\"auto, (max-width: 1024px) 100vw, 1024px\"><figcaption id=\"caption-attachment-222596\" class=\"wp-caption-text\">Questo edificio si trovava all&#8217;angolo tra piazza M\u00e1rcius 15 e il molo Belgr\u00e1d, dove oggi si trova la testa di ponte del ponte Elizabeth a Pest, accolto intorno al 1890-1894<br \/>foto: fortepan.hu<\/figcaption><\/figure>\n","protected":false},"excerpt":{"rendered":"<p>Anche se oggi sarebbe impegnativo immaginare Buda senza Pest e viceversa, le due parti della capitale ungherese erano in realt\u00e0 piuttosto distanti sotto gli aspetti sociali ed economici, costituendo due citt\u00e0 diverse, fino al 1873. Sebbene Buda sia stata la residenza del re ungherese in diversi casi, diventando la capitale del Regno, nel 19th secolo [&hellip;]<\/p>\n","protected":false},"author":13,"featured_media":698763,"comment_status":"open","ping_status":"open","sticky":false,"template":"","format":"standard","meta":{"_display_image":"","footnotes":""},"categories":[1344],"tags":[1158,1223],"class_list":["post-698762","post","type-post","status-publish","format-standard","has-post-thumbnail","hentry","category-speciale-ungheria","tag-budapest","tag-storia"],"blocksy_meta":[],"author_username":"kovacszsoka","telegram_post":"","public_post_metadata":{"breaking_news":"","important":"","csempe":"","center_tile":"","disable_thumbnail":"","target_lang":"","_featured_image_style":"","telegram_post":"","_xlat_group_id":""},"public_rank_math_data":{"title":"%titolo% %sep% %nomesito%","description":"","focus_keyword":"","canonical_url":"","robots":"","primary_category":"1344","breadcrumb_title":"","facebook_title":"","facebook_description":"","facebook_image":"","facebook_image_id":"","twitter_title":"","twitter_description":"","twitter_image":"","twitter_image_id":"","twitter_card_type":"","twitter_use_facebook":"","advanced_robots":"","pillar_content":"","seo_score":"","contentai_score":"","rich_snippet":""},"_links":{"self":[{"href":"https:\/\/dailynewshungary.com\/it\/wp-json\/wp\/v2\/posts\/698762","targetHints":{"allow":["GET"]}}],"collection":[{"href":"https:\/\/dailynewshungary.com\/it\/wp-json\/wp\/v2\/posts"}],"about":[{"href":"https:\/\/dailynewshungary.com\/it\/wp-json\/wp\/v2\/types\/post"}],"author":[{"embeddable":true,"href":"https:\/\/dailynewshungary.com\/it\/wp-json\/wp\/v2\/users\/13"}],"replies":[{"embeddable":true,"href":"https:\/\/dailynewshungary.com\/it\/wp-json\/wp\/v2\/comments?post=698762"}],"version-history":[{"count":0,"href":"https:\/\/dailynewshungary.com\/it\/wp-json\/wp\/v2\/posts\/698762\/revisions"}],"wp:featuredmedia":[{"embeddable":true,"href":"https:\/\/dailynewshungary.com\/it\/wp-json\/wp\/v2\/media\/698763"}],"wp:attachment":[{"href":"https:\/\/dailynewshungary.com\/it\/wp-json\/wp\/v2\/media?parent=698762"}],"wp:term":[{"taxonomy":"category","embeddable":true,"href":"https:\/\/dailynewshungary.com\/it\/wp-json\/wp\/v2\/categories?post=698762"},{"taxonomy":"post_tag","embeddable":true,"href":"https:\/\/dailynewshungary.com\/it\/wp-json\/wp\/v2\/tags?post=698762"}],"curies":[{"name":"wp","href":"https:\/\/api.w.org\/{rel}","templated":true}]}}