{"id":698813,"date":"2018-12-03T07:30:05","date_gmt":"2018-12-03T06:30:05","guid":{"rendered":"https:\/\/dailynewshungary.com\/it\/lungheria-guida-leuropa-in-declino-del-rapporto-tasse-pil-afferma-il-ministero-delle-finanze\/"},"modified":"2018-12-03T07:30:05","modified_gmt":"2018-12-03T06:30:05","slug":"lungheria-guida-leuropa-in-declino-del-rapporto-tasse-pil-afferma-il-ministero-delle-finanze","status":"publish","type":"post","link":"https:\/\/dailynewshungary.com\/it\/lungheria-guida-leuropa-in-declino-del-rapporto-tasse-pil-afferma-il-ministero-delle-finanze\/","title":{"rendered":"L\u2019Ungheria guida l\u2019Europa in declino del rapporto tasse\/PIL, afferma il ministero delle finanze"},"content":{"rendered":"<p><strong>Il rapporto tasse\/PIL dell&#8217;Ungheria (somma delle tasse e dei contributi sociali netti in percentuale del PIL) \u00e8 diminuito di 0,9 punti percentuali lo scorso anno, il calo pi\u00f9 grande nell&#8217;Unione Europea, ha detto a MTI il segretario di Stato del ministero delle Finanze Norbert Izer, citando nuovi dati rilasciato da Eurostat.<\/strong><\/p>\n<p>I dati mostrano che il rapporto tasse\/PIL dell&#8217;Ungheria \u00e8 sceso al 38,4% dal 39,3% del 2016, mentre il rapporto medio \u00e8 aumentato al 40,2% dal 39,9% dell&#8217;Unione Europea.<\/p>\n<blockquote>\n<p>Con l&#8217;abbassamento dell&#8217;aliquota dell&#8217;imposta sulle societ\u00e0 al 9% nel 2017, l&#8217;Ungheria non solo \u00e8 diventata pi\u00f9 attraente per gli investitori internazionali, ma ha anche lasciato un totale di 150 miliardi di fiorini con oltre 580.000 imprese nazionali, ha osservato Izer.<\/p>\n<\/blockquote>\n<p>La politica fiscale del governo si concentra sul taglio delle tasse e sulla semplificazione <a href=\"https:\/\/dailynewshungary.com\/it\/la-grande-rapina-al-treno-britannico-come-una-banda-di-15-uomini-rubo-26-milioni-di-sterline-nel-1963\/\" target=\"_blank\" rel=\"noopener\">tassa<\/a> l&#8217;amministrazione e i tagli fiscali continueranno, ha detto Izer.<\/p>\n<p>L&#8217;Ungheria potr\u00e0 mantenere la sua eccellente posizione nella classifica dell&#8217;UE, ha detto il segretario di stato, aggiungendo che il governo mira a dimezzare il tempo che le imprese spendono per l&#8217;amministrazione legata alle tasse entro il 2021.<\/p>\n<p style=\"text-align: center;\">[pulsante link=\u201dhttps:\/\/dailynewshungary.com\/hungarian-tax-office-uncovers-serie-di-truffe-per-spedizionieri-\u201d color=\u201dteal\u201d newwindow=\u201dyes\u201d] UNGHERESE TAX OFFICE SCOVERS SERIE DI TRUFFE DI SPEDIZIONIERI[\/pulsante]<\/p>\n","protected":false},"excerpt":{"rendered":"<p>Il rapporto tasse\/PIL dell&#8217;Ungheria (somma delle tasse e dei contributi sociali netti in percentuale del PIL) \u00e8 diminuito di 0,9 punti percentuali lo scorso anno, il calo pi\u00f9 grande nell&#8217;Unione Europea, ha detto a MTI il segretario di Stato del ministero delle Finanze Norbert Izer, citando nuovi dati rilasciato da Eurostat. I dati mostrano che [&hellip;]<\/p>\n","protected":false},"author":2,"featured_media":698814,"comment_status":"open","ping_status":"open","sticky":false,"template":"","format":"standard","meta":{"_display_image":"","footnotes":""},"categories":[1314],"tags":[1132,1617,1075],"class_list":["post-698813","post","type-post","status-publish","format-standard","has-post-thumbnail","hentry","category-economia-in-ungheria","tag-economia","tag-fiscalita","tag-unione-europea"],"blocksy_meta":[],"author_username":"alk","telegram_post":"","public_post_metadata":{"breaking_news":"","important":"","csempe":"","center_tile":"","disable_thumbnail":"","target_lang":"","_featured_image_style":"","telegram_post":"","_xlat_group_id":""},"public_rank_math_data":{"title":"%titolo% %sep% %nomesito%","description":"","focus_keyword":"","canonical_url":"","robots":"","primary_category":"1314","breadcrumb_title":"","facebook_title":"","facebook_description":"","facebook_image":"","facebook_image_id":"","twitter_title":"","twitter_description":"","twitter_image":"","twitter_image_id":"","twitter_card_type":"","twitter_use_facebook":"","advanced_robots":"","pillar_content":"","seo_score":"","contentai_score":"","rich_snippet":""},"_links":{"self":[{"href":"https:\/\/dailynewshungary.com\/it\/wp-json\/wp\/v2\/posts\/698813","targetHints":{"allow":["GET"]}}],"collection":[{"href":"https:\/\/dailynewshungary.com\/it\/wp-json\/wp\/v2\/posts"}],"about":[{"href":"https:\/\/dailynewshungary.com\/it\/wp-json\/wp\/v2\/types\/post"}],"author":[{"embeddable":true,"href":"https:\/\/dailynewshungary.com\/it\/wp-json\/wp\/v2\/users\/2"}],"replies":[{"embeddable":true,"href":"https:\/\/dailynewshungary.com\/it\/wp-json\/wp\/v2\/comments?post=698813"}],"version-history":[{"count":0,"href":"https:\/\/dailynewshungary.com\/it\/wp-json\/wp\/v2\/posts\/698813\/revisions"}],"wp:featuredmedia":[{"embeddable":true,"href":"https:\/\/dailynewshungary.com\/it\/wp-json\/wp\/v2\/media\/698814"}],"wp:attachment":[{"href":"https:\/\/dailynewshungary.com\/it\/wp-json\/wp\/v2\/media?parent=698813"}],"wp:term":[{"taxonomy":"category","embeddable":true,"href":"https:\/\/dailynewshungary.com\/it\/wp-json\/wp\/v2\/categories?post=698813"},{"taxonomy":"post_tag","embeddable":true,"href":"https:\/\/dailynewshungary.com\/it\/wp-json\/wp\/v2\/tags?post=698813"}],"curies":[{"name":"wp","href":"https:\/\/api.w.org\/{rel}","templated":true}]}}