{"id":699232,"date":"2018-11-17T15:30:11","date_gmt":"2018-11-17T14:30:11","guid":{"rendered":"https:\/\/dailynewshungary.com\/it\/settembre-cpi-leggermente-piu-del-previsto-dice-ministro-delleconomia\/"},"modified":"2018-11-17T15:30:11","modified_gmt":"2018-11-17T14:30:11","slug":"settembre-cpi-leggermente-piu-del-previsto-dice-ministro-delleconomia","status":"publish","type":"post","link":"https:\/\/dailynewshungary.com\/it\/settembre-cpi-leggermente-piu-del-previsto-dice-ministro-delleconomia\/","title":{"rendered":"Settembre CPI leggermente pi\u00f9 del previsto, dice ministro dell\u2019economia"},"content":{"rendered":"<p><strong>Il CPI a dodici mesi di settembre, al 3,8%, ha leggermente superato le aspettative, ha detto venerd\u00ec il ministro delle Finanze Mih\u00e1ly Varga.<\/strong><\/p>\n<p>L&#8217;inflazione sta ricomparendo, ma ci\u00f2 non ha modificato in modo significativo il margine di manovra della politica monetaria, ha affermato Varga, intervenendo venerd\u00ec a una conferenza internazionale organizzata dall&#8217;assicuratore Groupama a Budapest.<\/p>\n<blockquote>\n<p>\u201cUn&#8217;economia pu\u00f2 vivere comodamente con un&#8217;inflazione di circa il 3 per cento, questo non pone un problema\u201d, ha aggiunto.<\/p>\n<\/blockquote>\n<p>La crescita economica ha creato la possibilit\u00e0 per l&#8217;Ungheria di recuperare o addirittura superare il PIL medio pro capite, calcolato sul potere d&#8217;acquisto, dell&#8217;Unione Europea, ha detto Varga.<\/p>\n<p>La crescita economica ha raggiunto il 5% annuo nel terzo trimestre, necessario per attuare gli ambiziosi piani di sviluppo, ha affermato.<\/p>\n<blockquote>\n<p>Il tasso di disoccupazione \u00e8 sceso al 3,6% in Ungheria e la nuova sfida \u00e8 la carenza di manodopera in alcuni settori<\/p>\n<\/blockquote>\n<p>il ministro ha detto Ha aggiunto, tuttavia, che c&#8217;\u00e8 una riserva nella riqualificazione dei disoccupati, nell&#8217;assunzione di donne e anziani e nell&#8217;aiutare i lavoratori affidati a passare al vero e proprio <a href=\"https:\/\/dailynewshungary.com\/it\/la-grande-rapina-al-treno-britannico-come-una-banda-di-15-uomini-rubo-26-milioni-di-sterline-nel-1963\/\" target=\"_blank\" rel=\"noopener\">mercato del lavoro<\/a>.<\/p>\n<blockquote>\n<p>L&#8217;Ungheria si sta concentrando sulla tassazione dei consumi e sta riducendo le tasse sul reddito e sulle imposte sui salari, ha detto, sottolineando l&#8217;imposta sulle societ\u00e0 del 9%.<\/p>\n<\/blockquote>\n<p>Il deficit di bilancio \u00e8 stato ridotto al di sotto del 3% del PIL, in linea con i requisiti dell\u2019UE e il governo mira a un equilibrio di bilancio, ha affermato.<\/p>\n<p style=\"text-align: center;\">[pulsante link=\u201dhttps:\/\/dailynewshungary.com\/tag\/economy\/\u201d type=\u201dbig\u201d color=\u201d\u201d newwindow=\u201dyes\u201d] Leggi altre notizie su ECONOMIA UNGHERESE[\/button]<\/p>\n","protected":false},"excerpt":{"rendered":"<p>Il CPI a dodici mesi di settembre, al 3,8%, ha leggermente superato le aspettative, ha detto venerd\u00ec il ministro delle Finanze Mih\u00e1ly Varga. L&#8217;inflazione sta ricomparendo, ma ci\u00f2 non ha modificato in modo significativo il margine di manovra della politica monetaria, ha affermato Varga, intervenendo venerd\u00ec a una conferenza internazionale organizzata dall&#8217;assicuratore Groupama a Budapest. [&hellip;]<\/p>\n","protected":false},"author":2,"featured_media":699233,"comment_status":"open","ping_status":"open","sticky":false,"template":"","format":"standard","meta":{"_display_image":"","footnotes":""},"categories":[1314],"tags":[1279,1364,1132,1248,1318],"class_list":["post-699232","post","type-post","status-publish","format-standard","has-post-thumbnail","hentry","category-economia-in-ungheria","tag-bilancio","tag-carenza-di-manodopera","tag-economia","tag-mercato-del-lavoro","tag-tasse"],"blocksy_meta":[],"author_username":"alk","telegram_post":"","public_post_metadata":{"breaking_news":"","important":"","csempe":"","center_tile":"","disable_thumbnail":"","target_lang":"","_featured_image_style":"","telegram_post":"","_xlat_group_id":""},"public_rank_math_data":{"title":"%titolo% %sep% %nomesito%","description":"","focus_keyword":"","canonical_url":"","robots":"","primary_category":"1314","breadcrumb_title":"","facebook_title":"","facebook_description":"","facebook_image":"","facebook_image_id":"","twitter_title":"","twitter_description":"","twitter_image":"","twitter_image_id":"","twitter_card_type":"","twitter_use_facebook":"","advanced_robots":"","pillar_content":"","seo_score":"","contentai_score":"","rich_snippet":""},"_links":{"self":[{"href":"https:\/\/dailynewshungary.com\/it\/wp-json\/wp\/v2\/posts\/699232","targetHints":{"allow":["GET"]}}],"collection":[{"href":"https:\/\/dailynewshungary.com\/it\/wp-json\/wp\/v2\/posts"}],"about":[{"href":"https:\/\/dailynewshungary.com\/it\/wp-json\/wp\/v2\/types\/post"}],"author":[{"embeddable":true,"href":"https:\/\/dailynewshungary.com\/it\/wp-json\/wp\/v2\/users\/2"}],"replies":[{"embeddable":true,"href":"https:\/\/dailynewshungary.com\/it\/wp-json\/wp\/v2\/comments?post=699232"}],"version-history":[{"count":0,"href":"https:\/\/dailynewshungary.com\/it\/wp-json\/wp\/v2\/posts\/699232\/revisions"}],"wp:featuredmedia":[{"embeddable":true,"href":"https:\/\/dailynewshungary.com\/it\/wp-json\/wp\/v2\/media\/699233"}],"wp:attachment":[{"href":"https:\/\/dailynewshungary.com\/it\/wp-json\/wp\/v2\/media?parent=699232"}],"wp:term":[{"taxonomy":"category","embeddable":true,"href":"https:\/\/dailynewshungary.com\/it\/wp-json\/wp\/v2\/categories?post=699232"},{"taxonomy":"post_tag","embeddable":true,"href":"https:\/\/dailynewshungary.com\/it\/wp-json\/wp\/v2\/tags?post=699232"}],"curies":[{"name":"wp","href":"https:\/\/api.w.org\/{rel}","templated":true}]}}