{"id":699327,"date":"2018-11-14T10:35:41","date_gmt":"2018-11-14T09:35:41","guid":{"rendered":"https:\/\/dailynewshungary.com\/it\/ungheria-e-polonia-legate-da-vera-amicizia\/"},"modified":"2018-11-14T10:35:41","modified_gmt":"2018-11-14T09:35:41","slug":"ungheria-e-polonia-legate-da-vera-amicizia","status":"publish","type":"post","link":"https:\/\/dailynewshungary.com\/it\/ungheria-e-polonia-legate-da-vera-amicizia\/","title":{"rendered":"Ungheria e Polonia legate da vera amicizia"},"content":{"rendered":"<p><strong>Ungheria e Polonia oggi continuano ad essere legate da una vera amicizia ed entrambi i paesi possono contare sul sostegno incondizionato dell&#8217;altro, ha detto marted\u00ec il ministro degli Esteri P\u00e9ter Szijj\u00e1rt\u00f3 durante una celebrazione in occasione del centenario dell&#8217;indipendenza della Polonia a Budapest.<\/strong><\/p>\n<p>All&#8217;evento tenutosi al Museo delle Belle Arti, il ministro della Giustizia ungherese L\u00e1szl\u00f3 Tr\u00f3cs\u00e1nyi e il sindaco di Budapest Istv\u00e1n Tarl\u00f3s sono stati decorati con l&#8217;Ordine al Merito della Repubblica di Polonia, Croce di Comandante.<\/p>\n<p>Zsolt N\u00e9meth, capo della commissione per gli affari esteri del parlamento, \u00e8 stato decorato con la Croce dell&#8217;Ufficiale e Rich\u00e1rd Horcsik, capo della commissione per gli affari europei, con la Croce di Cavaliere.<\/p>\n<blockquote>\n<p><span style=\"color: #0000ff;\">Nel suo discorso programmatico, Szijj\u00e1rt\u00f3 ha detto <a href=\"https:\/\/dailynewshungary.com\/it\/ungheria-polonia-legata-con-amicizia-incondizionata-dice-ministro-degli-esteri-ungherese\/\" target=\"_blank\" rel=\"noopener\">Ungheresi e polacchi erano ben consapevoli di cosa significasse lottare per la libert\u00e0 e potevano quindi apprezzarla<\/a>.\u201cE insistiamo su di esso in ogni circostanza,\u201d ha detto il ministro.<\/span><\/p>\n<\/blockquote>\n<p>Szijj\u00e1rt\u00f3 ha detto che il suo Paese ha dovuto lottare per la propria libert\u00e0 molte volte nel corso della sua storia. L&#8217;Ungheria apprezza e valorizza la libert\u00e0, \u201c \u00e8 una vera nazione di combattenti per la libert\u00e0, ha detto\u201d Szijj\u00e1rt\u00f3. Ha aggiunto che lo stesso vale per la Polonia.<\/p>\n<p>La Polonia \u00e8 diventata indipendente 100 anni fa e gli ungheresi sono sempre stati l\u00ec per fare la loro parte nelle lotte per la libert\u00e0 della Polonia, ha detto.<\/p>\n<blockquote>\n<p><span style=\"color: #0000ff;\">Entrambe le nazioni possono ora definirsi libere, entrambi i paesi sono indipendenti, ma \u201cle tempeste della storia non si stanno ancora calmando, infatti le onde stanno raggiungendo una\u201d sempre pi\u00f9 alta, ha detto Szijj\u00e1rt\u00f3.<\/span><\/p>\n<\/blockquote>\n<p>Ha detto che questo era il motivo <a href=\"https:\/\/dailynewshungary.com\/it\/come-veramente-lamicizia-polacco-ungarica\/\" target=\"_blank\" rel=\"noopener\">Ungheria e Polonia hanno dovuto rafforzare la loro amicizia<\/a>. Entrambi i paesi sono alla fine di attacchi severi, ha insistito il ministro Sono attaccati da coloro che vogliono stabilire un \u201cunited stati di Europe\u201d, per cambiare la composizione della popolazione europea e spostare l&#8217;Europa in un \u201cpost-nazionale e post-cristiano period\u201d, ha detto Coloro che attaccano la Polonia e l&#8217;Ungheria vogliono anche che gli europei dimentichino le loro identit\u00e0 nazionali e tradizioni religiose e culturali, ha detto Szijj\u00e1rt\u00f3.<\/p>\n<blockquote>\n<p><span style=\"color: #0000ff;\">\u201cMa resisteremo,\u201d ha detto il ministro. \u201cSiamo sempre state nazioni europee, abbiamo sempre desiderato un&#8217;Europa forte, ma un&#8217;Europa di nazioni forti piuttosto che una di nazioni subordinate.\u201d<\/span><\/p>\n<\/blockquote>\n<p>\u201cAbbiamo un&#8217;opinione e la esprimeremo sempre, ha detto\u201d Szijj\u00e1rt\u00f3. \u201cPossiamo perch\u00e9 abbiamo le prestazioni per sostenerla, come dimostra la situazione economica e di sicurezza.\u201d<\/p>\n<p>Jerzy Snopek, ambasciatore della Polonia in Ungheria, ha detto che tutti gli europei sapevano che erano passati 100 anni dalla fine della prima guerra mondiale Questo anniversario \u00e8 particolarmente importante per i polacchi, ha detto l&#8217;ambasciatore, perch\u00e9 \u00e8 stato 100 anni fa che hanno riconquistato la loro indipendenza, rendendo il sogno di diverse generazioni una realt\u00e0.<\/p>\n<p><em>Immagine in primo piano: www.facebook.com\/Lengyel-magyar bar\u00e1ts\u00e1g<\/em><\/p>\n","protected":false},"excerpt":{"rendered":"<p>Ungheria e Polonia oggi continuano ad essere legate da una vera amicizia ed entrambi i paesi possono contare sul sostegno incondizionato dell&#8217;altro, ha detto marted\u00ec il ministro degli Esteri P\u00e9ter Szijj\u00e1rt\u00f3 durante una celebrazione in occasione del centenario dell&#8217;indipendenza della Polonia a Budapest. All&#8217;evento tenutosi al Museo delle Belle Arti, il ministro della Giustizia ungherese [&hellip;]<\/p>\n","protected":false},"author":7,"featured_media":699328,"comment_status":"open","ping_status":"open","sticky":false,"template":"","format":"standard","meta":{"_display_image":"","footnotes":""},"categories":[1185],"tags":[1299,1327,1144,1223],"class_list":["post-699327","post","type-post","status-publish","format-standard","has-post-thumbnail","hentry","category-politica-in-ungheria","tag-anniversario","tag-commemorazione","tag-polonia","tag-storia"],"blocksy_meta":[],"author_username":"Szandi","telegram_post":"","public_post_metadata":{"breaking_news":"","important":"","csempe":"","center_tile":"","disable_thumbnail":"","target_lang":"","_featured_image_style":"","telegram_post":"","_xlat_group_id":""},"public_rank_math_data":{"title":"%titolo% %sep% %nomesito%","description":"","focus_keyword":"","canonical_url":"","robots":"","primary_category":"1185","breadcrumb_title":"","facebook_title":"","facebook_description":"","facebook_image":"","facebook_image_id":"","twitter_title":"","twitter_description":"","twitter_image":"","twitter_image_id":"","twitter_card_type":"","twitter_use_facebook":"","advanced_robots":"","pillar_content":"","seo_score":"","contentai_score":"","rich_snippet":""},"_links":{"self":[{"href":"https:\/\/dailynewshungary.com\/it\/wp-json\/wp\/v2\/posts\/699327","targetHints":{"allow":["GET"]}}],"collection":[{"href":"https:\/\/dailynewshungary.com\/it\/wp-json\/wp\/v2\/posts"}],"about":[{"href":"https:\/\/dailynewshungary.com\/it\/wp-json\/wp\/v2\/types\/post"}],"author":[{"embeddable":true,"href":"https:\/\/dailynewshungary.com\/it\/wp-json\/wp\/v2\/users\/7"}],"replies":[{"embeddable":true,"href":"https:\/\/dailynewshungary.com\/it\/wp-json\/wp\/v2\/comments?post=699327"}],"version-history":[{"count":0,"href":"https:\/\/dailynewshungary.com\/it\/wp-json\/wp\/v2\/posts\/699327\/revisions"}],"wp:featuredmedia":[{"embeddable":true,"href":"https:\/\/dailynewshungary.com\/it\/wp-json\/wp\/v2\/media\/699328"}],"wp:attachment":[{"href":"https:\/\/dailynewshungary.com\/it\/wp-json\/wp\/v2\/media?parent=699327"}],"wp:term":[{"taxonomy":"category","embeddable":true,"href":"https:\/\/dailynewshungary.com\/it\/wp-json\/wp\/v2\/categories?post=699327"},{"taxonomy":"post_tag","embeddable":true,"href":"https:\/\/dailynewshungary.com\/it\/wp-json\/wp\/v2\/tags?post=699327"}],"curies":[{"name":"wp","href":"https:\/\/api.w.org\/{rel}","templated":true}]}}