{"id":699406,"date":"2018-11-11T11:00:36","date_gmt":"2018-11-11T10:00:36","guid":{"rendered":"https:\/\/dailynewshungary.com\/it\/mupa-winter-open-air-2018-luci-pista-di-pattinaggio-e-un-mucchio-di-programmi-invernali-speciali\/"},"modified":"2018-11-11T11:00:36","modified_gmt":"2018-11-11T10:00:36","slug":"mupa-winter-open-air-2018-luci-pista-di-pattinaggio-e-un-mucchio-di-programmi-invernali-speciali","status":"publish","type":"post","link":"https:\/\/dailynewshungary.com\/it\/mupa-winter-open-air-2018-luci-pista-di-pattinaggio-e-un-mucchio-di-programmi-invernali-speciali\/","title":{"rendered":"M\u00fcpa Winter Open Air 2018: luci, pista di pattinaggio e un mucchio di programmi invernali speciali"},"content":{"rendered":"<p><strong>Dal 2 dicembre di quest&#8217;anno, per la terza volta, M\u00fcpa Winter Open Air, con le sue luci, la pista di pattinaggio e un mucchio di programmi invernali speciali, dar\u00e0 il suo contributo per far sintonizzare tutti sull&#8217;atmosfera festiva delle vacanze di Natale. <\/strong><\/p>\n<blockquote>\n<p>La tenda di M\u00fcpa, invece, attender\u00e0 il pubblico con una nuova produzione, un affascinante racconto invernale di Recirquel, la compagnia di circo contemporaneo di fama mondiale.<\/p>\n<\/blockquote>\n<p>Il direttore artistico dell&#8217;ensemble Bence V\u00e1gi evoca un racconto invernale nella tenda di M\u00fcpa dove, con l&#8217;aiuto di speciali oggetti di scena, un paese delle meraviglie ghiacciato prender\u00e0 vita davanti agli occhi del pubblico. Non ci saranno sedie circolari non convenzionali. teatro nook e cranny, inclusa la parte del pubblico della produzione Grazie al palco speciale, gli artisti si avvicineranno pi\u00f9 che mai al pubblico, a volte a un braccio di distanza.<\/p>\n<blockquote>\n<p>La pi\u00e8ce, intitolata Crystal, verr\u00e0 rappresentata due volte al giorno nella Tenda di M\u00fcpa tra l&#8217;8 e il 31 dicembre, sedici volte in totale.<\/p>\n<\/blockquote>\n<p>Le classi che partecipano al programma della scuola partner di M\u00fcpa possono vedere questa produzione speciale a volte loro riservata, a quote d&#8217;ingresso appositamente scontate Oltre alla performance di Recirquel, ci saranno concerti di musica jazz e popolare cos\u00ec come programmi per famiglie e giovani per rendere la stagione un&#8217;esperienza indimenticabile per tutte le fasce d&#8217;et\u00e0 Oltre ai programmi, una pista di pattinaggio dove tutti possono fare un giro gratis, e buffet &#8216;h\u00fctte&#8217; con un&#8217;atmosfera invernale festosa attenderanno i visitatori ogni giorno tra le 14:00 e le 20:00 dal 2 dicembre.<\/p>\n<p style=\"text-align: center;\">&nbsp;<iframe loading=\"lazy\" style=\"border: 0;\" src=\"https:\/\/www.google.com\/maps\/embed?pb=!1m18!1m12!1m3!1d122005.76539474538!2d18.964420485319973!3d47.49083634280891!2m3!1f0!2f0!3f0!3m2!1i1024!2i768!4f13.1!3m3!1m2!1s0x4741dd0465ecf6e7%3A0xee3ff161f73bf5d8!2zTcWxdsOpc3pldGVrIFBhbG90w6FqYQ!5e0!3m2!1shu!2shu!4v1541675668059\" width=\"800\" height=\"650\" frameborder=\"0\" allowfullscreen=\"allowfullscreen\"><span data-mce-type=\"bookmark\" style=\"display: blocco in linea; larghezza: 0px; overflow: nascosto; altezza-linea: 0;\" class=\"mce_SELRES_start\"> <\/span><\/iframe><\/p>\n","protected":false},"excerpt":{"rendered":"<p>Dal 2 dicembre di quest&#8217;anno, per la terza volta, M\u00fcpa Winter Open Air, con le sue luci, la pista di pattinaggio e un mucchio di programmi invernali speciali, dar\u00e0 il suo contributo per far sintonizzare tutti sull&#8217;atmosfera festiva delle vacanze di Natale. La tenda di M\u00fcpa, invece, attender\u00e0 il pubblico con una nuova produzione, un [&hellip;]<\/p>\n","protected":false},"author":88,"featured_media":699407,"comment_status":"open","ping_status":"open","sticky":false,"template":"","format":"standard","meta":{"_display_image":"","footnotes":""},"categories":[1304],"tags":[1158,1307,1161,1596],"class_list":["post-699406","post","type-post","status-publish","format-standard","has-post-thumbnail","hentry","category-cultura-in-ungheria","tag-budapest","tag-evento","tag-musica","tag-natale"],"blocksy_meta":[],"author_username":"alpar.kato","telegram_post":"","public_post_metadata":{"breaking_news":"","important":"","csempe":"","center_tile":"","disable_thumbnail":"","target_lang":"","_featured_image_style":"","telegram_post":"","_xlat_group_id":""},"public_rank_math_data":{"title":"%titolo% %sep% %nomesito%","description":"","focus_keyword":"","canonical_url":"","robots":"","primary_category":"1304","breadcrumb_title":"","facebook_title":"","facebook_description":"","facebook_image":"","facebook_image_id":"","twitter_title":"","twitter_description":"","twitter_image":"","twitter_image_id":"","twitter_card_type":"","twitter_use_facebook":"","advanced_robots":"","pillar_content":"","seo_score":"","contentai_score":"","rich_snippet":""},"_links":{"self":[{"href":"https:\/\/dailynewshungary.com\/it\/wp-json\/wp\/v2\/posts\/699406","targetHints":{"allow":["GET"]}}],"collection":[{"href":"https:\/\/dailynewshungary.com\/it\/wp-json\/wp\/v2\/posts"}],"about":[{"href":"https:\/\/dailynewshungary.com\/it\/wp-json\/wp\/v2\/types\/post"}],"author":[{"embeddable":true,"href":"https:\/\/dailynewshungary.com\/it\/wp-json\/wp\/v2\/users\/88"}],"replies":[{"embeddable":true,"href":"https:\/\/dailynewshungary.com\/it\/wp-json\/wp\/v2\/comments?post=699406"}],"version-history":[{"count":0,"href":"https:\/\/dailynewshungary.com\/it\/wp-json\/wp\/v2\/posts\/699406\/revisions"}],"wp:featuredmedia":[{"embeddable":true,"href":"https:\/\/dailynewshungary.com\/it\/wp-json\/wp\/v2\/media\/699407"}],"wp:attachment":[{"href":"https:\/\/dailynewshungary.com\/it\/wp-json\/wp\/v2\/media?parent=699406"}],"wp:term":[{"taxonomy":"category","embeddable":true,"href":"https:\/\/dailynewshungary.com\/it\/wp-json\/wp\/v2\/categories?post=699406"},{"taxonomy":"post_tag","embeddable":true,"href":"https:\/\/dailynewshungary.com\/it\/wp-json\/wp\/v2\/tags?post=699406"}],"curies":[{"name":"wp","href":"https:\/\/api.w.org\/{rel}","templated":true}]}}