{"id":699408,"date":"2018-11-11T10:01:31","date_gmt":"2018-11-11T09:01:31","guid":{"rendered":"https:\/\/dailynewshungary.com\/it\/socialisti-parbeszed-a-candidarsi-per-le-elezioni-del-parlamento-europeo\/"},"modified":"2018-11-11T10:01:31","modified_gmt":"2018-11-11T09:01:31","slug":"socialisti-parbeszed-a-candidarsi-per-le-elezioni-del-parlamento-europeo","status":"publish","type":"post","link":"https:\/\/dailynewshungary.com\/it\/socialisti-parbeszed-a-candidarsi-per-le-elezioni-del-parlamento-europeo\/","title":{"rendered":"Socialisti, P\u00e1rbesz\u00e9d a candidarsi per le elezioni del Parlamento europeo"},"content":{"rendered":"<p><strong>I partiti di opposizione Socialist e P\u00e1rbesz\u00e9d creeranno una lista comune per le elezioni parlamentari europee del prossimo maggio, ha detto sabato il leader del Partito socialista.<\/strong><\/p>\n<blockquote>\n<p>\u201cLa maggioranza degli ungheresi vuole che l&#8217;Ungheria rimanga membro della <a href=\"https:\/\/dailynewshungary.com\/it\/la-grande-rapina-al-treno-britannico-come-una-banda-di-15-uomini-rubo-26-milioni-di-sterline-nel-1963\/\" target=\"_blank\" rel=\"noopener\">Unione europea<\/a>,\u201d<\/p>\n<\/blockquote>\n<p>Bertalan T\u00f3th ha detto in una conferenza stampa a margine della riunione dell&#8217;assemblea del partito.<\/p>\n<p>T\u00f3th ha detto che i due partiti si batteranno per limitare l&#8217;influenza delle forze politiche che lavorano per disintegrare l&#8217;UE sulle decisioni del blocco.<\/p>\n<blockquote>\n<p>Gergely Kar\u00e1csony, co-leader di P\u00e1rbesz\u00e9d, ha accolto con favore la straordinaria conferma del sostegno dell&#8217;assemblea socialista a una lista elettorale congiunta.<\/p>\n<\/blockquote>\n<p>P\u00e1rbesz\u00e9d discuter\u00e0 una proposta su una lista congiunta in una riunione del partito domenica, ha detto Kar\u00e1csony, aggiungendo che sosterr\u00e0 che il partito continui la sua partnership con il partito <a href=\"https:\/\/dailynewshungary.com\/it\/la-grande-rapina-al-treno-britannico-come-una-banda-di-15-uomini-rubo-26-milioni-di-sterline-nel-1963\/\" target=\"_blank\" rel=\"noopener\">Socialisti<\/a>.<\/p>\n","protected":false},"excerpt":{"rendered":"<p>I partiti di opposizione Socialist e P\u00e1rbesz\u00e9d creeranno una lista comune per le elezioni parlamentari europee del prossimo maggio, ha detto sabato il leader del Partito socialista. \u201cLa maggioranza degli ungheresi vuole che l&#8217;Ungheria rimanga membro della Unione europea,\u201d Bertalan T\u00f3th ha detto in una conferenza stampa a margine della riunione dell&#8217;assemblea del partito. T\u00f3th [&hellip;]<\/p>\n","protected":false},"author":88,"featured_media":699409,"comment_status":"open","ping_status":"open","sticky":false,"template":"","format":"standard","meta":{"_display_image":"","footnotes":""},"categories":[1185],"tags":[1539,1953,1548,1075],"class_list":["post-699408","post","type-post","status-publish","format-standard","has-post-thumbnail","hentry","category-politica-in-ungheria","tag-dialogo-per-lungheria","tag-elezioni-ep-2019","tag-socialisti","tag-unione-europea"],"blocksy_meta":[],"author_username":"alpar.kato","telegram_post":"","public_post_metadata":{"breaking_news":"","important":"","csempe":"","center_tile":"","disable_thumbnail":"","target_lang":"","_featured_image_style":"","telegram_post":"","_xlat_group_id":""},"public_rank_math_data":{"title":"%titolo% %sep% %nomesito%","description":"","focus_keyword":"","canonical_url":"","robots":"","primary_category":"1185","breadcrumb_title":"","facebook_title":"","facebook_description":"","facebook_image":"","facebook_image_id":"","twitter_title":"","twitter_description":"","twitter_image":"","twitter_image_id":"","twitter_card_type":"","twitter_use_facebook":"","advanced_robots":"","pillar_content":"","seo_score":"","contentai_score":"","rich_snippet":""},"_links":{"self":[{"href":"https:\/\/dailynewshungary.com\/it\/wp-json\/wp\/v2\/posts\/699408","targetHints":{"allow":["GET"]}}],"collection":[{"href":"https:\/\/dailynewshungary.com\/it\/wp-json\/wp\/v2\/posts"}],"about":[{"href":"https:\/\/dailynewshungary.com\/it\/wp-json\/wp\/v2\/types\/post"}],"author":[{"embeddable":true,"href":"https:\/\/dailynewshungary.com\/it\/wp-json\/wp\/v2\/users\/88"}],"replies":[{"embeddable":true,"href":"https:\/\/dailynewshungary.com\/it\/wp-json\/wp\/v2\/comments?post=699408"}],"version-history":[{"count":0,"href":"https:\/\/dailynewshungary.com\/it\/wp-json\/wp\/v2\/posts\/699408\/revisions"}],"wp:featuredmedia":[{"embeddable":true,"href":"https:\/\/dailynewshungary.com\/it\/wp-json\/wp\/v2\/media\/699409"}],"wp:attachment":[{"href":"https:\/\/dailynewshungary.com\/it\/wp-json\/wp\/v2\/media?parent=699408"}],"wp:term":[{"taxonomy":"category","embeddable":true,"href":"https:\/\/dailynewshungary.com\/it\/wp-json\/wp\/v2\/categories?post=699408"},{"taxonomy":"post_tag","embeddable":true,"href":"https:\/\/dailynewshungary.com\/it\/wp-json\/wp\/v2\/tags?post=699408"}],"curies":[{"name":"wp","href":"https:\/\/api.w.org\/{rel}","templated":true}]}}